{"id":11712497,"date":"2021-02-19T08:42:00","date_gmt":"2021-02-19T12:42:00","guid":{"rendered":"http:\/\/www.corumbaonline.com.br\/news\/?p=11712497"},"modified":"2021-02-19T09:40:08","modified_gmt":"2021-02-19T13:40:08","slug":"camara-indica-que-vai-manter-prisao-de-daniel-silveira","status":"publish","type":"post","link":"https:\/\/www.corumbaonline.com.br\/news\/camara-indica-que-vai-manter-prisao-de-daniel-silveira\/","title":{"rendered":"C\u00e2mara indica que vai manter pris\u00e3o de Daniel Silveira"},"content":{"rendered":"<p>A C\u00e2mara vai decidir nesta sexta-feira, 19, o destino do deputado Daniel Silveira (PSL-RJ) e tudo indica que manter\u00e1 a pris\u00e3o decretada pelo ministro do Supremo Tribunal Federal Alexandre de Moraes, na noite de ter\u00e7a-feira, 16, depois que o parlamentar divulgou um v\u00eddeo com amea\u00e7as e ofensas aos integrantes da Corte. L\u00edderes de pelo menos sete partidos, at\u00e9 mesmo do Centr\u00e3o, grupo aliado ao presidente Jair Bolsonaro, confirmaram a orienta\u00e7\u00e3o \u00e0s bancadas para votar contra Silveira e enviar o caso ao Conselho de \u00c9tica.<\/p>\n<p>O presidente da C\u00e2mara, Arthur Lira (Progressistas-AL), se reuniu com Bolsonaro, no Pal\u00e1cio do Alvorada, e o avisou que a tend\u00eancia da Casa ser\u00e1 rifar Silveira porque a maioria n\u00e3o quer comprar briga com o Supremo. Alvo de outros dois inqu\u00e9ritos, como o que investiga a dissemina\u00e7\u00e3o de fake news e os atos antidemocr\u00e1ticos, o aliado bolsonarista pode ser cassado.<\/p>\n<p>&#8220;Reputo esse caso como absolutamente fora da curva e espero que tenha tratamento correto&#8221;, disse Lira, na noite desta quinta, 18, ap\u00f3s se reunir com o presidente do Supremo, Luiz Fux, ao lado do presidente do Senado, Rodrigo Pacheco (DEM-MG). &#8220;H\u00e1 um ambiente de paz e de busca de consenso&#8221;, emendou Pacheco. Ministros do STF receberam sinais de que a C\u00e2mara manter\u00e1 Silveira na cadeia.<\/p>\n<p>A sess\u00e3o de hoje est\u00e1 marcada para as 17h e a vota\u00e7\u00e3o deve ser nominal. Para que a pris\u00e3o do deputado seja confirmada pela Casa s\u00e3o necess\u00e1rios 257 votos (maioria absoluta dos 513 deputados). O rev\u00e9s para o aliado de Bolsonaro ficou claro na longa reuni\u00e3o de l\u00edderes partid\u00e1rios com Lira, na tarde de ontem. &#8220;Nossa bancada ter\u00e1 ampla maioria para manter a pris\u00e3o&#8221;, disse o presidente do Republicanos, Marcos Pereira (SP), aliado de Lira e Bolsonaro.<\/p>\n<p class=\"text\">A pr\u00f3pria Mesa Diretora da C\u00e2mara protocolou representa\u00e7\u00e3o contra Silveira no Conselho de \u00c9tica, na qual pede a perda de mandato do deputado, sob o argumento de que ele quebrou o decoro ao publicar v\u00eddeo nas redes sociais atacando a honra dos ministros do STF e fazendo apologia do AI-5, o mais duro ato da ditadura militar.<\/p>\n<p class=\"text\"><b>Audi\u00eancia<\/b><\/p>\n<p class=\"text\">Ap\u00f3s Moraes determinar a pris\u00e3o em flagrante de Silveira, outros cap\u00edtulos contribu\u00edram para que at\u00e9 aliados do parlamentar come\u00e7assem a mudar o tom. Por 11 votos a zero, o plen\u00e1rio do Supremo decidiu manter a pris\u00e3o do deputado nesta quarta, 17. Al\u00e9m disso, uma audi\u00eancia de cust\u00f3dia com Silveira, ontem, indicou que ele deve continuar atr\u00e1s das grades.<\/p>\n<p class=\"text\">O juiz A\u00edrton Vieira, que atua no gabinete de Moraes, resolveu manter Silveira preso ao menos at\u00e9 um pronunciamento oficial da C\u00e2mara. \u00c0 noite, o deputado foi transferido da Superintend\u00eancia da Pol\u00edcia Federal, no Rio, para o Batalh\u00e3o Especial Prisional da Pol\u00edcia Militar. Antes de sua transfer\u00eancia, a PF apreendeu dois celulares de Silveira na sala da superintend\u00eancia em que ele estava detido (mais informa\u00e7\u00f5es nesta p\u00e1gina).<\/p>\n<p class=\"text\">O\u00a0<b>Estad\u00e3o<\/b>\u00a0apurou que esse fato pode dificultar ainda mais o relaxamento da pris\u00e3o. Durante a audi\u00eancia, Silveira adotou tom que contrasta com suas declara\u00e7\u00f5es contra o STF no v\u00eddeo postado nas redes. &#8220;No meu entendimento, com todo o respeito \u00e0 magistratura e \u00e0 decis\u00e3o do senhor ministro (Alexandre de Moraes), tenho para mim que a situa\u00e7\u00e3o reputada como flagrante, assim n\u00e3o poderia t\u00ea-lo sido&#8221;, disse Silveira.<\/p>\n<p class=\"text\">No v\u00eddeo, por\u00e9m, o deputado n\u00e3o economizou nos ataques. &#8220;Suprema Corte \u00e9 o cacete. Na minha opini\u00e3o, voc\u00eas j\u00e1 deveriam ter sido destitu\u00eddos do posto de voc\u00eas e uma nova nomea\u00e7\u00e3o convocada e feita de 11 novos ministros. Voc\u00eas nunca mereceram estar a\u00ed&#8221;, afirmou ele, na ocasi\u00e3o, defendendo a cassa\u00e7\u00e3o de pelo menos um integrante da Corte. &#8220;Tudo que eu quero. Um ministro cassado. Para os outros 10 idiotas pensarem &#8216;P\u00f4, n\u00e3o sou mais intoc\u00e1vel&#8217;.&#8221;<\/p>\n<p class=\"text\">Como o<em>\u00a0Estad\u00e3o<\/em>\u00a0revelou, a vota\u00e7\u00e3o un\u00e2nime no Supremo e a den\u00fancia da Procuradoria-Geral da Rep\u00fablica for\u00e7aram Lira e outros aliados ao governo a rever a estrat\u00e9gia esbo\u00e7ada anteriormente para tentar livrar Silveira da cadeia. O presidente da C\u00e2mara, que passou o dia em reuni\u00f5es, tem usado a necessidade de votar projetos da agenda econ\u00f4mica como justificativa para resolver rapidamente o imbr\u00f3glio pol\u00edtico. Esse foi um dos temas da conversa de Lira e Pacheco, ontem, com o ministro da Economia, Paulo Guedes (mais informa\u00e7\u00f5es nesta p\u00e1gina).<\/p>\n<p class=\"text\">Nas redes, por\u00e9m, bolsonaristas intensificaram os ataques ao STF. O pastor Silas Malafaia amea\u00e7ou fazer campanha contra integrantes da bancada evang\u00e9lica que votarem pela manuten\u00e7\u00e3o da pris\u00e3o. &#8220;Deputado evang\u00e9lico que votar em favor dessa aberra\u00e7\u00e3o de manter um deputado preso por suas falas vou denunciar, para nunca mais ser votado por n\u00f3s.&#8221;<\/p>\n<p class=\"text\"><b>PF encontra dois celulares<\/b><\/p>\n<p class=\"text\">A Pol\u00edcia Federal encontrou dois celulares na sala em que o deputado federal Daniel Silveira (PSL) ficou preso nas noites de ter\u00e7a e anteontem. De acordo com a PF, um dos aparelhos foi o mesmo que havia sido apreendido durante o cumprimento do mandado de pris\u00e3o. O ministro Alexandre de Moraes, que assinou o mandado, j\u00e1 foi informado sobre os celulares na pris\u00e3o. Um inqu\u00e9rito foi instaurado para investigar como e quem entregou os celulares ao deputado.<\/p>\n<p class=\"text\">No dia seguinte \u00e0 pris\u00e3o, o advogado Andr\u00e9 Rios, que representa o deputado, negou que ele estivesse com um celular e realizando postagens na internet. Sua conta no Twitter, no entanto, tem sido movimentada mesmo ap\u00f3s sua pris\u00e3o. &#8220;O celular dele est\u00e1 com a assessoria, eles que fazem as postagens&#8221;, afirmou Rios, que tamb\u00e9m n\u00e3o v\u00ea problemas em eventuais publica\u00e7\u00f5es soarem como provoca\u00e7\u00e3o. Silveira foi transferido da Superintend\u00eancia da PF para a Unidade Prisional da Pol\u00edcia Militar do Rio. \/ F\u00c1BIO GRELLET e SAMUEL COSTA<\/p>\n<p class=\"text\"><b>DOIS TONS DE SILVEIRA<\/b><\/p>\n<p class=\"text\"><b>Antes da pris\u00e3o<\/b><\/p>\n<p class=\"text\">&#8220;T\u00f4 sendo o qu\u00ea, ogro? Ah, t\u00f4 sendo tosco? O que que voc\u00ea espera? Que eu seja o qu\u00ea? Que eu tenha um tipo de comportamento adequado para tratar a Vossa Excel\u00eancia? \u00c9 claro que eu n\u00e3o vou ter.. cagando e andando para voc\u00eas.&#8221;<\/p>\n<p class=\"text\"><b>Depois da pris\u00e3o (em audi\u00eancia de cust\u00f3dia)<\/b><\/p>\n<p class=\"text\">&#8220;No meu entendimento, com todo o respeito \u00e0 magistratura e \u00e0 decis\u00e3o do senhor Ministro, tenho para mim que a situa\u00e7\u00e3o reputada como flagrante, assim n\u00e3o poderia t\u00ea-lo sido, entendo, com todo respeito reiterado que n\u00e3o est\u00e1vamos diante de uma situa\u00e7\u00e3o de flagrante.&#8221;<\/p>\n","protected":false},"excerpt":{"rendered":"<p>A C\u00e2mara vai decidir nesta sexta-feira, 19, o destino do deputado Daniel Silveira (PSL-RJ) e&#8230;<\/p>\n","protected":false},"author":11,"featured_media":0,"comment_status":"closed","ping_status":"closed","sticky":false,"template":"","format":"standard","meta":{"footnotes":""},"categories":[19],"tags":[],"class_list":["post-11712497","post","type-post","status-publish","format-standard","hentry","category-politica"],"_links":{"self":[{"href":"https:\/\/www.corumbaonline.com.br\/news\/wp-json\/wp\/v2\/posts\/11712497","targetHints":{"allow":["GET"]}}],"collection":[{"href":"https:\/\/www.corumbaonline.com.br\/news\/wp-json\/wp\/v2\/posts"}],"about":[{"href":"https:\/\/www.corumbaonline.com.br\/news\/wp-json\/wp\/v2\/types\/post"}],"author":[{"embeddable":true,"href":"https:\/\/www.corumbaonline.com.br\/news\/wp-json\/wp\/v2\/users\/11"}],"replies":[{"embeddable":true,"href":"https:\/\/www.corumbaonline.com.br\/news\/wp-json\/wp\/v2\/comments?post=11712497"}],"version-history":[{"count":1,"href":"https:\/\/www.corumbaonline.com.br\/news\/wp-json\/wp\/v2\/posts\/11712497\/revisions"}],"predecessor-version":[{"id":11712498,"href":"https:\/\/www.corumbaonline.com.br\/news\/wp-json\/wp\/v2\/posts\/11712497\/revisions\/11712498"}],"wp:attachment":[{"href":"https:\/\/www.corumbaonline.com.br\/news\/wp-json\/wp\/v2\/media?parent=11712497"}],"wp:term":[{"taxonomy":"category","embeddable":true,"href":"https:\/\/www.corumbaonline.com.br\/news\/wp-json\/wp\/v2\/categories?post=11712497"},{"taxonomy":"post_tag","embeddable":true,"href":"https:\/\/www.corumbaonline.com.br\/news\/wp-json\/wp\/v2\/tags?post=11712497"}],"curies":[{"name":"wp","href":"https:\/\/api.w.org\/{rel}","templated":true}]}}