{"id":11712509,"date":"2021-02-19T10:00:00","date_gmt":"2021-02-19T14:00:00","guid":{"rendered":"http:\/\/www.corumbaonline.com.br\/news\/?p=11712509"},"modified":"2021-02-19T10:58:57","modified_gmt":"2021-02-19T14:58:57","slug":"vereador-pede-alambrado-limpeza-e-manutencao-da-praca-sao-paulo","status":"publish","type":"post","link":"https:\/\/www.corumbaonline.com.br\/news\/vereador-pede-alambrado-limpeza-e-manutencao-da-praca-sao-paulo\/","title":{"rendered":"Vereador pede alambrado, limpeza e manuten\u00e7\u00e3o da Pra\u00e7a S\u00e3o Paulo"},"content":{"rendered":"<p>Dotar a Pra\u00e7a S\u00e3o Paulo de condi\u00e7\u00f5es necess\u00e1rias para melhor uso por parte da popula\u00e7\u00e3o, \u00e9 o que deseja o presidente da C\u00e2mara Municipal de Corumb\u00e1, Roberto Gomes Fa\u00e7anha. E isso passa por servi\u00e7os de limpeza, recupera\u00e7\u00e3o de equipamentos, manuten\u00e7\u00e3o e instala\u00e7\u00e3o de alambrado no entorno do espa\u00e7o, para evitar depreda\u00e7\u00f5es.<\/p>\n<p>A solicita\u00e7\u00e3o foi feita esta semana na C\u00e2mara, durante sess\u00e3o ordin\u00e1ria, por meio de um requerimento em regime de urg\u00eancia especial direcionado ao secret\u00e1rio municipal de Infraestrutura e Servi\u00e7os P\u00fablicos, Luiz Fernando Moreira, com c\u00f3pia ao prefeito Marcelo Iunes.<\/p>\n<p>Fa\u00e7anha sugeriu a realiza\u00e7\u00e3o de estudos visando a instala\u00e7\u00e3o de alambrado na pra\u00e7a localizada no Bairro Guat\u00f3s, ao lado da Unidade de Pronto Atendimento 24 Horas, bem como servi\u00e7os de limpeza e reparo da estrutura, em condi\u00e7\u00f5es de atender a comunidade local.<\/p>\n<p>Zumba<\/p>\n<p>Al\u00e9m disso, o vereador reivindicou junto ao diretor-presidente da Funda\u00e7\u00e3o de Esportes de Corumb\u00e1 (FUNEC), Heliney de Miranda Junior, com c\u00f3pia ao prefeito Marcelo Aguilar Iunes, a realiza\u00e7\u00e3o de estudos visando a amplia\u00e7\u00e3o do Programa Corumb\u00e1 em Movimento (Zumba), atendendo a Pra\u00e7a S\u00e3o Paulo, beneficiando a comunidade do Bairro Guat\u00f3s e regi\u00e3o.<\/p>\n","protected":false},"excerpt":{"rendered":"<p>Dotar a Pra\u00e7a S\u00e3o Paulo de condi\u00e7\u00f5es necess\u00e1rias para melhor uso por parte da popula\u00e7\u00e3o,&#8230;<\/p>\n","protected":false},"author":63,"featured_media":0,"comment_status":"closed","ping_status":"closed","sticky":false,"template":"","format":"standard","meta":{"footnotes":""},"categories":[19],"tags":[],"class_list":["post-11712509","post","type-post","status-publish","format-standard","hentry","category-politica"],"_links":{"self":[{"href":"https:\/\/www.corumbaonline.com.br\/news\/wp-json\/wp\/v2\/posts\/11712509","targetHints":{"allow":["GET"]}}],"collection":[{"href":"https:\/\/www.corumbaonline.com.br\/news\/wp-json\/wp\/v2\/posts"}],"about":[{"href":"https:\/\/www.corumbaonline.com.br\/news\/wp-json\/wp\/v2\/types\/post"}],"author":[{"embeddable":true,"href":"https:\/\/www.corumbaonline.com.br\/news\/wp-json\/wp\/v2\/users\/63"}],"replies":[{"embeddable":true,"href":"https:\/\/www.corumbaonline.com.br\/news\/wp-json\/wp\/v2\/comments?post=11712509"}],"version-history":[{"count":1,"href":"https:\/\/www.corumbaonline.com.br\/news\/wp-json\/wp\/v2\/posts\/11712509\/revisions"}],"predecessor-version":[{"id":11712510,"href":"https:\/\/www.corumbaonline.com.br\/news\/wp-json\/wp\/v2\/posts\/11712509\/revisions\/11712510"}],"wp:attachment":[{"href":"https:\/\/www.corumbaonline.com.br\/news\/wp-json\/wp\/v2\/media?parent=11712509"}],"wp:term":[{"taxonomy":"category","embeddable":true,"href":"https:\/\/www.corumbaonline.com.br\/news\/wp-json\/wp\/v2\/categories?post=11712509"},{"taxonomy":"post_tag","embeddable":true,"href":"https:\/\/www.corumbaonline.com.br\/news\/wp-json\/wp\/v2\/tags?post=11712509"}],"curies":[{"name":"wp","href":"https:\/\/api.w.org\/{rel}","templated":true}]}}