{"id":11712511,"date":"2021-02-19T10:15:00","date_gmt":"2021-02-19T14:15:00","guid":{"rendered":"http:\/\/www.corumbaonline.com.br\/news\/?p=11712511"},"modified":"2021-02-19T11:00:20","modified_gmt":"2021-02-19T15:00:20","slug":"vereador-sugere-a-prefeitura-adiamento-de-cobranca-de-taxas-dos-taxistas","status":"publish","type":"post","link":"https:\/\/www.corumbaonline.com.br\/news\/vereador-sugere-a-prefeitura-adiamento-de-cobranca-de-taxas-dos-taxistas\/","title":{"rendered":"Vereador sugere \u00e0 Prefeitura, adiamento de cobran\u00e7a de taxas dos taxistas"},"content":{"rendered":"<p>O vereador Ubiratan Canhete de Campos Filho (Bira), sugeriu esta semana \u00e0 Prefeitura, o adiamento da cobran\u00e7a de taxas pagas anualmente pelos profissionais que atuam no servi\u00e7o de transporte individual de passageiros, taxistas, em Corumb\u00e1, diante da atual situa\u00e7\u00e3o econ\u00f4mica causada pela pandemia da Covid-19.<\/p>\n<p>O pedido foi feito por meio de requerimento em regime de urg\u00eancia especial e endere\u00e7ado ao secret\u00e1rio de Finan\u00e7as e Gest\u00e3o, Luiz Henrique Maia de Paula, e ao diretor executivo da Ag\u00eancia Municipal de Tr\u00e2nsito e Transporte (Agetrat), Lucio Andr\u00e9 Messias de Barros, com c\u00f3pia ao prefeito Marcelo Iunes.<\/p>\n<p>\u201cOs taxistas continuam encontrando dificuldades por conta da pandemia e, por isso mesmo, solicitamos a realiza\u00e7\u00e3o de estudos, visando o adiamento do vencimento da Taxa de Solo e ISS de 2021, como forma de amenizar os impactos causados pela Covid\u201d, explicou o vereador.<\/p>\n<p>Bira enfatizou que a primeira parcela vence no pr\u00f3ximo dia 25 de fevereiro. Al\u00e9m do adiamento, ele sugeriu tamb\u00e9m que o pagamento possa ser feito em at\u00e9 cinco parcelas. Atualmente, o tributo pode ser pago em no m\u00e1ximo tr\u00eas. \u201cO vencimento da primeira parcela ser\u00e1 agora, em 25 de fevereiro, e o adiamento se justifica pela excepcional situa\u00e7\u00e3o da pandemia que acabou afetando o trabalho desses profissionais\u201d, observou.<\/p>\n<p>Lembrou que, devido \u00e0s medidas de distanciamento social e os decretos municipais com a finalidade de diminuir a circula\u00e7\u00e3o de pessoas nas ruas, como forma de controlar a dissemina\u00e7\u00e3o do novo coronav\u00edrus, causaram grande impacto em todas as atividades econ\u00f4micas.<\/p>\n<p>Explicou que medidas semelhantes est\u00e3o sendo adotadas em v\u00e1rias \u00e1reas, atendendo praticamente todos os munic\u00edpios do Brasil. \u201cCom a severa diminui\u00e7\u00e3o da circula\u00e7\u00e3o de pessoas e a restri\u00e7\u00e3o de hor\u00e1rios para esta circula\u00e7\u00e3o, uma das categorias mais afetadas com a crise econ\u00f4mica provocado pela pandemia, \u00e9 justamente a dos taxistas. Por isso estamos pedindo para adiar a data de vencimento da primeira parcelas, e que estes profissionais possam pagar em at\u00e9 cinco vezes\u201d, justificou.<\/p>\n<p>Viaturas<\/p>\n<p>Por outro lado, na mesma sess\u00e3o, Bira apresentou uma indica\u00e7\u00e3o solicitando ao deputado estadual Jos\u00e9 Carlos Barbosa (Barbosinha), interven\u00e7\u00e3o junto ao Governo do Estado, para que contemple as pol\u00edcias Civil e Militar de Corumb\u00e1, com novas viaturas, visando melhoria e amplia\u00e7\u00e3o dos servi\u00e7os de seguran\u00e7a p\u00fablica na regi\u00e3o pantaneira.<\/p>\n<p>\u201cEstamos cientes das dificuldades que os policiais enfrentam em nossa regi\u00e3o para realiza\u00e7\u00e3o de seus servi\u00e7os. Uma delas se refere justamente a viaturas. Por isso pedimos o empenho do deputado Barbosinha junto a Secretaria de Seguran\u00e7a P\u00fablica do Estado de Mato Grosso do Sul, visando a destina\u00e7\u00e3o de mais ve\u00edculos para ampliar os servi\u00e7os de seguran\u00e7a preventiva, ostensiva e investigativa\u201d, completou.<\/p>\n","protected":false},"excerpt":{"rendered":"<p>O vereador Ubiratan Canhete de Campos Filho (Bira), sugeriu esta semana \u00e0 Prefeitura, o adiamento&#8230;<\/p>\n","protected":false},"author":63,"featured_media":0,"comment_status":"closed","ping_status":"closed","sticky":false,"template":"","format":"standard","meta":{"footnotes":""},"categories":[19],"tags":[],"class_list":["post-11712511","post","type-post","status-publish","format-standard","hentry","category-politica"],"_links":{"self":[{"href":"https:\/\/www.corumbaonline.com.br\/news\/wp-json\/wp\/v2\/posts\/11712511","targetHints":{"allow":["GET"]}}],"collection":[{"href":"https:\/\/www.corumbaonline.com.br\/news\/wp-json\/wp\/v2\/posts"}],"about":[{"href":"https:\/\/www.corumbaonline.com.br\/news\/wp-json\/wp\/v2\/types\/post"}],"author":[{"embeddable":true,"href":"https:\/\/www.corumbaonline.com.br\/news\/wp-json\/wp\/v2\/users\/63"}],"replies":[{"embeddable":true,"href":"https:\/\/www.corumbaonline.com.br\/news\/wp-json\/wp\/v2\/comments?post=11712511"}],"version-history":[{"count":1,"href":"https:\/\/www.corumbaonline.com.br\/news\/wp-json\/wp\/v2\/posts\/11712511\/revisions"}],"predecessor-version":[{"id":11712512,"href":"https:\/\/www.corumbaonline.com.br\/news\/wp-json\/wp\/v2\/posts\/11712511\/revisions\/11712512"}],"wp:attachment":[{"href":"https:\/\/www.corumbaonline.com.br\/news\/wp-json\/wp\/v2\/media?parent=11712511"}],"wp:term":[{"taxonomy":"category","embeddable":true,"href":"https:\/\/www.corumbaonline.com.br\/news\/wp-json\/wp\/v2\/categories?post=11712511"},{"taxonomy":"post_tag","embeddable":true,"href":"https:\/\/www.corumbaonline.com.br\/news\/wp-json\/wp\/v2\/tags?post=11712511"}],"curies":[{"name":"wp","href":"https:\/\/api.w.org\/{rel}","templated":true}]}}