{"id":11712518,"date":"2021-02-19T10:57:00","date_gmt":"2021-02-19T14:57:00","guid":{"rendered":"http:\/\/www.corumbaonline.com.br\/news\/?p=11712518"},"modified":"2021-02-19T11:29:45","modified_gmt":"2021-02-19T15:29:45","slug":"reforma-do-predio-do-incra-e-solicitada-por-vereador-durante-sessao-da-camara","status":"publish","type":"post","link":"https:\/\/www.corumbaonline.com.br\/news\/reforma-do-predio-do-incra-e-solicitada-por-vereador-durante-sessao-da-camara\/","title":{"rendered":"Reforma do pr\u00e9dio do Incra \u00e9 solicitada por vereador durante sess\u00e3o da C\u00e2mara"},"content":{"rendered":"<p>O vereador Yussef Salla est\u00e1 pedindo ao prefeito Marcelo Iunes, a execu\u00e7\u00e3o de obras emergenciais e de manuten\u00e7\u00e3o no pr\u00e9dio do INCRA, localizado na Rua Silva Jardim. Ocorre que a estrutura est\u00e1 apresentando infiltra\u00e7\u00f5es, com umidade nas paredes e no teto da parte t\u00e9rrea, situa\u00e7\u00e3o que pode ocasionar doen\u00e7as respirat\u00f3rias, em virtude da grande umidade causada pela infiltra\u00e7\u00e3o, o que pode gerar prolifera\u00e7\u00e3o f\u00fangica, resultando em danos \u00e0 sa\u00fade.<\/p>\n<p>\u201cComo sabemos, o INCRA de Corumb\u00e1 cumpre um grande papel, tratando diretamente dos assuntos fundi\u00e1rios dos assentamentos localizados no Munic\u00edpio. Existe no local uma grande quantidade de documentos que podem se perder devido \u00e0s infiltra\u00e7\u00f5es existentes no pr\u00e9dio. A inten\u00e7\u00e3o \u00e9 fazer com que a Prefeitura proceda a reforma para a seguran\u00e7a desses documentos\u201d, observou.<\/p>\n<p>Infraestrutura<\/p>\n<p>Para melhorar as condi\u00e7\u00f5es de tr\u00e1fego na regi\u00e3o do Bairro Centro Am\u00e9rica, o vereador Yussef Salla requereu ao secret\u00e1rio de Infraestrutura e Servi\u00e7os P\u00fablicos, Luiz Fernando Moreira, a execu\u00e7\u00e3o de servi\u00e7os de reparo das lajotas da Alameda Interna, entre as ruas Fernando de Barros e Totico de Medeiro. A restaura\u00e7\u00e3o do pavimento \u00e9 uma reivindica\u00e7\u00e3o dos pr\u00f3prios moradores da via, que alegam estar intransit\u00e1vel, em virtude das falhas existentes.<\/p>\n<p>J\u00e1 \u00e0 dire\u00e7\u00e3o da Empresa de Saneamento de Mato Grosso do Sul (Sanesul), pediu o fechamento de uma vala aberta pela concession\u00e1ria, visando a realiza\u00e7\u00e3o de servi\u00e7os na rede de \u00e1gua. A mesma solicita\u00e7\u00e3o foi refor\u00e7ada junto ao secret\u00e1rio de Infraestrutura e Servi\u00e7os P\u00fablicos, Luiz Fernando Moreira. Ocorre que a vala aberta na Alameda Laura Martins, entre as ruas Marechal Deodoro e Jos\u00e9 Fragelli, no Guan\u00e3 II, est\u00e1 impedindo o livre tr\u00e2nsito na via, podendo inclusive causar acidentes.<\/p>\n<p>Tr\u00e2nsito seguro<\/p>\n<p>A instala\u00e7\u00e3o de um conjunto semaf\u00f3rico no cruzamento das ruas Edu Rocha e Gon\u00e7alves Dias, no Bairro Aeroporto, foi reivindicada pelo vereador Yussef Salla, durante a \u00faltima sess\u00e3o da C\u00e2mara, ao diretor da Ag\u00eancia Municipal de Tr\u00e2nsito e Transporte (Agetrat), Lucio Andr\u00e9 Messias de Barros. O equipamento \u00e9 extremamente necess\u00e1rio para garantir seguran\u00e7a no tr\u00e2nsito e evitar acidentes em um cruzamento perigoso, como grande fluxo de ve\u00edculos.<\/p>\n<p>Espa\u00e7os esportivos<\/p>\n<p>Outro pedido feito pelo vereador pedetista, \u00e9 a reabertura gradativa dos espa\u00e7os esportivos p\u00fablicos na cidade. A solicita\u00e7\u00e3o foi direcionada ao secret\u00e1rio de Sa\u00fade, Rog\u00e9rio Leite, e ao diretor da Funec, Heliney de Miranda Junior, observando que para a abertura, devem ser seguidos todos os protocolos de biosseguran\u00e7a.<\/p>\n<p>\u201cAinda estamos vivendo momentos cr\u00edticos em virtude da pandemia da Covid-19. Mas, \u00e9 preciso o retorno gradativo das atividades esportivas e de lazer. Por isso mesmo solicitamos na C\u00e2mara, a realiza\u00e7\u00e3o de estudos por parte das pastas de sa\u00fade e de esportes, no sentido de ser procedida a abertura gradativa dos espa\u00e7os esportivos ligados \u00e0 Funda\u00e7\u00e3o de Esportes de Corumb\u00e1\u201d, explicou.<\/p>\n","protected":false},"excerpt":{"rendered":"<p>O vereador Yussef Salla est\u00e1 pedindo ao prefeito Marcelo Iunes, a execu\u00e7\u00e3o de obras emergenciais&#8230;<\/p>\n","protected":false},"author":63,"featured_media":0,"comment_status":"closed","ping_status":"closed","sticky":false,"template":"","format":"standard","meta":{"footnotes":""},"categories":[19],"tags":[],"class_list":["post-11712518","post","type-post","status-publish","format-standard","hentry","category-politica"],"_links":{"self":[{"href":"https:\/\/www.corumbaonline.com.br\/news\/wp-json\/wp\/v2\/posts\/11712518","targetHints":{"allow":["GET"]}}],"collection":[{"href":"https:\/\/www.corumbaonline.com.br\/news\/wp-json\/wp\/v2\/posts"}],"about":[{"href":"https:\/\/www.corumbaonline.com.br\/news\/wp-json\/wp\/v2\/types\/post"}],"author":[{"embeddable":true,"href":"https:\/\/www.corumbaonline.com.br\/news\/wp-json\/wp\/v2\/users\/63"}],"replies":[{"embeddable":true,"href":"https:\/\/www.corumbaonline.com.br\/news\/wp-json\/wp\/v2\/comments?post=11712518"}],"version-history":[{"count":1,"href":"https:\/\/www.corumbaonline.com.br\/news\/wp-json\/wp\/v2\/posts\/11712518\/revisions"}],"predecessor-version":[{"id":11712519,"href":"https:\/\/www.corumbaonline.com.br\/news\/wp-json\/wp\/v2\/posts\/11712518\/revisions\/11712519"}],"wp:attachment":[{"href":"https:\/\/www.corumbaonline.com.br\/news\/wp-json\/wp\/v2\/media?parent=11712518"}],"wp:term":[{"taxonomy":"category","embeddable":true,"href":"https:\/\/www.corumbaonline.com.br\/news\/wp-json\/wp\/v2\/categories?post=11712518"},{"taxonomy":"post_tag","embeddable":true,"href":"https:\/\/www.corumbaonline.com.br\/news\/wp-json\/wp\/v2\/tags?post=11712518"}],"curies":[{"name":"wp","href":"https:\/\/api.w.org\/{rel}","templated":true}]}}