{"id":11712525,"date":"2021-02-19T11:35:00","date_gmt":"2021-02-19T15:35:00","guid":{"rendered":"http:\/\/www.corumbaonline.com.br\/news\/?p=11712525"},"modified":"2021-02-19T12:41:05","modified_gmt":"2021-02-19T16:41:05","slug":"prefeitos-voltam-a-defender-vacinacao-de-profissionais-de-educacao","status":"publish","type":"post","link":"https:\/\/www.corumbaonline.com.br\/news\/prefeitos-voltam-a-defender-vacinacao-de-profissionais-de-educacao\/","title":{"rendered":"Prefeitos voltam a defender vacina\u00e7\u00e3o de profissionais de educa\u00e7\u00e3o"},"content":{"rendered":"<p>A Frente Nacional de Prefeitos (FNP) voltou a pedir, ao Minist\u00e9rio da Sa\u00fade, que todos os profissionais que trabalham em escolas sejam imediatamente vacinados contra a covid-19. A inclus\u00e3o dos trabalhadores do setor entre os grupos priorit\u00e1rios da campanha de vacina\u00e7\u00e3o \u00e9 um dos itens de pauta da videoconfer\u00eancia que representantes da entidade e o ministro da Sa\u00fade, Eduardo Pazuello, realizam esta manh\u00e3.<img decoding=\"async\" src=\"https:\/\/agenciabrasil.ebc.com.br\/ebc.png?id=1401724&amp;o=node\" \/><img decoding=\"async\" src=\"https:\/\/agenciabrasil.ebc.com.br\/ebc.gif?id=1401724&amp;o=node\" \/><\/p>\n<p>No \u00faltimo dia 12, a frente enviou ao Minist\u00e9rio da Sa\u00fade um of\u00edcio destacando a import\u00e2ncia de que os profissionais de educa\u00e7\u00e3o sejam imunizados. No documento, a entidade manifestava a preocupa\u00e7\u00e3o com a sa\u00fade dos trabalhadores e com o potencial risco deles se tornarem vetores da dissemina\u00e7\u00e3o da doen\u00e7a \u00e0 medida que as aulas presenciais sejam retomadas em v\u00e1rias partes do pa\u00eds.<\/p>\n<p>No documento, a frente cita um relat\u00f3rio elaborado pelo Sistema P\u00fablico de Sa\u00fade do Reino Unido e divulgado em janeiro deste ano, e que aponta que 26% de 10 mil pessoas infectadas pelo novo coronav\u00edrus, cujos casos foram analisados, tinham liga\u00e7\u00f5es com creches, escolas prim\u00e1rias e secund\u00e1rias e universidades. A conclus\u00e3o do relat\u00f3rio \u00e9 que, possivelmente, o retorno \u00e0s aulas presenciais pode ter ocasionado tr\u00eas vezes mais contamina\u00e7\u00f5es do que as que tiveram origem em hospitais.<\/p>\n<p>\u201cPor isso, a FNP refor\u00e7a que vacinar imediatamente os profissionais da educa\u00e7\u00e3o \u00e9 zelar por toda a comunidade educacional, que hoje corresponde a um quarto de toda a popula\u00e7\u00e3o brasileira\u201d, sustenta a entidade, em nota.<\/p>\n<h2>Cronograma<\/h2>\n<p>Al\u00e9m da vacina\u00e7\u00e3o dos profissionais de Educa\u00e7\u00e3o, a frente cobra a divulga\u00e7\u00e3o de um cronograma nacional detalhado, com informa\u00e7\u00f5es atualizadas e previs\u00e3o m\u00eas a m\u00eas quanto ao planejamento de entrega de vacinas aos estados e munic\u00edpios e previs\u00e3o de grupos populacionais a serem vacinados.<\/p>\n<p>Durante a conversa com o ministro, a comiss\u00e3o &#8211; formada pelo presidente da FNP, Jonas Donizette (ex-prefeito de Campinas), e por nove prefeitos que representar\u00e3o as cinco regi\u00f5es brasileiras &#8211; disse que tamb\u00e9m pretende defender a necessidade de uma campanha publicit\u00e1ria para incentivar e esclarecer a popula\u00e7\u00e3o a respeito da import\u00e2ncia de se vacinar, e o repasse de recursos financeiros para que as prefeituras possam manter ou ampliar o n\u00famero de leitos de Unidades de Tratamento Intensivo (UTI) para tratamento dos pacientes da covid-19.<\/p>\n<p>No\u00a0<em>Twitter<\/em>, o presidente da frente explicou que a reuni\u00e3o para tratar dos desdobramentos da vacina\u00e7\u00e3o contra a covid-19 vinha sendo solicitada desde 14 de janeiro.\u00a0<\/p>\n<p>\u201cPrecisamos de esclarecimentos quanto \u00e0s doses de vacinas prometidas pelo Minist\u00e9rio aos governadores\u201d, escreveu Donizette, manifestando a expectativa de que, a partir da videoconfer\u00eancia, reuni\u00f5es entre a comiss\u00e3o representante dos prefeitos e o minist\u00e9rio passem a ser mais frequentes.\u00a0<\/p>\n<p>\u201cPrecisamos entender os cen\u00e1rios para tra\u00e7ar estrat\u00e9gias. \u00c9 inadmiss\u00edvel que as cidades paralisem a imuniza\u00e7\u00e3o por falta de vacinas\u201d, acrescentou Donizette, reiterando a cr\u00edtica contida em uma\u00a0<a href=\"http:\/\/fnp.org.br\/noticias\/item\/2475-nota-sobre-a-falta-de-vacinas-contra-a-covid-19\" target=\"_blank\" rel=\"noopener\">nota\u00a0<\/a>que a FNP divulgou na \u00faltima ter\u00e7a-feira (16), apontando a falta de vacinas em todo o pa\u00eds.<\/p>\n<p>Al\u00e9m de Donizette, participam da conversa com o ministro e com secret\u00e1rios do minist\u00e9rio os prefeitos David Almeida (Manaus); Edvaldo Nogueira (Aracaju); Edmilson Rodrigues (Bel\u00e9m); Rafael Greca (Curitiba); Sebasti\u00e3o Melo (Porto Alegre); Emanuel Pinheiro (Cuiab\u00e1); Bruno Reis (Salvador); Eduardo Paes (Rio de Janeiro) e Duarte Nogueira (Ribeir\u00e3o Preto).<\/p>\n","protected":false},"excerpt":{"rendered":"<p>A Frente Nacional de Prefeitos (FNP) voltou a pedir, ao Minist\u00e9rio da Sa\u00fade, que todos&#8230;<\/p>\n","protected":false},"author":4,"featured_media":0,"comment_status":"closed","ping_status":"closed","sticky":false,"template":"","format":"standard","meta":{"footnotes":""},"categories":[116,19,21],"tags":[],"class_list":["post-11712525","post","type-post","status-publish","format-standard","hentry","category-coronavirus","category-politica","category-saude"],"_links":{"self":[{"href":"https:\/\/www.corumbaonline.com.br\/news\/wp-json\/wp\/v2\/posts\/11712525","targetHints":{"allow":["GET"]}}],"collection":[{"href":"https:\/\/www.corumbaonline.com.br\/news\/wp-json\/wp\/v2\/posts"}],"about":[{"href":"https:\/\/www.corumbaonline.com.br\/news\/wp-json\/wp\/v2\/types\/post"}],"author":[{"embeddable":true,"href":"https:\/\/www.corumbaonline.com.br\/news\/wp-json\/wp\/v2\/users\/4"}],"replies":[{"embeddable":true,"href":"https:\/\/www.corumbaonline.com.br\/news\/wp-json\/wp\/v2\/comments?post=11712525"}],"version-history":[{"count":1,"href":"https:\/\/www.corumbaonline.com.br\/news\/wp-json\/wp\/v2\/posts\/11712525\/revisions"}],"predecessor-version":[{"id":11712526,"href":"https:\/\/www.corumbaonline.com.br\/news\/wp-json\/wp\/v2\/posts\/11712525\/revisions\/11712526"}],"wp:attachment":[{"href":"https:\/\/www.corumbaonline.com.br\/news\/wp-json\/wp\/v2\/media?parent=11712525"}],"wp:term":[{"taxonomy":"category","embeddable":true,"href":"https:\/\/www.corumbaonline.com.br\/news\/wp-json\/wp\/v2\/categories?post=11712525"},{"taxonomy":"post_tag","embeddable":true,"href":"https:\/\/www.corumbaonline.com.br\/news\/wp-json\/wp\/v2\/tags?post=11712525"}],"curies":[{"name":"wp","href":"https:\/\/api.w.org\/{rel}","templated":true}]}}