{"id":11712571,"date":"2021-02-23T14:51:00","date_gmt":"2021-02-23T18:51:00","guid":{"rendered":"http:\/\/www.corumbaonline.com.br\/news\/?p=11712571"},"modified":"2021-02-23T14:44:40","modified_gmt":"2021-02-23T18:44:40","slug":"povo-das-aguas-atende-ribeirinhos-da-parte-alta-do-rio-paraguai-a-partir-de-sabado","status":"publish","type":"post","link":"https:\/\/www.corumbaonline.com.br\/news\/povo-das-aguas-atende-ribeirinhos-da-parte-alta-do-rio-paraguai-a-partir-de-sabado\/","title":{"rendered":"Povo das \u00c1guas atende ribeirinhos da parte alta do rio Paraguai a partir de s\u00e1bado"},"content":{"rendered":"<p>Promovido pela Prefeitura de Corumb\u00e1, o Programa Social Povo das \u00c1guas vai atender as fam\u00edlias residentes na regi\u00e3o da parte alta do rio Paraguai e rio S\u00e3o Louren\u00e7o a partir do pr\u00f3ximo s\u00e1bado, 27 de fevereiro.<\/p>\n<p>Coordenada pela Secretaria Municipal de Assist\u00eancia Social e Cidadania, a a\u00e7\u00e3o \u00e9 realizada com equipe reduzida em raz\u00e3o da pandemia do novo coronav\u00edrus. As equipes multidisciplinares partem na noite desta sexta-feira, dia 26, da Ag\u00eancia Portu\u00e1ria de Corumb\u00e1. O retorno acontece no dia 04 de mar\u00e7o.<\/p>\n<p>Todos os servidores envolvidos no trabalho tomar\u00e3o todos os cuidados necess\u00e1rios para o per\u00edodo, dentro das normas de biosseguran\u00e7a preconizadas pela Anvisa. Todas as cestas b\u00e1sicas s\u00e3o higienizadas e o contato com os ribeirinhos ser\u00e1 feito de forma a evitar a prolifera\u00e7\u00e3o do v\u00edrus, com a utiliza\u00e7\u00e3o de todos os EPIs necess\u00e1rios.<\/p>\n<p>No s\u00e1bado, dia 27, os atendimentos ser\u00e3o na regi\u00e3o do Porto Santa Catarina, das 08h \u00e0s 12 horas, no Porto Santa Catarina. Das 14h \u00e0s 18h, as equipes v\u00e3o atender na regi\u00e3o do Paraguai Mirim, no Porto Parada Dura, na casa do senhor Gilcimar e dona Jocy.<\/p>\n<p>No domingo, dia 28, os servi\u00e7os ser\u00e3o prestados aos moradores das regi\u00f5es S\u00e3o Francisco e Mato Grande, das 08h \u00e0s 12h, no porto da casa do senhor Daniel. Das 15h \u00e0s 17 horas, o atendimento ser\u00e1 no Porto Bonfim e Porto S\u00e3o Pedro.<\/p>\n<p>A segunda-feira, 1\u00b0 de mar\u00e7o, reserva atendimento para os moradores do Amolar e Barra S\u00e3o Louren\u00e7o, das 08h \u00e0s 12 horas, na Escola Municipal Rural de Educa\u00e7\u00e3o Integral \u2013 P\u00f3lo S\u00e3o Louren\u00e7o e Extens\u00f5es. Na ter\u00e7a-feira, dia 02, os servi\u00e7os ser\u00e3o prestados na regi\u00e3o do rio S\u00e3o Louren\u00e7o e Porto Novo Horizonte, das 09h \u00e0s 13h no Porto Mangueiral e Porto Novo Horizonte.<\/p>\n<p>No dia 03, quarta-feira, as equipes multidisciplinares da Prefeitura v\u00e3o atender na regi\u00e3o do Castelo, das 10h \u00e0s 14 horas, no Porto do Zequinha. Na quinta-feira, dia 04 de mar\u00e7o, a presta\u00e7\u00e3o dos servi\u00e7os ser\u00e1 na regi\u00e3o Domingos Ramos, das 08h \u00e0s 12 horas, no Porto Maracangalha.&nbsp;No per\u00edodo vespertino da quinta-feira, dia 04, acontecer\u00e3o atendimentos nas regi\u00f5es do Tagiloma, Tuiui\u00fa, Piuval e Capim Gordura na descida do rio.<\/p>\n<p>Conforme o cronograma estabelecido pela Secretaria Municipal de Assist\u00eancia Social e Cidadania, que coordena o programa Povo das \u00c1guas, a Prefeitura est\u00e1 completando as a\u00e7\u00f5es previstas para 2020, mas que sofreram altera\u00e7\u00e3o por causa da pandemia da Covid-19. No per\u00edodo de 19 a 25 de janeiro os servi\u00e7os foram direcionados aos ribeirinhos do Alto Pantanal. De 28 de janeiro e 05 de fevereiro, as equipes atenderam aos moradores do Taquari. De 12 a 18 de fevereiro, o servi\u00e7o se concentrou na regi\u00e3o do Baixo Pantanal. Agora, de 26 de fevereiro a 04 de mar\u00e7o os trabalhos est\u00e3o sendo levados para a popula\u00e7\u00e3o do Alto Pantanal.<\/p>\n<p><strong>Povo das \u00e1guas<\/strong><\/p>\n<p>O Programa Social Povo das \u00c1guas atende fam\u00edlias que residem em regi\u00f5es de dif\u00edcil acesso do Pantanal corumbaense com a\u00e7\u00f5es m\u00e9dicas, odontol\u00f3gicas, sociais, assistenciais, educacionais e de fomento a pequenas produ\u00e7\u00f5es.<\/p>\n<div id=\"gallery-1\" class=\"gallery galleryid-109979 gallery-columns-3 gallery-size-large\">\n<figure class=\"gallery-item\">\n<div class=\"gallery-icon landscape\"><a role=\"link\" href=\"https:\/\/www.corumba.ms.gov.br\/2021\/02\/povo-das-aguas-atende-ribeirinhos-da-parte-alta-do-rio-paraguai-a-partir-de-sabado\/povo-das-aguas-atende-ribeirinhos-da-parte-alta-do-rio-paraguai-a-partir-de-sabado-1\/\"><img loading=\"lazy\" decoding=\"async\" class=\"attachment-large size-large\" src=\"https:\/\/www.corumba.ms.gov.br\/wp-content\/uploads\/2021\/02\/Povo-das-Aguas-atende-ribeirinhos-da-parte-alta-do-rio-Paraguai-a-partir-de-sabado-1-1024x683.jpg\" sizes=\"auto, (max-width: 1024px) 100vw, 1024px\" srcset=\"https:\/\/www.corumba.ms.gov.br\/wp-content\/uploads\/2021\/02\/Povo-das-Aguas-atende-ribeirinhos-da-parte-alta-do-rio-Paraguai-a-partir-de-sabado-1-1024x683.jpg 1024w, https:\/\/www.corumba.ms.gov.br\/wp-content\/uploads\/2021\/02\/Povo-das-Aguas-atende-ribeirinhos-da-parte-alta-do-rio-Paraguai-a-partir-de-sabado-1-300x200.jpg 300w, https:\/\/www.corumba.ms.gov.br\/wp-content\/uploads\/2021\/02\/Povo-das-Aguas-atende-ribeirinhos-da-parte-alta-do-rio-Paraguai-a-partir-de-sabado-1-768x512.jpg 768w, https:\/\/www.corumba.ms.gov.br\/wp-content\/uploads\/2021\/02\/Povo-das-Aguas-atende-ribeirinhos-da-parte-alta-do-rio-Paraguai-a-partir-de-sabado-1.jpg 1200w\" alt=\"\" width=\"1024\" height=\"683\" aria-describedby=\"gallery-1-109980\"><\/a><\/div><figcaption id=\"gallery-1-109980\" class=\"wp-caption-text gallery-caption\">Programa Social Povo das \u00c1guas atende fam\u00edlias que residem em regi\u00f5es de dif\u00edcil acesso do Pantanal corumbaense (Foto: Ren\u00ea Marcio Carneiro\/PMC)<\/figcaption><\/figure>\n<figure class=\"gallery-item\">\n<div class=\"gallery-icon landscape\"><a role=\"link\" href=\"https:\/\/www.corumba.ms.gov.br\/2021\/02\/povo-das-aguas-atende-ribeirinhos-da-parte-alta-do-rio-paraguai-a-partir-de-sabado\/povo-das-aguas-atende-ribeirinhos-da-parte-alta-do-rio-paraguai-a-partir-de-sabado-2\/\"><img loading=\"lazy\" decoding=\"async\" class=\"attachment-large size-large\" src=\"https:\/\/www.corumba.ms.gov.br\/wp-content\/uploads\/2021\/02\/Povo-das-Aguas-atende-ribeirinhos-da-parte-alta-do-rio-Paraguai-a-partir-de-sabado-2-1024x683.jpg\" sizes=\"auto, (max-width: 1024px) 100vw, 1024px\" srcset=\"https:\/\/www.corumba.ms.gov.br\/wp-content\/uploads\/2021\/02\/Povo-das-Aguas-atende-ribeirinhos-da-parte-alta-do-rio-Paraguai-a-partir-de-sabado-2-1024x683.jpg 1024w, https:\/\/www.corumba.ms.gov.br\/wp-content\/uploads\/2021\/02\/Povo-das-Aguas-atende-ribeirinhos-da-parte-alta-do-rio-Paraguai-a-partir-de-sabado-2-300x200.jpg 300w, https:\/\/www.corumba.ms.gov.br\/wp-content\/uploads\/2021\/02\/Povo-das-Aguas-atende-ribeirinhos-da-parte-alta-do-rio-Paraguai-a-partir-de-sabado-2-768x512.jpg 768w, https:\/\/www.corumba.ms.gov.br\/wp-content\/uploads\/2021\/02\/Povo-das-Aguas-atende-ribeirinhos-da-parte-alta-do-rio-Paraguai-a-partir-de-sabado-2.jpg 1200w\" alt=\"\" width=\"1024\" height=\"683\" aria-describedby=\"gallery-1-109981\"><\/a><\/div><figcaption id=\"gallery-1-109981\" class=\"wp-caption-text gallery-caption\">Programa Social Povo das \u00c1guas atende fam\u00edlias que residem em regi\u00f5es de dif\u00edcil acesso do Pantanal corumbaense (Foto: Ren\u00ea Marcio Carneiro\/PMC)<\/figcaption><\/figure>\n<figure class=\"gallery-item\">\n<div class=\"gallery-icon landscape\"><a role=\"link\" href=\"https:\/\/www.corumba.ms.gov.br\/2021\/02\/povo-das-aguas-atende-ribeirinhos-da-parte-alta-do-rio-paraguai-a-partir-de-sabado\/povo-das-aguas-atende-ribeirinhos-da-parte-alta-do-rio-paraguai-a-partir-de-sabado-3\/\"><img loading=\"lazy\" decoding=\"async\" class=\"attachment-large size-large\" src=\"https:\/\/www.corumba.ms.gov.br\/wp-content\/uploads\/2021\/02\/Povo-das-Aguas-atende-ribeirinhos-da-parte-alta-do-rio-Paraguai-a-partir-de-sabado-3-1024x683.jpg\" sizes=\"auto, (max-width: 1024px) 100vw, 1024px\" srcset=\"https:\/\/www.corumba.ms.gov.br\/wp-content\/uploads\/2021\/02\/Povo-das-Aguas-atende-ribeirinhos-da-parte-alta-do-rio-Paraguai-a-partir-de-sabado-3-1024x683.jpg 1024w, https:\/\/www.corumba.ms.gov.br\/wp-content\/uploads\/2021\/02\/Povo-das-Aguas-atende-ribeirinhos-da-parte-alta-do-rio-Paraguai-a-partir-de-sabado-3-300x200.jpg 300w, https:\/\/www.corumba.ms.gov.br\/wp-content\/uploads\/2021\/02\/Povo-das-Aguas-atende-ribeirinhos-da-parte-alta-do-rio-Paraguai-a-partir-de-sabado-3-768x512.jpg 768w, https:\/\/www.corumba.ms.gov.br\/wp-content\/uploads\/2021\/02\/Povo-das-Aguas-atende-ribeirinhos-da-parte-alta-do-rio-Paraguai-a-partir-de-sabado-3.jpg 1200w\" alt=\"\" width=\"1024\" height=\"683\" aria-describedby=\"gallery-1-109982\"><\/a><\/div><figcaption id=\"gallery-1-109982\" class=\"wp-caption-text gallery-caption\">Programa Social Povo das \u00c1guas atende fam\u00edlias que residem em regi\u00f5es de dif\u00edcil acesso do Pantanal corumbaense (Foto: Ren\u00ea Marcio Carneiro\/PMC)<\/figcaption><\/figure>\n<\/div>\n","protected":false},"excerpt":{"rendered":"<p>Promovido pela Prefeitura de Corumb\u00e1, o Programa Social Povo das \u00c1guas vai atender as fam\u00edlias&#8230;<\/p>\n","protected":false},"author":70,"featured_media":11712572,"comment_status":"closed","ping_status":"closed","sticky":false,"template":"","format":"standard","meta":{"footnotes":""},"categories":[8,14],"tags":[],"class_list":["post-11712571","post","type-post","status-publish","format-standard","has-post-thumbnail","hentry","category-destaque","category-geral"],"_links":{"self":[{"href":"https:\/\/www.corumbaonline.com.br\/news\/wp-json\/wp\/v2\/posts\/11712571","targetHints":{"allow":["GET"]}}],"collection":[{"href":"https:\/\/www.corumbaonline.com.br\/news\/wp-json\/wp\/v2\/posts"}],"about":[{"href":"https:\/\/www.corumbaonline.com.br\/news\/wp-json\/wp\/v2\/types\/post"}],"author":[{"embeddable":true,"href":"https:\/\/www.corumbaonline.com.br\/news\/wp-json\/wp\/v2\/users\/70"}],"replies":[{"embeddable":true,"href":"https:\/\/www.corumbaonline.com.br\/news\/wp-json\/wp\/v2\/comments?post=11712571"}],"version-history":[{"count":2,"href":"https:\/\/www.corumbaonline.com.br\/news\/wp-json\/wp\/v2\/posts\/11712571\/revisions"}],"predecessor-version":[{"id":11712579,"href":"https:\/\/www.corumbaonline.com.br\/news\/wp-json\/wp\/v2\/posts\/11712571\/revisions\/11712579"}],"wp:featuredmedia":[{"embeddable":true,"href":"https:\/\/www.corumbaonline.com.br\/news\/wp-json\/wp\/v2\/media\/11712572"}],"wp:attachment":[{"href":"https:\/\/www.corumbaonline.com.br\/news\/wp-json\/wp\/v2\/media?parent=11712571"}],"wp:term":[{"taxonomy":"category","embeddable":true,"href":"https:\/\/www.corumbaonline.com.br\/news\/wp-json\/wp\/v2\/categories?post=11712571"},{"taxonomy":"post_tag","embeddable":true,"href":"https:\/\/www.corumbaonline.com.br\/news\/wp-json\/wp\/v2\/tags?post=11712571"}],"curies":[{"name":"wp","href":"https:\/\/api.w.org\/{rel}","templated":true}]}}