{"id":11712588,"date":"2021-02-24T08:37:00","date_gmt":"2021-02-24T12:37:00","guid":{"rendered":"http:\/\/www.corumbaonline.com.br\/news\/?p=11712588"},"modified":"2021-02-24T09:04:23","modified_gmt":"2021-02-24T13:04:23","slug":"aulas-nas-escolas-da-reme-de-corumba-comecam-em-1-de-marco-com-atividades-nao-presenciais","status":"publish","type":"post","link":"https:\/\/www.corumbaonline.com.br\/news\/aulas-nas-escolas-da-reme-de-corumba-comecam-em-1-de-marco-com-atividades-nao-presenciais\/","title":{"rendered":"Aulas nas escolas da REME de Corumb\u00e1 come\u00e7am em 1\u00b0 de mar\u00e7o com atividades n\u00e3o presenciais"},"content":{"rendered":"<p>As aulas nas escolas da Rede Municipal de Ensino de Corumb\u00e1 (REME) come\u00e7am na segunda-feira, 1\u00b0 de mar\u00e7o. Mas, os alunos ainda n\u00e3o v\u00e3o frequentar as escolas semanalmente. De acordo com a Secretaria Municipal de Educa\u00e7\u00e3o (SEMED), as aulas retornam com atividades n\u00e3o presenciais e avan\u00e7ando progressivamente para o presencial.<\/p>\n<p>\u201cNa Rede Municipal as aulas retornam com atividades n\u00e3o presenciais no dia 1\u00b0 de mar\u00e7o. E, progressivamente retornaremos \u00e0s atividades presenciais. A partir do dia 15 de mar\u00e7o faremos atendimentos presenciais agendados em grupos de at\u00e9 cinco alunos por turma, diariamente. Um pr\u00f3ximo passo, ser\u00e1 o rod\u00edzio semanal de estudantes, previsto para o m\u00eas de abril, desde que autorizado pelo Comit\u00ea Municipal de Retorno \u00e0s Aulas Presenciais\u201d, informou a gerente de Pol\u00edticas Educacionais da SEMED, Maria Aparecida Dias de Moura.<\/p>\n<p>\u201cAs equipes escolares est\u00e3o entrando em contato com as fam\u00edlias dos nossos alunos para marcar uma data para que assinem o Termo de Responsabilidade e Comprometimento com as aulas em 2021. Temos todo um regramento para esse processo. A fam\u00edlia vai poder decidir se v\u00e3o optar pelo acompanhamento \u00e0 dist\u00e2ncia ou por participar dos agendamentos presenciais e futuramente dos rod\u00edzios semanais na escola. Os pais v\u00e3o conhecer todas as regras de acordo com as resolu\u00e7\u00f5es e o protocolo de biosseguran\u00e7a da Rede Municipal de Ensino. As fam\u00edlias precisam ficar atentas aos meios de contato que disponibilizaram nas escolas. Quem, at\u00e9 o in\u00edcio da semana que vem, n\u00e3o receber contato deve procurar pela escola, preferencialmente por telefone, para maiores informa\u00e7\u00f5es\u201d, disse a gerente de Pol\u00edticas Educacionais da Secretaria de Educa\u00e7\u00e3o.<\/p>\n<p>A Secret\u00e1ria- Adjunta de Educa\u00e7\u00e3o, Maria do Carmo Provenzano de Arruda Brum, informou que os professores da REME est\u00e3o trabalhando desde o in\u00edcio de fevereiro. \u201cDesde o dia 03 de fevereiro os professores efetivos j\u00e1 retornaram \u00e0s escolas com realiza\u00e7\u00e3o de forma\u00e7\u00f5es; di\u00e1logos com os gestores e coordenadores para adapta\u00e7\u00e3o a esse novo normal\u201c, explicou a secret\u00e1ria adjunta de Educa\u00e7\u00e3o, Maria do Carmo Provenzano de Arruda Brum. Na segunda-feira, 22 de fevereiro, os professores contratados e os que t\u00eam complementa\u00e7\u00e3o de carga iniciaram as atividades. \u201cIntensificamos o contato com as escolas para possam estar bem preparados para esse recome\u00e7o\u201d, complementou a secret\u00e1ria adjunta de Educa\u00e7\u00e3o.<\/p>\n","protected":false},"excerpt":{"rendered":"<p>As aulas nas escolas da Rede Municipal de Ensino de Corumb\u00e1 (REME) come\u00e7am na segunda-feira,&#8230;<\/p>\n","protected":false},"author":70,"featured_media":11712589,"comment_status":"closed","ping_status":"closed","sticky":false,"template":"","format":"standard","meta":{"footnotes":""},"categories":[8,10],"tags":[],"class_list":["post-11712588","post","type-post","status-publish","format-standard","has-post-thumbnail","hentry","category-destaque","category-educacao"],"_links":{"self":[{"href":"https:\/\/www.corumbaonline.com.br\/news\/wp-json\/wp\/v2\/posts\/11712588","targetHints":{"allow":["GET"]}}],"collection":[{"href":"https:\/\/www.corumbaonline.com.br\/news\/wp-json\/wp\/v2\/posts"}],"about":[{"href":"https:\/\/www.corumbaonline.com.br\/news\/wp-json\/wp\/v2\/types\/post"}],"author":[{"embeddable":true,"href":"https:\/\/www.corumbaonline.com.br\/news\/wp-json\/wp\/v2\/users\/70"}],"replies":[{"embeddable":true,"href":"https:\/\/www.corumbaonline.com.br\/news\/wp-json\/wp\/v2\/comments?post=11712588"}],"version-history":[{"count":1,"href":"https:\/\/www.corumbaonline.com.br\/news\/wp-json\/wp\/v2\/posts\/11712588\/revisions"}],"predecessor-version":[{"id":11712590,"href":"https:\/\/www.corumbaonline.com.br\/news\/wp-json\/wp\/v2\/posts\/11712588\/revisions\/11712590"}],"wp:featuredmedia":[{"embeddable":true,"href":"https:\/\/www.corumbaonline.com.br\/news\/wp-json\/wp\/v2\/media\/11712589"}],"wp:attachment":[{"href":"https:\/\/www.corumbaonline.com.br\/news\/wp-json\/wp\/v2\/media?parent=11712588"}],"wp:term":[{"taxonomy":"category","embeddable":true,"href":"https:\/\/www.corumbaonline.com.br\/news\/wp-json\/wp\/v2\/categories?post=11712588"},{"taxonomy":"post_tag","embeddable":true,"href":"https:\/\/www.corumbaonline.com.br\/news\/wp-json\/wp\/v2\/tags?post=11712588"}],"curies":[{"name":"wp","href":"https:\/\/api.w.org\/{rel}","templated":true}]}}