{"id":11712603,"date":"2021-02-24T10:01:00","date_gmt":"2021-02-24T14:01:00","guid":{"rendered":"http:\/\/www.corumbaonline.com.br\/news\/?p=11712603"},"modified":"2021-02-24T10:53:58","modified_gmt":"2021-02-24T14:53:58","slug":"vereadores-pedem-providencias-para-acabar-com-aglomeracoes-e-brigas-no-porto-geral","status":"publish","type":"post","link":"https:\/\/www.corumbaonline.com.br\/news\/vereadores-pedem-providencias-para-acabar-com-aglomeracoes-e-brigas-no-porto-geral\/","title":{"rendered":"Vereadores pedem provid\u00eancias para acabar com aglomera\u00e7\u00f5es e brigas no Porto Geral"},"content":{"rendered":"<p>As constantes aglomera\u00e7\u00f5es e brigas generalizadas que est\u00e3o ocorrendo no Porto Geral de Corumb\u00e1, principalmente nos finais de semana, foi um assunto amplamente debatido na sess\u00e3o de ontem, ter\u00e7a-feira, 23, na C\u00e2mara. O assunto foi levantado pelos vereadores Allex Dellas e Chic\u00e3o Vianna que apresentaram requerimentos solicitando \u00e0s autoridades, provid\u00eancias no sentido de acabar com tais tipos de acontecimentos, e em plena pandemia da Covid-19.<\/p>\n<p>Em sua solicita\u00e7\u00e3o, Dellas pediu refor\u00e7o do patrulhamento no Porto, principalmente no per\u00edodo noturno e nos finais de semana. O requerimento foi endere\u00e7ado ao secret\u00e1rio municipal de Seguran\u00e7a P\u00fablica e Defesa Social, C\u00e9zar Freitas Duarte, com c\u00f3pia ao comandante do 6\u00ba Batalh\u00e3o da Pol\u00edcia Militar, tenente-coronel \u00c9lcio Almeida. Destacou que, al\u00e9m das aglomera\u00e7\u00f5es em per\u00edodo de pandemia da Covid, est\u00e3o ocorrendo \u201cbrigas, roubos e furtos, n\u00e3o se respeito o toque de recolher vigente\u201d.<\/p>\n<p>Chic\u00e3o, por sua vez, requereu o envio de expediente ao secret\u00e1rio de Estado de Seguran\u00e7a P\u00fablica, solicitando envio de contingente com o intuito de auxiliar a seguran\u00e7a no Porto Geral. Conforme ele, \u201cseria de grande valia que fossem enviados refor\u00e7os da Pol\u00edcia Militar, de regimentos como tropa de choque e cavalaria, uma vez que, em todos os finais de semana, ocorr\u00eancias de brigas e confus\u00f5es v\u00eam sendo constantes, colocando em risco a seguran\u00e7a todo que passam pelo local, al\u00e9m de contribuir para propaga\u00e7\u00e3o do coronav\u00edrus\u201d.<\/p>\n<p>O assunto tomou propor\u00e7\u00f5es com Chic\u00e3o Vianna fazendo uso da palavra, utilizando inclusive recursos da m\u00eddia social (live), pedindo provid\u00eancias das autoridades, de uma maneira geral, \u201cpara solucionar o problema, inclusive, se necess\u00e1rio, com do\u00e7\u00e3o de medidas impopulares, como fechamento do Porto Geral\u201d, refor\u00e7ou.<\/p>\n<p>Outros vereadores tamb\u00e9m comentaram a quest\u00e3o. O presidente do Legislativo disse se tratar de um \u201cproblema s\u00e9rio que precisa ser solucionado\u201d e que \u00e9 necess\u00e1ria a uni\u00e3o de esfor\u00e7os pra que isso acontece.<\/p>\n<p>Raquel Bryk lembrou que ela, Fa\u00e7anha e o primeiro vice-presidente da Casa de Lei, Manoel Rodrigues, fizeram um pedido ao deputado Evander Vendramini, solicitando mais policiais militares, de forma urgente, n\u00e3o apenas para atender o Porto Geral, mas toda a cidade.<\/p>\n<p>O vereador Nelsinho Dib destacou que a dire\u00e7\u00e3o da Acert (Associa\u00e7\u00e3o Corumbaense das Empresas e Turismo), j\u00e1 se disp\u00f4s a doar para o Munic\u00edpio, tr\u00eas quiosques que seriam utilizados pelas for\u00e7as de seguran\u00e7a em pontos estrat\u00e9gicos do Porto, como forma de inibir aglomera\u00e7\u00f5es e a viol\u00eancia.<\/p>\n<p>Manoel Rodrigues acentuou que \u00e9 preciso buscar alternativas para solucionar o problema, e que, inclusive, j\u00e1 est\u00e1 em entendimentos com o comandante da Pol\u00edcia Militar, tenente-coronel \u00c9lcio Almeida, para um encontro com os vereadores, e tratar desse e de outros assuntos, j\u00e1 que a atual situa\u00e7\u00e3o n\u00e3o \u00e9 exclusiva do Porto Geral, \u201cmas de toda a cidade\u201d.<\/p>\n","protected":false},"excerpt":{"rendered":"<p>As constantes aglomera\u00e7\u00f5es e brigas generalizadas que est\u00e3o ocorrendo no Porto Geral de Corumb\u00e1, principalmente&#8230;<\/p>\n","protected":false},"author":21,"featured_media":11712604,"comment_status":"closed","ping_status":"closed","sticky":false,"template":"","format":"standard","meta":{"footnotes":""},"categories":[116,8,19,21],"tags":[],"class_list":["post-11712603","post","type-post","status-publish","format-standard","has-post-thumbnail","hentry","category-coronavirus","category-destaque","category-politica","category-saude"],"_links":{"self":[{"href":"https:\/\/www.corumbaonline.com.br\/news\/wp-json\/wp\/v2\/posts\/11712603","targetHints":{"allow":["GET"]}}],"collection":[{"href":"https:\/\/www.corumbaonline.com.br\/news\/wp-json\/wp\/v2\/posts"}],"about":[{"href":"https:\/\/www.corumbaonline.com.br\/news\/wp-json\/wp\/v2\/types\/post"}],"author":[{"embeddable":true,"href":"https:\/\/www.corumbaonline.com.br\/news\/wp-json\/wp\/v2\/users\/21"}],"replies":[{"embeddable":true,"href":"https:\/\/www.corumbaonline.com.br\/news\/wp-json\/wp\/v2\/comments?post=11712603"}],"version-history":[{"count":1,"href":"https:\/\/www.corumbaonline.com.br\/news\/wp-json\/wp\/v2\/posts\/11712603\/revisions"}],"predecessor-version":[{"id":11712605,"href":"https:\/\/www.corumbaonline.com.br\/news\/wp-json\/wp\/v2\/posts\/11712603\/revisions\/11712605"}],"wp:featuredmedia":[{"embeddable":true,"href":"https:\/\/www.corumbaonline.com.br\/news\/wp-json\/wp\/v2\/media\/11712604"}],"wp:attachment":[{"href":"https:\/\/www.corumbaonline.com.br\/news\/wp-json\/wp\/v2\/media?parent=11712603"}],"wp:term":[{"taxonomy":"category","embeddable":true,"href":"https:\/\/www.corumbaonline.com.br\/news\/wp-json\/wp\/v2\/categories?post=11712603"},{"taxonomy":"post_tag","embeddable":true,"href":"https:\/\/www.corumbaonline.com.br\/news\/wp-json\/wp\/v2\/tags?post=11712603"}],"curies":[{"name":"wp","href":"https:\/\/api.w.org\/{rel}","templated":true}]}}