{"id":11712606,"date":"2021-02-24T10:14:00","date_gmt":"2021-02-24T14:14:00","guid":{"rendered":"http:\/\/www.corumbaonline.com.br\/news\/?p=11712606"},"modified":"2021-02-24T11:55:05","modified_gmt":"2021-02-24T15:55:05","slug":"prefeito-de-corumba-participa-de-encontro-com-presidentes-da-alems-e-assomasul-sobre-acessibilidade-no-pantanal","status":"publish","type":"post","link":"https:\/\/www.corumbaonline.com.br\/news\/prefeito-de-corumba-participa-de-encontro-com-presidentes-da-alems-e-assomasul-sobre-acessibilidade-no-pantanal\/","title":{"rendered":"Prefeito de Corumb\u00e1 participa de encontro com presidentes da ALEMS e Assomasul sobre acessibilidade no Pantanal"},"content":{"rendered":"<p>O prefeito Mar elo Iunes participou nessa ter\u00e7a-feira, 23 de fevereiro, de uma reuni\u00e3o com o presidente da Assembleia Legislativa de Mato Grosso do Sul (ALEMS), deputado Paulo Corr\u00eaa, e o presidente da Assomasul (Associa\u00e7\u00e3o dos Munic\u00edpios de Mato Grosso do Sul), Valdir J\u00fanior, para buscar alternativas para melhorar a acessibilidade na regi\u00e3o pantaneira.<\/p>\n<p>Os prefeitos de Miranda, Edson Moraes, e de Anast\u00e1cio, Nildo Alves, tamb\u00e9m participaram do encontro, bem como o deputado estadual Evander Vendramini e produtores rurais do Pantanal. \u201cFoi uma agenda muito produtiva, onde assumimos o compromisso de buscar melhorar o acesso principalmente para os locais mais afetados pelas queimadas de 2020\u201d, afirmou o prefeito de Corumb\u00e1.<\/p>\n<p>\u201cForam 15 pontes queimadas ou danificadas no per\u00edodo das grandes queimadas. Al\u00e9m disso, as fortes chuvas deste come\u00e7o de ano tamb\u00e9m causaram grandes estragos. Mas temos a certeza que o Governador Reinaldo Azambuja e o novo secret\u00e1rio estadual de Infraestrutura, Eduardo Riedel, que sempre foi um grande parceiro de nossa regi\u00e3o, v\u00e3o nos apoiar onde for poss\u00edvel\u201d, continuou Marcelo Iunes.<\/p>\n<p>\u201cTamb\u00e9m nos comprometemos a buscar apoio em Bras\u00edlia porque o Pantanal possuiu um dos maiores rebanhos bovinos do Pa\u00eds, \u00e9 um importante setor da economia do Mato Grosso do Sul e precisa sim de mobilidade para seguir crescendo e gerando emprego e renda para nossa gente\u201d, finalizou o prefeito corumbaense.<\/p>\n<p>\u201cReuni\u00e3o produtiva, e que resta demonstrada a capacidade de investimento numa regi\u00e3o que era totalmente esquecida no MS, mas que hoje tem minimamente infraestrutura para escoamento da produ\u00e7\u00e3o. Temos ,algumas dificuldades a superar com as chuvas de mar\u00e7o, mas o governador e o novo secret\u00e1rio de infraestrutura, Eduardo Riedel, j\u00e1 se comprometeram a fazer uma maior aproxima\u00e7\u00e3o da Agesul (Ag\u00eancia Estadual de Gest\u00e3o de Empreendimentos) com as demandas do Estado, especialmente do Pantanal\u201d, pontuou o presidente da ALEMS, durante a sess\u00e3o desta manh\u00e3.<\/p>\n<p>No encontro na sede da Assomasul, produtores da regi\u00e3o solicitaram urg\u00eancia em alguns pontos, como a recupera\u00e7\u00e3o de pontes queimadas durante os inc\u00eandios que atingiram o Pantanal em 2020, bem como manuten\u00e7\u00e3o de servi\u00e7os e das estradas regi\u00e3o, para permitir n\u00e3o apenas escoamento da produ\u00e7\u00e3o, mas tamb\u00e9m acesso \u00e0s propriedades.<\/p>\n<p>O presidente da Assomasul e prefeito de Nioaque, destacou a presen\u00e7a de Paulo Corr\u00eaa e do deputado Evander Vendramini na agenda, bem como de representantes da Agesul, para atendimento dos pleitos de produtores e dos prefeitos. \u201cVamos receber essas demandas sabendo que \u00e9 cr\u00edtica a situa\u00e7\u00e3o de nossa regi\u00e3o. N\u00e3o como uma forma de pressionar o governo que tem feito muitas obras, mas como uma forma de buscar apoio\u201d, frisou Valdir J\u00fanior.<\/p>\n<p>Durante a reuni\u00e3o, t\u00e9cnicos da Agesul apresentaram alguns investimentos que j\u00e1 est\u00e3o sendo feitos pelo governo na regi\u00e3o, e outras que devem sair do papel nas pr\u00f3ximas semanas. \u201cSabemos que nenhum governo fez o que o governo do Reinaldo est\u00e1 fazendo pra n\u00f3s, isso \u00e9 indiscut\u00edvel. Mas precisamos nos articular, sensibilizar o governo do Estado para que ele nos atenda\u201d, afirmou, durante o encontro, o prefeito de Anast\u00e1cio.<\/p>\n<p>Com informa\u00e7\u00f5es da assessoria de imprensa do deputado Paulo Corr\u00eaa<\/p>\n","protected":false},"excerpt":{"rendered":"<p>O prefeito Mar elo Iunes participou nessa ter\u00e7a-feira, 23 de fevereiro, de uma reuni\u00e3o com&#8230;<\/p>\n","protected":false},"author":70,"featured_media":11712607,"comment_status":"closed","ping_status":"closed","sticky":false,"template":"","format":"standard","meta":{"footnotes":""},"categories":[14],"tags":[],"class_list":["post-11712606","post","type-post","status-publish","format-standard","has-post-thumbnail","hentry","category-geral"],"_links":{"self":[{"href":"https:\/\/www.corumbaonline.com.br\/news\/wp-json\/wp\/v2\/posts\/11712606","targetHints":{"allow":["GET"]}}],"collection":[{"href":"https:\/\/www.corumbaonline.com.br\/news\/wp-json\/wp\/v2\/posts"}],"about":[{"href":"https:\/\/www.corumbaonline.com.br\/news\/wp-json\/wp\/v2\/types\/post"}],"author":[{"embeddable":true,"href":"https:\/\/www.corumbaonline.com.br\/news\/wp-json\/wp\/v2\/users\/70"}],"replies":[{"embeddable":true,"href":"https:\/\/www.corumbaonline.com.br\/news\/wp-json\/wp\/v2\/comments?post=11712606"}],"version-history":[{"count":1,"href":"https:\/\/www.corumbaonline.com.br\/news\/wp-json\/wp\/v2\/posts\/11712606\/revisions"}],"predecessor-version":[{"id":11712608,"href":"https:\/\/www.corumbaonline.com.br\/news\/wp-json\/wp\/v2\/posts\/11712606\/revisions\/11712608"}],"wp:featuredmedia":[{"embeddable":true,"href":"https:\/\/www.corumbaonline.com.br\/news\/wp-json\/wp\/v2\/media\/11712607"}],"wp:attachment":[{"href":"https:\/\/www.corumbaonline.com.br\/news\/wp-json\/wp\/v2\/media?parent=11712606"}],"wp:term":[{"taxonomy":"category","embeddable":true,"href":"https:\/\/www.corumbaonline.com.br\/news\/wp-json\/wp\/v2\/categories?post=11712606"},{"taxonomy":"post_tag","embeddable":true,"href":"https:\/\/www.corumbaonline.com.br\/news\/wp-json\/wp\/v2\/tags?post=11712606"}],"curies":[{"name":"wp","href":"https:\/\/api.w.org\/{rel}","templated":true}]}}