{"id":11712636,"date":"2021-02-25T11:22:00","date_gmt":"2021-02-25T15:22:00","guid":{"rendered":"http:\/\/www.corumbaonline.com.br\/news\/?p=11712636"},"modified":"2021-02-25T12:51:48","modified_gmt":"2021-02-25T16:51:48","slug":"vereador-pede-informacoes-sobre-imovel-em-situacao-de-abandono-no-centro-da-cidade","status":"publish","type":"post","link":"https:\/\/www.corumbaonline.com.br\/news\/vereador-pede-informacoes-sobre-imovel-em-situacao-de-abandono-no-centro-da-cidade\/","title":{"rendered":"Vereador pede informa\u00e7\u00f5es sobre im\u00f3vel em situa\u00e7\u00e3o de abandono no centro da cidade"},"content":{"rendered":"<p>O vereador Yussef Salla est\u00e1 solicitando informa\u00e7\u00f5es por parte da Prefeitura e do Instituto do Patrim\u00f4nio Hist\u00f3rico e Art\u00edstico Nacional (IPHAN), sobre um im\u00f3vel no centro da cidade que se encontra em situa\u00e7\u00e3o de abandono, com riscos de desabamento, inclusive.<\/p>\n<p>A solicita\u00e7\u00e3o foi feita durante sess\u00e3o do Poder Legislativo Corumbaense e endere\u00e7ada ao secret\u00e1rio de Infraestrutura e Servi\u00e7os P\u00fablicos, Luiz Fernando Moreira, e \u00e0 dire\u00e7\u00e3o do IPHAN, para se saber quem \u00e9 respons\u00e1vel pelo im\u00f3vel do im\u00f3vel: Solicitando informa\u00e7\u00f5es \u00e1 respeito desse im\u00f3vel localizado na esquina da Rua Major Gama com a 13 de Junho.<\/p>\n<p>\u201cO im\u00f3vel est\u00e1 em condi\u00e7\u00f5es prec\u00e1rias e fica localizado na \u00e1rea central de Corumb\u00e1, que \u00e9 tombada pelo Patrim\u00f4nio Hist\u00f3rico. Precisamos saber quem \u00e9 o respons\u00e1vel e buscar solu\u00e7\u00f5es visando a sua recupera\u00e7\u00e3o, e at\u00e9 mesmo transform\u00e1-lo em um espa\u00e7o p\u00fablico voltado para atividades culturais, inclusive\u201d, observou.<\/p>\n<p>Salla ressaltou ainda que muitos im\u00f3veis antigos, constru\u00eddos no in\u00edcio do s\u00e9culo passado, com mais de 100 anos, que se encontram em estado de abandono. \u201cDevemos preservar im\u00f3veis e \u00e1reas p\u00fablicas de alta relev\u00e2ncia para nossa hist\u00f3ria. Por isso estamos solicitando informa\u00e7\u00f5es junto aos \u00f3rg\u00e3os respons\u00e1veis em rela\u00e7\u00e3o \u00e0 responsabilidade desse im\u00f3vel que est\u00e1 em ru\u00edna, para debater, buscar solu\u00e7\u00f5es e preservar a nossa hist\u00f3ria\u201d, refor\u00e7ou.<\/p>\n<p>Ele lembra que, dias atr\u00e1s, ocorreu um inc\u00eandio no local e, gra\u00e7as \u00e0 interven\u00e7\u00e3o dos bombeiros, as chamas foram controladas, caso contr\u00e1rio, poderia ter sido consumido pelo fogo, atingindo ainda outro im\u00f3veis na regi\u00e3o. Yussef destaca que \u00e9 preciso o Poder P\u00fablico desenvolver um projeto, no sentido de restaurar esses pr\u00e9dios, preservar.<\/p>\n<p>\u201cIm\u00f3veis e \u00e1reas p\u00fablicas de alta relev\u00e2ncia para nossa hist\u00f3ria, devem ser preservados, transformados em algo melhor, dar uma finalidade para esses empreendimentos\u201d, completou.<\/p>\n<p>PAVIMENTA\u00c7\u00c3O<\/p>\n<p>Por outro lado, o vereador pedetista requereu junto \u00e0 pasta de Infraestrutura e Servi\u00e7os P\u00fablicos, a pavimenta\u00e7\u00e3o asf\u00e1ltica da Rua Paran\u00e1, entre as ruas Marechal Floriano e a Rep\u00fablica da Bol\u00edvia, como forma de solucionar um s\u00e9rio problema de mobilidade que a comunidade enfrenta, devido \u00e0s condi\u00e7\u00f5es de tr\u00e1fego naquela via. Segundo ele, o excesso de buracos dificultam o tr\u00e1fego, causando danos aos ve\u00edculos e riscos \u00e0 integridade f\u00edsica de quem trafega pela regi\u00e3o, al\u00e9m de preju\u00edzos materiais.<\/p>\n<p>Al\u00e9m disso, est\u00e1 buscando a execu\u00e7\u00e3o de obras de pavimenta\u00e7\u00e3o em lajotas sextavadas da Alameda Santa Rita, localizada entre as ruas Gon\u00e7alves Dias e Monte Castelo. Trata-se de um pedido dos moradores do Bairro Aeroporto que est\u00e3o enfrentando problemas para trafegar na via devido \u00e0 lama em per\u00edodo de chuva, e poeira durante a seca, causando v\u00e1rios transtornos \u00e0 popula\u00e7\u00e3o local.<\/p>\n<p>RECAPEAMENTO<\/p>\n<p>Yussef solicitou ainda o recapeamento do pavimento da Rua S\u00e3o Paulo, entre as ruas Firmo de Matos e Luiz Feitosa Rodrigues, para acabar com os problemas de tr\u00e1fego, j\u00e1 que as condi\u00e7\u00f5es da pista est\u00e3o piores em virtude das \u00faltimas chuvas, causando transtornos ao moradores.<\/p>\n<p>J\u00e1 para atender moradores do Bairro Universit\u00e1rio, o vereador fez um pedido \u00e0 Prefeitura, para execu\u00e7\u00e3o da limpeza do campo de futebol localizado na Rua Aquidauana, entre as Ruas Afonso Pena e a Silva Jardim. \u201cE um espa\u00e7o frequentado pelos moradores para a pr\u00e1tica de atividades esportivas que n\u00e3o se encontra em condi\u00e7\u00f5es devido \u00e0 grama alta, al\u00e9m do mato e ac\u00famulo de sujeira, aliado ao surgimento de animais pe\u00e7onhentos e muito mosquito, prop\u00edcio para ocasionar uma epidemia no local\u201d, argumentou.<\/p>\n","protected":false},"excerpt":{"rendered":"<p>O vereador Yussef Salla est\u00e1 solicitando informa\u00e7\u00f5es por parte da Prefeitura e do Instituto do&#8230;<\/p>\n","protected":false},"author":63,"featured_media":0,"comment_status":"closed","ping_status":"closed","sticky":false,"template":"","format":"standard","meta":{"footnotes":""},"categories":[19],"tags":[],"class_list":["post-11712636","post","type-post","status-publish","format-standard","hentry","category-politica"],"_links":{"self":[{"href":"https:\/\/www.corumbaonline.com.br\/news\/wp-json\/wp\/v2\/posts\/11712636","targetHints":{"allow":["GET"]}}],"collection":[{"href":"https:\/\/www.corumbaonline.com.br\/news\/wp-json\/wp\/v2\/posts"}],"about":[{"href":"https:\/\/www.corumbaonline.com.br\/news\/wp-json\/wp\/v2\/types\/post"}],"author":[{"embeddable":true,"href":"https:\/\/www.corumbaonline.com.br\/news\/wp-json\/wp\/v2\/users\/63"}],"replies":[{"embeddable":true,"href":"https:\/\/www.corumbaonline.com.br\/news\/wp-json\/wp\/v2\/comments?post=11712636"}],"version-history":[{"count":1,"href":"https:\/\/www.corumbaonline.com.br\/news\/wp-json\/wp\/v2\/posts\/11712636\/revisions"}],"predecessor-version":[{"id":11712637,"href":"https:\/\/www.corumbaonline.com.br\/news\/wp-json\/wp\/v2\/posts\/11712636\/revisions\/11712637"}],"wp:attachment":[{"href":"https:\/\/www.corumbaonline.com.br\/news\/wp-json\/wp\/v2\/media?parent=11712636"}],"wp:term":[{"taxonomy":"category","embeddable":true,"href":"https:\/\/www.corumbaonline.com.br\/news\/wp-json\/wp\/v2\/categories?post=11712636"},{"taxonomy":"post_tag","embeddable":true,"href":"https:\/\/www.corumbaonline.com.br\/news\/wp-json\/wp\/v2\/tags?post=11712636"}],"curies":[{"name":"wp","href":"https:\/\/api.w.org\/{rel}","templated":true}]}}