{"id":11712654,"date":"2021-02-25T14:11:00","date_gmt":"2021-02-25T18:11:00","guid":{"rendered":"http:\/\/www.corumbaonline.com.br\/news\/?p=11712654"},"modified":"2021-02-25T14:02:54","modified_gmt":"2021-02-25T18:02:54","slug":"prefeito-de-corumba-alertou-autoridades-sobre-condicoes-da-br-262-no-inicio-de-fevereiro","status":"publish","type":"post","link":"https:\/\/www.corumbaonline.com.br\/news\/prefeito-de-corumba-alertou-autoridades-sobre-condicoes-da-br-262-no-inicio-de-fevereiro\/","title":{"rendered":"Prefeito de Corumb\u00e1 alertou autoridades sobre condi\u00e7\u00f5es da BR-262 no in\u00edcio de fevereiro"},"content":{"rendered":"<p>No \u00faltimo dia 3 de fevereiro, o prefeito Marcelo Iunes encaminhou um of\u00edcio ao deputado federal Beto Pereira, l\u00edder da bancada sul-mato-grossense na C\u00e2mara dos Deputados, alertando sobre o aumento tr\u00e1fego de caminh\u00f5es e a falta de manuten\u00e7\u00e3o na BR-262, principalmente no trecho entre Corumb\u00e1 e Miranda. O documento tamb\u00e9m foi encaminhado \u00e0 Superintend\u00eancia Regional do DNIT\/MS (Departamento Nacional de Infra-Estrutura de Transportes\/MS).<\/p>\n<p>\u201cCom o baixo n\u00edvel do rio Paraguai, restou inviabilizado o uso da hidrovia para escoar a produ\u00e7\u00e3o das empresas mineradoras de Corumb\u00e1, sendo certo que estas passaram a utilizar o modal rodovi\u00e1rio para tanto. O aumento do uso da BR-262 por caminh\u00f5es com carga pesada traz como consequ\u00eancia a acelera\u00e7\u00e3o do desgaste da massa asf\u00e1ltica, com a ocorr\u00eancia de buracos em alguns pontos da rodovia\u201d, alertou o prefeito corumbaense.<\/p>\n<p>No of\u00edcio, o chefe do Executivo Municipal destacou ainda que a atual situa\u00e7\u00e3o acaba por trazer certo transtorno para a sociedade, seja pelo surgimento de defeitos na pista, seja pelo aumento no n\u00famero de ve\u00edculos na estrada, o que pode gerar acidentes em caso de manuten\u00e7\u00e3o inadequada.<\/p>\n<p>\u201cAs empresas mineradoras da regi\u00e3o empregam juntas mais de 1.000 pessoas, sendo certo que para a continuidade e viabilidade econ\u00f4mica de suas atividades torna-se necess\u00e1rio que o min\u00e9rio extra\u00eddo chegue at\u00e9 seu destino, devendo assim ser compatibilizada a gera\u00e7\u00e3o de empregos com a adequada manuten\u00e7\u00e3o da rodovia, evitando-se assim a ocorr\u00eancia de acidentes na estrada\u201d, prosseguiu Marcelo Iunes, que completou:<\/p>\n<p>\u201cAssim sendo, tem o presente expediente o intuito de solicitar apoio da bancada federal do MS para a viabiliza\u00e7\u00e3o de recursos e ao DNIT para a realiza\u00e7\u00e3o de pronta interven\u00e7\u00e3o nos trechos em que houver necessidade, preservando-se assim a subsist\u00eancia de mais de 1.000 fam\u00edlias com a vida das pessoas que transitam pela BR-262\u201d, finalizou o of\u00edcio.<\/p>\n<p>Nos \u00faltimos dias, a condi\u00e7\u00e3o ruim da BR-262 foi retratada em diversos ve\u00edculos de comunica\u00e7\u00e3o de todo o Mato Grosso do Sul. O assunto tamb\u00e9m foi debatido na Assembleia Legislativa do Estado.<\/p>\n<div id=\"gallery-1\" class=\"gallery galleryid-110069 gallery-columns-4 gallery-size-large\">\n<figure class=\"gallery-item\">\n<div class=\"gallery-icon landscape\"><a role=\"link\" href=\"https:\/\/www.corumba.ms.gov.br\/2021\/02\/prefeito-de-corumba-alertou-autoridades-sobre-condicoes-da-br-262-no-inicio-de-fevereiro\/foto-clvis-neto-5\/\"><img loading=\"lazy\" decoding=\"async\" class=\"attachment-large size-large\" src=\"https:\/\/www.corumba.ms.gov.br\/wp-content\/uploads\/2021\/02\/Foto-Clvis-Neto.jpg\" sizes=\"auto, (max-width: 1024px) 100vw, 1024px\" srcset=\"https:\/\/www.corumba.ms.gov.br\/wp-content\/uploads\/2021\/02\/Foto-Clvis-Neto.jpg 1024w, https:\/\/www.corumba.ms.gov.br\/wp-content\/uploads\/2021\/02\/Foto-Clvis-Neto-300x200.jpg 300w, https:\/\/www.corumba.ms.gov.br\/wp-content\/uploads\/2021\/02\/Foto-Clvis-Neto-768x512.jpg 768w\" alt=\"\" width=\"1024\" height=\"683\" aria-describedby=\"gallery-1-110075\" \/><\/a><\/div><figcaption id=\"gallery-1-110075\" class=\"wp-caption-text gallery-caption\">Fotos: Cl\u00f3vis Neto<\/figcaption><\/figure>\n<figure class=\"gallery-item\">\n<div class=\"gallery-icon landscape\"><a role=\"link\" href=\"https:\/\/www.corumba.ms.gov.br\/2021\/02\/prefeito-de-corumba-alertou-autoridades-sobre-condicoes-da-br-262-no-inicio-de-fevereiro\/foto-clvis-neto03\/\"><img loading=\"lazy\" decoding=\"async\" class=\"attachment-large size-large\" src=\"https:\/\/www.corumba.ms.gov.br\/wp-content\/uploads\/2021\/02\/Foto-Clvis-Neto03.jpg\" sizes=\"auto, (max-width: 1024px) 100vw, 1024px\" srcset=\"https:\/\/www.corumba.ms.gov.br\/wp-content\/uploads\/2021\/02\/Foto-Clvis-Neto03.jpg 1024w, https:\/\/www.corumba.ms.gov.br\/wp-content\/uploads\/2021\/02\/Foto-Clvis-Neto03-300x200.jpg 300w, https:\/\/www.corumba.ms.gov.br\/wp-content\/uploads\/2021\/02\/Foto-Clvis-Neto03-768x512.jpg 768w\" alt=\"\" width=\"1024\" height=\"683\" aria-describedby=\"gallery-1-110076\" \/><\/a><\/div><figcaption id=\"gallery-1-110076\" class=\"wp-caption-text gallery-caption\">Fotos: Cl\u00f3vis Neto<\/figcaption><\/figure>\n<figure class=\"gallery-item\">\n<div class=\"gallery-icon landscape\"><a role=\"link\" href=\"https:\/\/www.corumba.ms.gov.br\/2021\/02\/prefeito-de-corumba-alertou-autoridades-sobre-condicoes-da-br-262-no-inicio-de-fevereiro\/foto-clvis-neto04\/\"><img loading=\"lazy\" decoding=\"async\" class=\"attachment-large size-large\" src=\"https:\/\/www.corumba.ms.gov.br\/wp-content\/uploads\/2021\/02\/Foto-Clvis-Neto04.jpg\" sizes=\"auto, (max-width: 1024px) 100vw, 1024px\" srcset=\"https:\/\/www.corumba.ms.gov.br\/wp-content\/uploads\/2021\/02\/Foto-Clvis-Neto04.jpg 1024w, https:\/\/www.corumba.ms.gov.br\/wp-content\/uploads\/2021\/02\/Foto-Clvis-Neto04-300x200.jpg 300w, https:\/\/www.corumba.ms.gov.br\/wp-content\/uploads\/2021\/02\/Foto-Clvis-Neto04-768x512.jpg 768w\" alt=\"\" width=\"1024\" height=\"683\" aria-describedby=\"gallery-1-110077\" \/><\/a><\/div><figcaption id=\"gallery-1-110077\" class=\"wp-caption-text gallery-caption\">Fotos: Cl\u00f3vis Neto<\/figcaption><\/figure>\n<figure class=\"gallery-item\">\n<div class=\"gallery-icon landscape\"><a role=\"link\" href=\"https:\/\/www.corumba.ms.gov.br\/2021\/02\/prefeito-de-corumba-alertou-autoridades-sobre-condicoes-da-br-262-no-inicio-de-fevereiro\/foto-clvis-neto06\/\"><img loading=\"lazy\" decoding=\"async\" class=\"attachment-large size-large\" src=\"https:\/\/www.corumba.ms.gov.br\/wp-content\/uploads\/2021\/02\/Foto-Clvis-Neto06.jpg\" sizes=\"auto, (max-width: 1024px) 100vw, 1024px\" srcset=\"https:\/\/www.corumba.ms.gov.br\/wp-content\/uploads\/2021\/02\/Foto-Clvis-Neto06.jpg 1024w, https:\/\/www.corumba.ms.gov.br\/wp-content\/uploads\/2021\/02\/Foto-Clvis-Neto06-300x200.jpg 300w, https:\/\/www.corumba.ms.gov.br\/wp-content\/uploads\/2021\/02\/Foto-Clvis-Neto06-768x512.jpg 768w\" alt=\"\" width=\"1024\" height=\"683\" aria-describedby=\"gallery-1-110078\" \/><\/a><\/div><figcaption id=\"gallery-1-110078\" class=\"wp-caption-text gallery-caption\">Fotos: Cl\u00f3vis Neto<\/figcaption><\/figure>\n<\/div>\n","protected":false},"excerpt":{"rendered":"<p>No \u00faltimo dia 3 de fevereiro, o prefeito Marcelo Iunes encaminhou um of\u00edcio ao deputado&#8230;<\/p>\n","protected":false},"author":70,"featured_media":11712655,"comment_status":"closed","ping_status":"closed","sticky":false,"template":"","format":"standard","meta":{"footnotes":""},"categories":[19],"tags":[],"class_list":["post-11712654","post","type-post","status-publish","format-standard","has-post-thumbnail","hentry","category-politica"],"_links":{"self":[{"href":"https:\/\/www.corumbaonline.com.br\/news\/wp-json\/wp\/v2\/posts\/11712654","targetHints":{"allow":["GET"]}}],"collection":[{"href":"https:\/\/www.corumbaonline.com.br\/news\/wp-json\/wp\/v2\/posts"}],"about":[{"href":"https:\/\/www.corumbaonline.com.br\/news\/wp-json\/wp\/v2\/types\/post"}],"author":[{"embeddable":true,"href":"https:\/\/www.corumbaonline.com.br\/news\/wp-json\/wp\/v2\/users\/70"}],"replies":[{"embeddable":true,"href":"https:\/\/www.corumbaonline.com.br\/news\/wp-json\/wp\/v2\/comments?post=11712654"}],"version-history":[{"count":1,"href":"https:\/\/www.corumbaonline.com.br\/news\/wp-json\/wp\/v2\/posts\/11712654\/revisions"}],"predecessor-version":[{"id":11712656,"href":"https:\/\/www.corumbaonline.com.br\/news\/wp-json\/wp\/v2\/posts\/11712654\/revisions\/11712656"}],"wp:featuredmedia":[{"embeddable":true,"href":"https:\/\/www.corumbaonline.com.br\/news\/wp-json\/wp\/v2\/media\/11712655"}],"wp:attachment":[{"href":"https:\/\/www.corumbaonline.com.br\/news\/wp-json\/wp\/v2\/media?parent=11712654"}],"wp:term":[{"taxonomy":"category","embeddable":true,"href":"https:\/\/www.corumbaonline.com.br\/news\/wp-json\/wp\/v2\/categories?post=11712654"},{"taxonomy":"post_tag","embeddable":true,"href":"https:\/\/www.corumbaonline.com.br\/news\/wp-json\/wp\/v2\/tags?post=11712654"}],"curies":[{"name":"wp","href":"https:\/\/api.w.org\/{rel}","templated":true}]}}