{"id":11712664,"date":"2021-02-26T16:41:00","date_gmt":"2021-02-26T20:41:00","guid":{"rendered":"http:\/\/www.corumbaonline.com.br\/news\/?p=11712664"},"modified":"2021-02-26T18:22:20","modified_gmt":"2021-02-26T22:22:20","slug":"vereador-pede-fiscalizacao-ao-trafego-de-veiculos-de-grande-porte-na-br-262","status":"publish","type":"post","link":"https:\/\/www.corumbaonline.com.br\/news\/vereador-pede-fiscalizacao-ao-trafego-de-veiculos-de-grande-porte-na-br-262\/","title":{"rendered":"Vereador pede fiscaliza\u00e7\u00e3o ao tr\u00e1fego de ve\u00edculos de grande porte na BR 262"},"content":{"rendered":"<p>O vereador Alexandre Vasconcellos solicitou esta semana ao superintendente da Pol\u00edcia Rodovi\u00e1ria Federal no Mato Grosso do Sul (PRF), Luiz Alexandre Gomes da Silva, a intensifica\u00e7\u00e3o da fiscaliza\u00e7\u00e3o em rela\u00e7\u00e3o ao peso dos caminh\u00f5es e carretas carregadas de produtos que trafegam na rodovia BR-262, trecho entre Corumb\u00e1 e Miranda.<\/p>\n<p>A solicita\u00e7\u00e3o foi feita, segundo o vereador, devido \u00e0s diversas reclama\u00e7\u00f5es de destrui\u00e7\u00e3o do pavimento asf\u00e1ltico ao longo desse trecho, e que a prov\u00e1vel causa da deteriora\u00e7\u00e3o da rodovia estaria ligada ao tr\u00e1fego de carretas acima do peso permitido pelo DNIT.<\/p>\n<p>O assunto foi bastante debatido durante a sess\u00e3o em que Alexandre apresentou o requerimento, principalmente no que se refere \u00e0 recupera\u00e7\u00e3o da rodovia que, conforme anunciado na Imprensa, o pr\u00f3prio DNIT n\u00e3o tem previs\u00e3o de iniciar os servi\u00e7os em 2021, j\u00e1 que isso depende de contrata\u00e7\u00e3o por meio de processo licitat\u00f3rio.<\/p>\n","protected":false},"excerpt":{"rendered":"<p>O vereador Alexandre Vasconcellos solicitou esta semana ao superintendente da Pol\u00edcia Rodovi\u00e1ria Federal no Mato&#8230;<\/p>\n","protected":false},"author":63,"featured_media":0,"comment_status":"closed","ping_status":"closed","sticky":false,"template":"","format":"standard","meta":{"footnotes":""},"categories":[19],"tags":[],"class_list":["post-11712664","post","type-post","status-publish","format-standard","hentry","category-politica"],"_links":{"self":[{"href":"https:\/\/www.corumbaonline.com.br\/news\/wp-json\/wp\/v2\/posts\/11712664","targetHints":{"allow":["GET"]}}],"collection":[{"href":"https:\/\/www.corumbaonline.com.br\/news\/wp-json\/wp\/v2\/posts"}],"about":[{"href":"https:\/\/www.corumbaonline.com.br\/news\/wp-json\/wp\/v2\/types\/post"}],"author":[{"embeddable":true,"href":"https:\/\/www.corumbaonline.com.br\/news\/wp-json\/wp\/v2\/users\/63"}],"replies":[{"embeddable":true,"href":"https:\/\/www.corumbaonline.com.br\/news\/wp-json\/wp\/v2\/comments?post=11712664"}],"version-history":[{"count":1,"href":"https:\/\/www.corumbaonline.com.br\/news\/wp-json\/wp\/v2\/posts\/11712664\/revisions"}],"predecessor-version":[{"id":11712665,"href":"https:\/\/www.corumbaonline.com.br\/news\/wp-json\/wp\/v2\/posts\/11712664\/revisions\/11712665"}],"wp:attachment":[{"href":"https:\/\/www.corumbaonline.com.br\/news\/wp-json\/wp\/v2\/media?parent=11712664"}],"wp:term":[{"taxonomy":"category","embeddable":true,"href":"https:\/\/www.corumbaonline.com.br\/news\/wp-json\/wp\/v2\/categories?post=11712664"},{"taxonomy":"post_tag","embeddable":true,"href":"https:\/\/www.corumbaonline.com.br\/news\/wp-json\/wp\/v2\/tags?post=11712664"}],"curies":[{"name":"wp","href":"https:\/\/api.w.org\/{rel}","templated":true}]}}