{"id":11712696,"date":"2021-03-01T08:36:00","date_gmt":"2021-03-01T12:36:00","guid":{"rendered":"http:\/\/www.corumbaonline.com.br\/news\/?p=11712696"},"modified":"2021-03-01T10:42:32","modified_gmt":"2021-03-01T14:42:32","slug":"pm-prende-foragido-da-justica-que-usou-nome-falso-durante-abordagem","status":"publish","type":"post","link":"https:\/\/www.corumbaonline.com.br\/news\/pm-prende-foragido-da-justica-que-usou-nome-falso-durante-abordagem\/","title":{"rendered":"PM prende foragido da justi\u00e7a que usou nome falso durante abordagem"},"content":{"rendered":"<p>No s\u00e1bado (27) em rondas ostensivas e preventivas na \u00e1rea central por volta das 8h20, a guarni\u00e7\u00e3o da Pol\u00edcia Militar avistou um indiv\u00edduo em atitude suspeita. A equipe policial realizou a abordagem ao suspeito e em seguida foi indagado sua identidade por\u00e9m ao ser checado via sistema, apresentou nervosismo, quando foi feita outras perguntas ao autor que entrou em contradi\u00e7\u00e3o, fazendo com que o mesmo confessasse seu verdadeiro nome.<\/p>\n<p>Ap\u00f3s checagem via sistema, foi constatado que o autor estava evadido do sistema prisional e que havia rompido a tornozeleira eletr\u00f4nica. Diante disso o foragido, de 28 anos, foi encaminhado para a 1\u00aa Delegacia de Pol\u00edcia Civil.<\/p>\n","protected":false},"excerpt":{"rendered":"<p>No s\u00e1bado (27) em rondas ostensivas e preventivas na \u00e1rea central por volta das 8h20,&#8230;<\/p>\n","protected":false},"author":6,"featured_media":0,"comment_status":"closed","ping_status":"closed","sticky":false,"template":"","format":"standard","meta":{"footnotes":""},"categories":[18],"tags":[],"class_list":["post-11712696","post","type-post","status-publish","format-standard","hentry","category-seguranca"],"_links":{"self":[{"href":"https:\/\/www.corumbaonline.com.br\/news\/wp-json\/wp\/v2\/posts\/11712696","targetHints":{"allow":["GET"]}}],"collection":[{"href":"https:\/\/www.corumbaonline.com.br\/news\/wp-json\/wp\/v2\/posts"}],"about":[{"href":"https:\/\/www.corumbaonline.com.br\/news\/wp-json\/wp\/v2\/types\/post"}],"author":[{"embeddable":true,"href":"https:\/\/www.corumbaonline.com.br\/news\/wp-json\/wp\/v2\/users\/6"}],"replies":[{"embeddable":true,"href":"https:\/\/www.corumbaonline.com.br\/news\/wp-json\/wp\/v2\/comments?post=11712696"}],"version-history":[{"count":1,"href":"https:\/\/www.corumbaonline.com.br\/news\/wp-json\/wp\/v2\/posts\/11712696\/revisions"}],"predecessor-version":[{"id":11712697,"href":"https:\/\/www.corumbaonline.com.br\/news\/wp-json\/wp\/v2\/posts\/11712696\/revisions\/11712697"}],"wp:attachment":[{"href":"https:\/\/www.corumbaonline.com.br\/news\/wp-json\/wp\/v2\/media?parent=11712696"}],"wp:term":[{"taxonomy":"category","embeddable":true,"href":"https:\/\/www.corumbaonline.com.br\/news\/wp-json\/wp\/v2\/categories?post=11712696"},{"taxonomy":"post_tag","embeddable":true,"href":"https:\/\/www.corumbaonline.com.br\/news\/wp-json\/wp\/v2\/tags?post=11712696"}],"curies":[{"name":"wp","href":"https:\/\/api.w.org\/{rel}","templated":true}]}}