{"id":11712819,"date":"2021-03-04T14:23:00","date_gmt":"2021-03-04T18:23:00","guid":{"rendered":"http:\/\/www.corumbaonline.com.br\/news\/?p=11712819"},"modified":"2021-03-04T15:00:42","modified_gmt":"2021-03-04T19:00:42","slug":"camara-vai-prestar-homenagem-as-corumbaenses-pelo-dia-internacional-da-mulher","status":"publish","type":"post","link":"https:\/\/www.corumbaonline.com.br\/news\/camara-vai-prestar-homenagem-as-corumbaenses-pelo-dia-internacional-da-mulher\/","title":{"rendered":"C\u00e2mara vai prestar homenagem \u00e0s corumbaenses pelo Dia Internacional da Mulher"},"content":{"rendered":"<p>O Dia Internacional da Mulher, celebrado em 08 de mar\u00e7o, n\u00e3o vai passar em branco. Ontem, ter\u00e7a-feira, 02 de mar\u00e7o, foi aprovado na C\u00e2mara Municipal um requerimento apresentado pela vereadora e representante feminina no Legislativo corumbaense, Raquel Bryk, uma homenagem \u00e0s mulheres pantaneiras, com outorga de Mo\u00e7\u00f5es de Congratula\u00e7\u00f5es a 15 personalidades que se destacam em a\u00e7\u00f5es voltadas para o desenvolvimento da cidade.<\/p>\n<p>O requerimento, assinado tamb\u00e9m pelos vereadores Roberto Fa\u00e7anha e Manoel Rodrigues, presidente e primeiro vice-presidente da Casa de Leis, prev\u00ea essa homenagem como parte de uma sess\u00e3o ordin\u00e1ria na pr\u00f3xima semana, com um novo formato, conforme o atual momento de pandemia.<\/p>\n<p>\u201cA ideia \u00e9 homenagear as mulheres que se destacam, mas adotando todas as medidas de biosseguran\u00e7a impostas pela pandemia da Covid-19, com p\u00fablico restrito, inclusive\u201d, explicou Raquel, e as 15 mulheres homenageadas ser\u00e3o indicadas pelos vereadores corumbaenses.<\/p>\n<p>Roberto Fa\u00e7anha lembrou que, h\u00e1 anos, a C\u00e2mara realiza sess\u00f5es solenes para homenagear as mulheres no dia dedicado a elas. \u201cAli\u00e1s, em 2020, a \u00faltima sess\u00e3o solene foi justamente no Dia Internacional da Mulher. Logo em seguida, entramos em um regime diferente, imposto pela pandemia da Covid, e temos que nos adequar para continuar prestando nossas homenagens \u00e0quelas pessoas que muito faz pela nossa cidade\u201d, comentou.<\/p>\n","protected":false},"excerpt":{"rendered":"<p>O Dia Internacional da Mulher, celebrado em 08 de mar\u00e7o, n\u00e3o vai passar em branco&#8230;.<\/p>\n","protected":false},"author":9,"featured_media":0,"comment_status":"closed","ping_status":"closed","sticky":false,"template":"","format":"standard","meta":{"footnotes":""},"categories":[19],"tags":[],"class_list":["post-11712819","post","type-post","status-publish","format-standard","hentry","category-politica"],"_links":{"self":[{"href":"https:\/\/www.corumbaonline.com.br\/news\/wp-json\/wp\/v2\/posts\/11712819","targetHints":{"allow":["GET"]}}],"collection":[{"href":"https:\/\/www.corumbaonline.com.br\/news\/wp-json\/wp\/v2\/posts"}],"about":[{"href":"https:\/\/www.corumbaonline.com.br\/news\/wp-json\/wp\/v2\/types\/post"}],"author":[{"embeddable":true,"href":"https:\/\/www.corumbaonline.com.br\/news\/wp-json\/wp\/v2\/users\/9"}],"replies":[{"embeddable":true,"href":"https:\/\/www.corumbaonline.com.br\/news\/wp-json\/wp\/v2\/comments?post=11712819"}],"version-history":[{"count":1,"href":"https:\/\/www.corumbaonline.com.br\/news\/wp-json\/wp\/v2\/posts\/11712819\/revisions"}],"predecessor-version":[{"id":11712820,"href":"https:\/\/www.corumbaonline.com.br\/news\/wp-json\/wp\/v2\/posts\/11712819\/revisions\/11712820"}],"wp:attachment":[{"href":"https:\/\/www.corumbaonline.com.br\/news\/wp-json\/wp\/v2\/media?parent=11712819"}],"wp:term":[{"taxonomy":"category","embeddable":true,"href":"https:\/\/www.corumbaonline.com.br\/news\/wp-json\/wp\/v2\/categories?post=11712819"},{"taxonomy":"post_tag","embeddable":true,"href":"https:\/\/www.corumbaonline.com.br\/news\/wp-json\/wp\/v2\/tags?post=11712819"}],"curies":[{"name":"wp","href":"https:\/\/api.w.org\/{rel}","templated":true}]}}