{"id":11712826,"date":"2021-03-04T15:14:00","date_gmt":"2021-03-04T19:14:00","guid":{"rendered":"http:\/\/www.corumbaonline.com.br\/news\/?p=11712826"},"modified":"2021-03-04T15:28:51","modified_gmt":"2021-03-04T19:28:51","slug":"vereador-pede-relatorio-ao-procon-sobre-processos-multas-e-empresas-penalizadas-em-2020","status":"publish","type":"post","link":"https:\/\/www.corumbaonline.com.br\/news\/vereador-pede-relatorio-ao-procon-sobre-processos-multas-e-empresas-penalizadas-em-2020\/","title":{"rendered":"Vereador pede relat\u00f3rio ao Procon sobre processos, multas e empresas penalizadas em 2020"},"content":{"rendered":"<p>O vereador Alexandre Vasconcellos est\u00e1 buscando uma s\u00e9rie de informa\u00e7\u00f5es junto ao Procon em rela\u00e7\u00e3o \u00e0s a\u00e7\u00f5es desenvolvidas durante o ano de 2020, como forma de tomar conhecimento dos processos abertos e julgados, todos em defesa do consumidor corumbaense.<\/p>\n<p>O requerimento foi direcionado ao direto da Ag\u00eancia Municipal de Prote\u00e7\u00e3o e Defesa do Consumidor, Vital Gon\u00e7alves Migu\u00e9is, e assinado tamb\u00e9m pelos vereadores Manoel Rodrigues e Yussef Salla.<\/p>\n<p>Entre os questionamentos foram solicitados os valores de multas aplicadas no ano de 2020; quais as empresas foram multadas; quantos processos foram julgados durante o ano de 2020, bem como qual o valor que o Procon tem dispon\u00edvel no Fundo de Defesa do Consumidor.<\/p>\n<p>\u201cPrecisamos ter conhecimento e saber se o Procon est\u00e1 punindo os respons\u00e1veis que cometem infra\u00e7\u00f5es contra o consumidor, como \u00e9 o caso da empresa de telefonia OI, respons\u00e1vel pelos servi\u00e7os de Internet na cidade, que sofre com as constantes oscila\u00e7\u00f5es e quedas de sinal\u201d, disse.<\/p>\n<p>Ele fez uma refer\u00eancia \u00e0 cobran\u00e7a feita pelo vereador Ubiratan Canhete de Campos Filho que pediu que o Procon busque junto \u00e0 OI, um relat\u00f3rio dos meses de janeiro e fevereiro de 2021, informando as datas, os hor\u00e1rios e por quanto tempo o servi\u00e7o de internet ficou interrompido em Corumb\u00e1 por rompimento do cabo de fibra \u00f3ptica, ou qualquer outro problema que tenha causado esse tipo de problema.<\/p>\n<p>PAVIMENTO<\/p>\n<p>Por outro lado, o vereador est\u00e1 reivindicando junto ao secret\u00e1rio de Infraestrutura e Servi\u00e7os P\u00fablicos, Luiz Fernando Moreira, a execu\u00e7\u00e3o de obras de recapeamento da pavimenta\u00e7\u00e3o asf\u00e1ltica da Rua Bar\u00e3o do Melga\u00e7o, entre a Avenida Rio Branco e Rua Ricardo Franco, \u00fanico trecho do per\u00edmetro central que n\u00e3o foi recuperado; bem como a pavimenta\u00e7\u00e3o asf\u00e1ltica ou lajotamento da Rua Jo\u00e3o Bosco Mota, entre as ruas Marechal Floriano e Alan Kardec, no conjunto Pi\u00fava.<\/p>\n<p>Outra solicita\u00e7\u00e3o foi a retirada da sinaliza\u00e7\u00e3o de tr\u00e2nsito (faixa amarela) na cal\u00e7ada em frente ao antigo pr\u00e9dio da Administra\u00e7\u00e3o Hidrovi\u00e1ria do Paraguai (AHIPAR), na Rua Treze de Junho entre Frei Mariano e Ant\u00f4nio Maria Coelho. Essa solicita\u00e7\u00e3o foi direcionada ao diretor da Ag\u00eancia Municipal de Tr\u00e2nsito e Transportes de Corumb\u00e1, Senhor L\u00facio Andr\u00e9 Messias de Barros.<\/p>\n<p>Explicou que \u201ca sinaliza\u00e7\u00e3o est\u00e1 causando d\u00favidas aos motoristas para estacionar. Hoje, o pr\u00e9dio est\u00e1 sendo ocupado pelo Ex\u00e9rcito e n\u00e3o h\u00e1 necessidade de pintura amarela no local para delimitar o estacionamento, pr\u00e9dio com estacionamento pr\u00f3prio\u201d, justificou.<\/p>\n","protected":false},"excerpt":{"rendered":"<p>O vereador Alexandre Vasconcellos est\u00e1 buscando uma s\u00e9rie de informa\u00e7\u00f5es junto ao Procon em rela\u00e7\u00e3o&#8230;<\/p>\n","protected":false},"author":63,"featured_media":0,"comment_status":"closed","ping_status":"closed","sticky":false,"template":"","format":"standard","meta":{"footnotes":""},"categories":[19],"tags":[],"class_list":["post-11712826","post","type-post","status-publish","format-standard","hentry","category-politica"],"_links":{"self":[{"href":"https:\/\/www.corumbaonline.com.br\/news\/wp-json\/wp\/v2\/posts\/11712826","targetHints":{"allow":["GET"]}}],"collection":[{"href":"https:\/\/www.corumbaonline.com.br\/news\/wp-json\/wp\/v2\/posts"}],"about":[{"href":"https:\/\/www.corumbaonline.com.br\/news\/wp-json\/wp\/v2\/types\/post"}],"author":[{"embeddable":true,"href":"https:\/\/www.corumbaonline.com.br\/news\/wp-json\/wp\/v2\/users\/63"}],"replies":[{"embeddable":true,"href":"https:\/\/www.corumbaonline.com.br\/news\/wp-json\/wp\/v2\/comments?post=11712826"}],"version-history":[{"count":1,"href":"https:\/\/www.corumbaonline.com.br\/news\/wp-json\/wp\/v2\/posts\/11712826\/revisions"}],"predecessor-version":[{"id":11712827,"href":"https:\/\/www.corumbaonline.com.br\/news\/wp-json\/wp\/v2\/posts\/11712826\/revisions\/11712827"}],"wp:attachment":[{"href":"https:\/\/www.corumbaonline.com.br\/news\/wp-json\/wp\/v2\/media?parent=11712826"}],"wp:term":[{"taxonomy":"category","embeddable":true,"href":"https:\/\/www.corumbaonline.com.br\/news\/wp-json\/wp\/v2\/categories?post=11712826"},{"taxonomy":"post_tag","embeddable":true,"href":"https:\/\/www.corumbaonline.com.br\/news\/wp-json\/wp\/v2\/tags?post=11712826"}],"curies":[{"name":"wp","href":"https:\/\/api.w.org\/{rel}","templated":true}]}}