{"id":11712829,"date":"2021-03-04T15:27:00","date_gmt":"2021-03-04T19:27:00","guid":{"rendered":"http:\/\/www.corumbaonline.com.br\/news\/?p=11712829"},"modified":"2021-03-04T18:01:06","modified_gmt":"2021-03-04T22:01:06","slug":"chega-de-frescura-e-mimimi-diz-bolsonaro-sobre-isolamento","status":"publish","type":"post","link":"https:\/\/www.corumbaonline.com.br\/news\/chega-de-frescura-e-mimimi-diz-bolsonaro-sobre-isolamento\/","title":{"rendered":"&#8216;Chega de frescura e mimimi&#8217;, diz Bolsonaro sobre isolamento"},"content":{"rendered":"<p>Em mais um ataque a medidas de restri\u00e7\u00e3o de circula\u00e7\u00e3o que est\u00e3o sendo adotadas contra a covid-19, o presidente Jair\u00a0<strong>Bolsonaro\u00a0<\/strong>disse que o pa\u00eds precisa parar com &#8220;frescura&#8221; e &#8220;mimimi&#8221; e enfrentar os problemas.<\/p>\n<p>&#8220;Temos que enfrentar nossos problemas. Chega de frescura, de mimimi, vamos ficar chorando at\u00e9 quando? Respeitar obviamente os mais idosos, aqueles que tem doen\u00e7as. Mas onde vai parar o Brasil se n\u00f3s pararmos?&#8221;, disse Bolsonaro em evento em Goi\u00e1s.<\/p>\n<p class=\"text\">Irritado com as decis\u00f5es que t\u00eam sido tomadas por governadores e prefeitos, Bolsonaro repetiu mais uma vez, de forma inver\u00eddica, que o Supremo Tribunal Federal, castrou sua autoridade e que as pol\u00edticas de restri\u00e7\u00e3o de circula\u00e7\u00e3o s\u00e3o uma forma &#8220;ignorante, burra e suicida&#8221; de combater o coronav\u00edrus.<\/p>\n<p class=\"text\">Bolsonaro acusa o STF de ter lhe retirado o poder de tomar decis\u00f5es sobre a pol\u00edtica de combate ao coronav\u00edrus. Na verdade, a decis\u00e3o da corte estabeleceu que Estados e munic\u00edpios podem tamb\u00e9m estabelecer pol\u00edticas e t\u00eam o poder de decidir, por exemplo, sobre fechamento de com\u00e9rcio e escolas.<\/p>\n<p class=\"text\">&#8220;Como eu gostaria de ter o poder, que deveria ser meu, para definir essa pol\u00edtica. Para isso que muitos de voc\u00eas votaram em mim&#8221;, disse o presidente. &#8220;Eu fui eleito para comandar o Brasil. Espero que esse poder me seja restabelecido.&#8221;<\/p>\n<p class=\"text\">Em mais de um momento, Bolsonaro fez quest\u00e3o de dizer que lamenta as mortes, mas especificou que lamenta quaisquer mortes, n\u00e3o apenas as causadas pela pandemia.<\/p>\n<p class=\"text\">Na quarta-feira, o pa\u00eds bateu mais um recorde di\u00e1rio, com 1910 mortes em um dia, chegando a 259.271, cerca de 10% de todas as mortes por Covid-19 ocorridas no mundo.<\/p>\n<p class=\"text\">Bolsonaro, no entanto, sempre foi contr\u00e1rio a medidas de restri\u00e7\u00e3o de circula\u00e7\u00e3o, que s\u00e3o adotadas na tentativa de frear a dissemina\u00e7\u00e3o do coronav\u00edrus, e boicotou medidas similares. Desde o agravamento que se registra nas \u00faltimas semanas, voltou a atacar prefeitos e governadores.<\/p>\n<p class=\"text\">Na noite de quarta, em conversa com apoiadores na chegada ao Pal\u00e1cio da Alvorada, chegou a dizer que, por ele, jamais haveria lockdown &#8211;na verdade, nenhum dos Estados brasileiros chegou a fazer um controle t\u00e3o restritivo, em que as pessoas s\u00e3o, inclusive, proibidas de sair de casa.<\/p>\n<p class=\"text\">&#8220;At\u00e9 quando v\u00e3o ficar dentro e casa, at\u00e9 quando vai se fechar tudo? Ningu\u00e9m aguenta mais isso. Lamentamos as mortes repito, mas temos que ter uma solu\u00e7\u00e3o&#8221;, afirmou. &#8220;Eu apelo aqui, j\u00e1 que me foi castrada a autoridade, para que governadores e prefeitos repensem a pol\u00edtica do fechar tudo. O povo quer trabalhar.&#8221;<\/p>\n","protected":false},"excerpt":{"rendered":"<p>Em mais um ataque a medidas de restri\u00e7\u00e3o de circula\u00e7\u00e3o que est\u00e3o sendo adotadas contra&#8230;<\/p>\n","protected":false},"author":11,"featured_media":0,"comment_status":"closed","ping_status":"closed","sticky":false,"template":"","format":"standard","meta":{"footnotes":""},"categories":[116,19,21],"tags":[],"class_list":["post-11712829","post","type-post","status-publish","format-standard","hentry","category-coronavirus","category-politica","category-saude"],"_links":{"self":[{"href":"https:\/\/www.corumbaonline.com.br\/news\/wp-json\/wp\/v2\/posts\/11712829","targetHints":{"allow":["GET"]}}],"collection":[{"href":"https:\/\/www.corumbaonline.com.br\/news\/wp-json\/wp\/v2\/posts"}],"about":[{"href":"https:\/\/www.corumbaonline.com.br\/news\/wp-json\/wp\/v2\/types\/post"}],"author":[{"embeddable":true,"href":"https:\/\/www.corumbaonline.com.br\/news\/wp-json\/wp\/v2\/users\/11"}],"replies":[{"embeddable":true,"href":"https:\/\/www.corumbaonline.com.br\/news\/wp-json\/wp\/v2\/comments?post=11712829"}],"version-history":[{"count":1,"href":"https:\/\/www.corumbaonline.com.br\/news\/wp-json\/wp\/v2\/posts\/11712829\/revisions"}],"predecessor-version":[{"id":11712830,"href":"https:\/\/www.corumbaonline.com.br\/news\/wp-json\/wp\/v2\/posts\/11712829\/revisions\/11712830"}],"wp:attachment":[{"href":"https:\/\/www.corumbaonline.com.br\/news\/wp-json\/wp\/v2\/media?parent=11712829"}],"wp:term":[{"taxonomy":"category","embeddable":true,"href":"https:\/\/www.corumbaonline.com.br\/news\/wp-json\/wp\/v2\/categories?post=11712829"},{"taxonomy":"post_tag","embeddable":true,"href":"https:\/\/www.corumbaonline.com.br\/news\/wp-json\/wp\/v2\/tags?post=11712829"}],"curies":[{"name":"wp","href":"https:\/\/api.w.org\/{rel}","templated":true}]}}