{"id":11712839,"date":"2021-03-06T10:20:00","date_gmt":"2021-03-06T14:20:00","guid":{"rendered":"http:\/\/www.corumbaonline.com.br\/news\/?p=11712839"},"modified":"2021-03-06T10:25:54","modified_gmt":"2021-03-06T14:25:54","slug":"temporada-de-pesca-comeca-com-alto-indice-de-conscientizacao-ambiental","status":"publish","type":"post","link":"https:\/\/www.corumbaonline.com.br\/news\/temporada-de-pesca-comeca-com-alto-indice-de-conscientizacao-ambiental\/","title":{"rendered":"Temporada de pesca come\u00e7a com alto \u00edndice de conscientiza\u00e7\u00e3o ambiental"},"content":{"rendered":"<p style=\"box-sizing: border-box; margin-bottom: 2em; font-size: 16px; line-height: 1.8em; text-align: justify; color: #212529; font-family: 'Open Sans', sans-serif;\">A temporada de pesca esportiva e profissional nos rios das bacias do Paran\u00e1 e Paraguai come\u00e7ou com apenas uma autua\u00e7\u00e3o por pesca ilegal, em cinco dias de atividades, o que demonstra a queda gradual de redu\u00e7\u00e3o de infra\u00e7\u00f5es ambientais que os dados anuais da Pol\u00edcia Militar Ambiental (PMA) v\u00eam demonstrando.<\/p>\n<p style=\"box-sizing: border-box; margin-top: 0px; margin-bottom: 2em; font-size: 16px; line-height: 1.8em; text-align: justify; color: #212529; font-family: 'Open Sans', sans-serif;\">A pesca de captura foi retomada em 1\u00ba de mar\u00e7o, depois de um m\u00eas (fevereiro) de pesque-solte somente no Rio Paraguai, e a opera\u00e7\u00e3o desencadeada pela PMA n\u00e3o tem encontrado irregulares nos rios e nas estradas, por onde \u00e9 feito o transporte de pescado. Nenhuma ocorr\u00eancia foi registrada durante o pesque-solte.<\/p>\n<p style=\"box-sizing: border-box; margin-top: 0px; margin-bottom: 2em; font-size: 16px; line-height: 1.8em; text-align: justify; color: #212529; font-family: 'Open Sans', sans-serif;\">\u201cOs pescadores tem respeitado as normas ambientais e esperamos que essa conscientiza\u00e7\u00e3o se perdure e se multiplique em favor da preserva\u00e7\u00e3o e da conserva\u00e7\u00e3o dos nossos recursos pesqueiros\u201d, destaca o tenente-coronel Edn\u00edlson Paulino Queir\u00f3z, do setor de Comunica\u00e7\u00e3o do comando-geral da PMA, em Campo Grande.<\/p>\n<p style=\"box-sizing: border-box; margin-top: 0px; margin-bottom: 2em; font-size: 16px; line-height: 1.8em; text-align: justify; color: #212529; font-family: 'Open Sans', sans-serif;\"><span style=\"box-sizing: border-box; font-weight: bolder;\">Sem licen\u00e7a e guia de transporte<\/span><\/p>\n<p style=\"box-sizing: border-box; margin-top: 0px; margin-bottom: 2em; font-size: 16px; line-height: 1.8em; text-align: justify; color: #212529; font-family: 'Open Sans', sans-serif;\">Apenas uma pessoa foi autuada at\u00e9 ontem (5), por n\u00e3o portar licen\u00e7a de pesca, e o trabalho dos policiais ambientais tem sido na manuten\u00e7\u00e3o permanente dos rios e seus afluentes, para combater a pesca predat\u00f3ria e na identifica\u00e7\u00e3o e retirada de petrechos dos rios, como redes de malha, as quais degradam os cardumes.<\/p>\n<figure id=\"attachment_283298\" class=\"wp-caption alignnone\" style=\"box-sizing: border-box; max-width: 96%; height: auto; margin: 5px 20px 20px 0px; background-image: initial; background-position: initial; background-size: initial; background-repeat: initial; background-attachment: initial; background-origin: initial; background-clip: initial; border: 1px solid #f0f0f0; padding: 15px 3px 10px; text-align: center; color: #212529; font-family: 'Open Sans', sans-serif; width: 1024px;\"><a style=\"box-sizing: border-box; color: #444444; text-decoration-line: none; background-color: transparent;\" href=\"http:\/\/www.ms.gov.br\/wp-content\/uploads\/sites\/150\/2019\/11\/Foto-Saul-Schramm-11.jpg\"><img loading=\"lazy\" decoding=\"async\" class=\"wp-image-283298 size-large\" style=\"box-sizing: border-box; vertical-align: middle; border-width: 0px; max-width: 98.5%; margin: 0px; padding: 0px; width: auto;\" src=\"http:\/\/www.ms.gov.br\/wp-content\/uploads\/sites\/150\/2019\/11\/Foto-Saul-Schramm-11-1024x659.jpg\" sizes=\"auto, (max-width: 1024px) 100vw, 1024px\" srcset=\"http:\/\/www.ms.gov.br\/wp-content\/uploads\/sites\/150\/2019\/11\/Foto-Saul-Schramm-11-1024x659.jpg 1024w, http:\/\/www.ms.gov.br\/wp-content\/uploads\/sites\/150\/2019\/11\/Foto-Saul-Schramm-11-300x193.jpg 300w, http:\/\/www.ms.gov.br\/wp-content\/uploads\/sites\/150\/2019\/11\/Foto-Saul-Schramm-11-768x495.jpg 768w\" alt=\"\" width=\"1024\" height=\"659\" \/><\/a><figcaption class=\"wp-caption-text\" style=\"box-sizing: border-box;\">Pesca em Porto Murtinho\u00a0 (Foto: Saul Schramm)<\/figcaption><\/figure>\n<p style=\"box-sizing: border-box; margin-top: 0px; margin-bottom: 2em; font-size: 16px; line-height: 1.8em; text-align: justify; color: #212529; font-family: 'Open Sans', sans-serif;\">O pescador autuado, de 27 anos, cujo nome n\u00e3o foi informado, procurou na ter\u00e7a-feira (2) o posto fiscal da PMA situado na BR-262, em Miranda, para lacrar algumas esp\u00e9cies que havia capturado no Rio Paraguai, em Corumb\u00e1. Ele se dizia pescador profissional, no entanto n\u00e3o portava a carteira de pescador, apenas um protocolo de entrada no antigo Minist\u00e9rio de Aquicultura e Pesca em 2017.<\/p>\n<p style=\"box-sizing: border-box; margin-top: 0px; margin-bottom: 2em; font-size: 16px; line-height: 1.8em; text-align: justify; color: #212529; font-family: 'Open Sans', sans-serif;\">Residente no distrito de Porto Morrinho, em Corumb\u00e1, o pescador teve seu pescado (oito exemplares da esp\u00e9cie palmito e um de pacu, totalizando 14 quilos) apreendidos e foi autuado administrativamente por transporte ilegal de pescado e sem licen\u00e7a de pesca e multado no valor de R$ 890,00. O pescado foi doado a uma institui\u00e7\u00e3o filantr\u00f3pica de Miranda.<\/p>\n<p style=\"box-sizing: border-box; margin-top: 0px; margin-bottom: 2em; font-size: 16px; line-height: 1.8em; text-align: justify; color: #212529; font-family: 'Open Sans', sans-serif;\"><span style=\"box-sizing: border-box; font-weight: bolder;\">C<\/span><span style=\"box-sizing: border-box; font-weight: bolder;\">artilha do Pescador orienta<\/span><\/p>\n<p style=\"box-sizing: border-box; margin-top: 0px; margin-bottom: 2em; font-size: 16px; line-height: 1.8em; text-align: justify; color: #212529; font-family: 'Open Sans', sans-serif;\">Com a abertura na pesca, a Pol\u00edcia Militar Ambiental (PMA) est\u00e1 disponibilizando a<span style=\"box-sizing: border-box; font-weight: bolder;\">\u00a0<\/span><a style=\"box-sizing: border-box; color: #444444; text-decoration-line: none; background-color: transparent;\" href=\"https:\/\/www.sejusp.ms.gov.br\/wp-content\/uploads\/2021\/02\/CARTILHA-PESCADOR-2021-2.pdf\" target=\"_blank\" rel=\"noopener\"><span style=\"box-sizing: border-box; font-weight: bolder;\">Cartilha do Pescador 2021<\/span><\/a>\u00a0com todas as atualiza\u00e7\u00f5es das normas de pesca de Mato Grosso do Sul, banhado por duas bacias hidrogr\u00e1ficas (dos rios Paraguai e Paran\u00e1), com regras diferentes entre elas e com normas infraconstitucionais dos \u00f3rg\u00e3os federal e estadual.<\/p>\n<figure id=\"attachment_262145\" class=\"wp-caption alignnone\" style=\"box-sizing: border-box; max-width: 96%; height: auto; margin: 5px 20px 20px 0px; background-image: initial; background-position: initial; background-size: initial; background-repeat: initial; background-attachment: initial; background-origin: initial; background-clip: initial; border: 1px solid #f0f0f0; padding: 15px 3px 10px; text-align: center; color: #212529; font-family: 'Open Sans', sans-serif; width: 1024px;\"><a style=\"box-sizing: border-box; color: #444444; text-decoration-line: none; background-color: transparent;\" href=\"http:\/\/www.ms.gov.br\/wp-content\/uploads\/sites\/150\/2019\/06\/1%C2%BA-Encontro-de-pesca-Cota-Zero-no-Passo-do-Lontra-Foto-Edemir-Rodrigues-22.jpg\"><img loading=\"lazy\" decoding=\"async\" class=\"wp-image-262145 size-large\" style=\"box-sizing: border-box; vertical-align: middle; border-width: 0px; max-width: 98.5%; margin: 0px; padding: 0px; width: auto;\" src=\"http:\/\/www.ms.gov.br\/wp-content\/uploads\/sites\/150\/2019\/06\/1%C2%BA-Encontro-de-pesca-Cota-Zero-no-Passo-do-Lontra-Foto-Edemir-Rodrigues-22-1024x682.jpg\" sizes=\"auto, (max-width: 1024px) 100vw, 1024px\" srcset=\"http:\/\/www.ms.gov.br\/wp-content\/uploads\/sites\/150\/2019\/06\/1\u00ba-Encontro-de-pesca-Cota-Zero-no-Passo-do-Lontra-Foto-Edemir-Rodrigues-22-1024x682.jpg 1024w, http:\/\/www.ms.gov.br\/wp-content\/uploads\/sites\/150\/2019\/06\/1\u00ba-Encontro-de-pesca-Cota-Zero-no-Passo-do-Lontra-Foto-Edemir-Rodrigues-22-300x200.jpg 300w, http:\/\/www.ms.gov.br\/wp-content\/uploads\/sites\/150\/2019\/06\/1\u00ba-Encontro-de-pesca-Cota-Zero-no-Passo-do-Lontra-Foto-Edemir-Rodrigues-22-768x512.jpg 768w, http:\/\/www.ms.gov.br\/wp-content\/uploads\/sites\/150\/2019\/06\/1\u00ba-Encontro-de-pesca-Cota-Zero-no-Passo-do-Lontra-Foto-Edemir-Rodrigues-22-272x182.jpg 272w\" alt=\"\" width=\"1024\" height=\"682\" \/><\/a><figcaption class=\"wp-caption-text\" style=\"box-sizing: border-box;\">Pesca no Passo do Lontra (Foto: Edemir Rodrigues)<\/figcaption><\/figure>\n<p style=\"box-sizing: border-box; margin-top: 0px; margin-bottom: 2em; font-size: 16px; line-height: 1.8em; text-align: justify; color: #212529; font-family: 'Open Sans', sans-serif;\">A legisla\u00e7\u00e3o pesqueira do Estado \u00e9 uma das mais restritivas do pa\u00eds. Entre as regras de pesca para o Estado, s\u00f3 de esp\u00e9cies com determina\u00e7\u00e3o de tamanhos de captura s\u00e3o mais de 30, sem contar que, para algumas, a proibi\u00e7\u00e3o \u00e9 por g\u00eanero, que envolve diversas esp\u00e9cies. S\u00e3o mais 10 esp\u00e9cies de iscas que tamb\u00e9m possuem restri\u00e7\u00e3o de tamanho m\u00ednimo de captura.<\/p>\n<p style=\"box-sizing: border-box; margin-top: 0px; margin-bottom: 2em; font-size: 16px; line-height: 1.8em; text-align: justify; color: #212529; font-family: 'Open Sans', sans-serif;\">Existem tamb\u00e9m rios e locais onde a pesca \u00e9 proibida; outros onde s\u00f3 se permite a pesca na modalidade pesque-solte; esp\u00e9cies com pesca proibida; tipos de petrechos proibidos; cota de captura; regras de transporte e comercializa\u00e7\u00e3o de pescado, entre outros, e o cidad\u00e3o precisa\u00a0realmente estar com essas informa\u00e7\u00f5es em m\u00e3os, por abrangerem a quest\u00e3o com amplitude.<\/p>\n<p style=\"box-sizing: border-box; margin-top: 0px; margin-bottom: 2em; font-size: 16px; line-height: 1.8em; text-align: justify; color: #212529; font-family: 'Open Sans', sans-serif;\">\u201cDessa forma, a Cartilha do Pescador tem sido a ferramenta\u00a0principal para que o cidad\u00e3o n\u00e3o responda por essas penalidades restritivas\u201d, aponta o comandante da PMA, tenente-coronel Jos\u00e9 Carlos Rodrigues.<\/p>\n<p style=\"box-sizing: border-box; margin-top: 0px; margin-bottom: 2em; font-size: 16px; line-height: 1.8em; text-align: justify; color: #212529; font-family: 'Open Sans', sans-serif;\"><span style=\"box-sizing: border-box; font-weight: bolder;\">Repovoamento dos rios<\/span><\/p>\n<p style=\"box-sizing: border-box; margin-top: 0px; margin-bottom: 2em; font-size: 16px; line-height: 1.8em; text-align: justify; color: #212529; font-family: 'Open Sans', sans-serif;\">As medidas restritivas \u00e0 pesca amadora de captura tomadas pelo Governo do Estado, nos \u00faltimos anos, t\u00eam refletido no aumento dos estoques pesqueiros nos rios, a m\u00e9dio prazo. Por meio de decretos, o governador Reinaldo Azambuja proibiu por cinco anos, em 2019, a captura e transporte do dourado, o \u201cRei do Rio\u201d.<\/p>\n<figure id=\"attachment_262221\" class=\"wp-caption alignnone\" style=\"box-sizing: border-box; max-width: 96%; height: auto; margin: 5px 20px 20px 0px; background-image: initial; background-position: initial; background-size: initial; background-repeat: initial; background-attachment: initial; background-origin: initial; background-clip: initial; border: 1px solid #f0f0f0; padding: 15px 3px 10px; text-align: center; color: #212529; font-family: 'Open Sans', sans-serif; width: 1024px;\"><a style=\"box-sizing: border-box; color: #444444; text-decoration-line: none; background-color: transparent;\" href=\"http:\/\/www.ms.gov.br\/wp-content\/uploads\/sites\/150\/2019\/06\/1%C2%BA-Encontro-de-pesca-Cota-Zero-no-Passo-do-Lontra-Foto-Edemir-Rodrigues-5-1.jpg\"><img loading=\"lazy\" decoding=\"async\" class=\"wp-image-262221 size-large\" style=\"box-sizing: border-box; vertical-align: middle; border-width: 0px; max-width: 98.5%; margin: 0px; padding: 0px; width: auto;\" src=\"http:\/\/www.ms.gov.br\/wp-content\/uploads\/sites\/150\/2019\/06\/1%C2%BA-Encontro-de-pesca-Cota-Zero-no-Passo-do-Lontra-Foto-Edemir-Rodrigues-5-1-1024x567.jpg\" sizes=\"auto, (max-width: 1024px) 100vw, 1024px\" srcset=\"http:\/\/www.ms.gov.br\/wp-content\/uploads\/sites\/150\/2019\/06\/1\u00ba-Encontro-de-pesca-Cota-Zero-no-Passo-do-Lontra-Foto-Edemir-Rodrigues-5-1-1024x567.jpg 1024w, http:\/\/www.ms.gov.br\/wp-content\/uploads\/sites\/150\/2019\/06\/1\u00ba-Encontro-de-pesca-Cota-Zero-no-Passo-do-Lontra-Foto-Edemir-Rodrigues-5-1-300x166.jpg 300w, http:\/\/www.ms.gov.br\/wp-content\/uploads\/sites\/150\/2019\/06\/1\u00ba-Encontro-de-pesca-Cota-Zero-no-Passo-do-Lontra-Foto-Edemir-Rodrigues-5-1-768x425.jpg 768w\" alt=\"\" width=\"1024\" height=\"567\" \/><\/a><figcaption class=\"wp-caption-text\" style=\"box-sizing: border-box;\">Governo MS proibiu cinco anos, em 2019, a captura e transporte do dourado, o \u201cRei do Rio\u201d. (Foto: Edemir Rodrigues)<\/figcaption><\/figure>\n<p style=\"box-sizing: border-box; margin-top: 0px; margin-bottom: 2em; font-size: 16px; line-height: 1.8em; text-align: justify; color: #212529; font-family: 'Open Sans', sans-serif;\">No ano passado, reduziu a cota de 10 para cinco quilos, mais cinco piranhas, e fixou tamanhos m\u00ednimos e m\u00e1ximos para captura de esp\u00e9cies nobres, com o apoio das associa\u00e7\u00f5es de pescadores esportivos, as quais defendem o pesque-solte j\u00e1 praticado em Corumb\u00e1. Neste polo de pesca, mais de 80% dos turistas j\u00e1 praticam essa ideia.<\/p>\n<p style=\"box-sizing: border-box; margin-top: 0px; margin-bottom: 2em; font-size: 16px; line-height: 1.8em; text-align: justify; color: #212529; font-family: 'Open Sans', sans-serif;\">Segundo os operadores em turismo de pesca, as mudan\u00e7as na legisla\u00e7\u00e3o v\u00eam contribuindo para o repovoamento dos rios, em especial no Pantanal. Mesmo com a seca no bioma, em 2020, os pescadores est\u00e3o fisgando grandes exemplares de esp\u00e9cies nativas, como dourado, ja\u00fa, surubim, pintado e pacu, e poucos est\u00e3o levando o peixe.<\/p>\n","protected":false},"excerpt":{"rendered":"<p>A temporada de pesca esportiva e profissional nos rios das bacias do Paran\u00e1 e Paraguai&#8230;<\/p>\n","protected":false},"author":13,"featured_media":11712840,"comment_status":"closed","ping_status":"closed","sticky":false,"template":"","format":"standard","meta":{"footnotes":""},"categories":[8,17,18],"tags":[],"class_list":["post-11712839","post","type-post","status-publish","format-standard","has-post-thumbnail","hentry","category-destaque","category-meio-ambiente","category-seguranca"],"_links":{"self":[{"href":"https:\/\/www.corumbaonline.com.br\/news\/wp-json\/wp\/v2\/posts\/11712839","targetHints":{"allow":["GET"]}}],"collection":[{"href":"https:\/\/www.corumbaonline.com.br\/news\/wp-json\/wp\/v2\/posts"}],"about":[{"href":"https:\/\/www.corumbaonline.com.br\/news\/wp-json\/wp\/v2\/types\/post"}],"author":[{"embeddable":true,"href":"https:\/\/www.corumbaonline.com.br\/news\/wp-json\/wp\/v2\/users\/13"}],"replies":[{"embeddable":true,"href":"https:\/\/www.corumbaonline.com.br\/news\/wp-json\/wp\/v2\/comments?post=11712839"}],"version-history":[{"count":1,"href":"https:\/\/www.corumbaonline.com.br\/news\/wp-json\/wp\/v2\/posts\/11712839\/revisions"}],"predecessor-version":[{"id":11712841,"href":"https:\/\/www.corumbaonline.com.br\/news\/wp-json\/wp\/v2\/posts\/11712839\/revisions\/11712841"}],"wp:featuredmedia":[{"embeddable":true,"href":"https:\/\/www.corumbaonline.com.br\/news\/wp-json\/wp\/v2\/media\/11712840"}],"wp:attachment":[{"href":"https:\/\/www.corumbaonline.com.br\/news\/wp-json\/wp\/v2\/media?parent=11712839"}],"wp:term":[{"taxonomy":"category","embeddable":true,"href":"https:\/\/www.corumbaonline.com.br\/news\/wp-json\/wp\/v2\/categories?post=11712839"},{"taxonomy":"post_tag","embeddable":true,"href":"https:\/\/www.corumbaonline.com.br\/news\/wp-json\/wp\/v2\/tags?post=11712839"}],"curies":[{"name":"wp","href":"https:\/\/api.w.org\/{rel}","templated":true}]}}