{"id":11712842,"date":"2021-03-06T11:05:12","date_gmt":"2021-03-06T15:05:12","guid":{"rendered":"http:\/\/www.corumbaonline.com.br\/news\/?p=11712842"},"modified":"2021-03-06T11:05:14","modified_gmt":"2021-03-06T15:05:14","slug":"escolas-da-reme-receberao-13-mil-caixas-de-alimentos-arrecadados-em-live-de-luan-santana","status":"publish","type":"post","link":"https:\/\/www.corumbaonline.com.br\/news\/escolas-da-reme-receberao-13-mil-caixas-de-alimentos-arrecadados-em-live-de-luan-santana\/","title":{"rendered":"Escolas da REME receber\u00e3o 1,3 mil caixas de alimentos arrecadados em live de Luan Santana"},"content":{"rendered":"<p>Na pr\u00f3xima segunda-feira, 08 de mar\u00e7o, o Mesa Brasil Sesc e Uni\u00e3o BR promovem a entrega de 1,3 mil caixas de alimentos arrecadados em novembro do ano passado, durante a live \u201cO Pantanal Chama\u201d, do cantor Luan Santana, para socorrer fam\u00edlias em situa\u00e7\u00e3o de vulnerabilidade diante das queimadas que destru\u00edram um quarto do bioma.<\/p>\n<p>A entrega simb\u00f3lica ocorrer\u00e1 \u00e0s 16 horas no Moinho Cultural. Ao todo ser\u00e3o mais de mil pessoas beneficiadas com os alimentos arrecadados. Dez entidades e escolas da cidade far\u00e3o o redirecionamento das caixas de biscoito doadas pela Vitarella e pur\u00ea de frutas PIC Me.<\/p>\n<p>Parte dessas doa\u00e7\u00f5es ser\u00e1 direcionada para as seguintes Escolas Municipais de Educa\u00e7\u00e3o Integral (EMEIs): Rachid Bardauil, Tilma Fernandes Veiga, Luiz Feitosa Rodrigues e Escola Jatobazinho. Tamb\u00e9m ser\u00e3o contemplados o Asilo S\u00e3o Jos\u00e9, o Centro Apoio Infanto Juvenil (CAIJ) e a Pastoral da Crian\u00e7a.<\/p>\n<p>\u201cCom a chegada da pandemia tivemos de potencializar nossa atua\u00e7\u00e3o e j\u00e1 v\u00ednhamos entregando mais de mil toneladas de alimentos por ano. A ideia \u00e9 atendermos com doa\u00e7\u00f5es aqueles que mais precisam, sejam as fam\u00edlias mais vulner\u00e1veis ou institui\u00e7\u00f5es p\u00fablicas como o Hospital Regional que \u00e9 refer\u00eancia no tratamento da Covid\u201d, diz a Diretora Regional do Sesc MS, Regina Ferro.<\/p>\n<p>O Sesc MS, por meio do Mesa Brasil Sesc, atua como \u00e2ncora do\u00a0 movimento Uni\u00e3o BR,\u00a0\u00a0 promovendo a distribui\u00e7\u00e3o dos itens recebidos. O Uni\u00e3o BR \u00e9 um movimento volunt\u00e1rio da sociedade brasileira para fortalecer o combate ao coronav\u00edrus e os impactos gerados pela pandemia no Brasil.<\/p>\n","protected":false},"excerpt":{"rendered":"<p>Na pr\u00f3xima segunda-feira, 08 de mar\u00e7o, o Mesa Brasil Sesc e Uni\u00e3o BR promovem a&#8230;<\/p>\n","protected":false},"author":70,"featured_media":11712843,"comment_status":"closed","ping_status":"closed","sticky":false,"template":"","format":"standard","meta":{"footnotes":""},"categories":[8,10],"tags":[],"class_list":["post-11712842","post","type-post","status-publish","format-standard","has-post-thumbnail","hentry","category-destaque","category-educacao"],"_links":{"self":[{"href":"https:\/\/www.corumbaonline.com.br\/news\/wp-json\/wp\/v2\/posts\/11712842","targetHints":{"allow":["GET"]}}],"collection":[{"href":"https:\/\/www.corumbaonline.com.br\/news\/wp-json\/wp\/v2\/posts"}],"about":[{"href":"https:\/\/www.corumbaonline.com.br\/news\/wp-json\/wp\/v2\/types\/post"}],"author":[{"embeddable":true,"href":"https:\/\/www.corumbaonline.com.br\/news\/wp-json\/wp\/v2\/users\/70"}],"replies":[{"embeddable":true,"href":"https:\/\/www.corumbaonline.com.br\/news\/wp-json\/wp\/v2\/comments?post=11712842"}],"version-history":[{"count":1,"href":"https:\/\/www.corumbaonline.com.br\/news\/wp-json\/wp\/v2\/posts\/11712842\/revisions"}],"predecessor-version":[{"id":11712844,"href":"https:\/\/www.corumbaonline.com.br\/news\/wp-json\/wp\/v2\/posts\/11712842\/revisions\/11712844"}],"wp:featuredmedia":[{"embeddable":true,"href":"https:\/\/www.corumbaonline.com.br\/news\/wp-json\/wp\/v2\/media\/11712843"}],"wp:attachment":[{"href":"https:\/\/www.corumbaonline.com.br\/news\/wp-json\/wp\/v2\/media?parent=11712842"}],"wp:term":[{"taxonomy":"category","embeddable":true,"href":"https:\/\/www.corumbaonline.com.br\/news\/wp-json\/wp\/v2\/categories?post=11712842"},{"taxonomy":"post_tag","embeddable":true,"href":"https:\/\/www.corumbaonline.com.br\/news\/wp-json\/wp\/v2\/tags?post=11712842"}],"curies":[{"name":"wp","href":"https:\/\/api.w.org\/{rel}","templated":true}]}}