{"id":11712851,"date":"2021-03-08T08:10:00","date_gmt":"2021-03-08T12:10:00","guid":{"rendered":"http:\/\/www.corumbaonline.com.br\/news\/?p=11712851"},"modified":"2021-03-08T09:21:29","modified_gmt":"2021-03-08T13:21:29","slug":"ifms-prorroga-prazo-para-matricula-em-cursos-de-qualificacao-profissional-a-distancia","status":"publish","type":"post","link":"https:\/\/www.corumbaonline.com.br\/news\/ifms-prorroga-prazo-para-matricula-em-cursos-de-qualificacao-profissional-a-distancia\/","title":{"rendered":"IFMS prorroga prazo para matr\u00edcula em cursos de qualifica\u00e7\u00e3o profissional a dist\u00e2ncia"},"content":{"rendered":"<p>O Instituto Federal de Mato Grosso do Sul (IFMS) prorrogou o per\u00edodo de matr\u00edcula para os selecionados nos cursos de Forma\u00e7\u00e3o Inicial e Continuada (FIC), ofertados a dist\u00e2ncia pela institui\u00e7\u00e3o em 14 munic\u00edpios.\u00a0Agora, o prazo se estende at\u00e9 quarta-feira, 10.<\/p>\n<p>A sele\u00e7\u00e3o foi feita por meio de sorteio eletr\u00f4nico, realizado no dia 2 de fevereiro em Campo Grande. O resultado e a rela\u00e7\u00e3o dos candidatos convocados para matr\u00edcula pode ser conferida na\u00a0<a href=\"http:\/\/www.ifms.edu.br:9000\/lists\/lt.php?tid=KxlWUQFeAVYAUktaUVNSTlBSVAZOAVoMBBsJUgcDVQZSBFAFUlofBABRA1oEBQZOUVMLVE4NCAlXGwFSVlVPA1BXDQcECAVUAAIHH1ICAwYCUlcDTghaXAYbDFZQBk8JVlZUH1AKVgBWAgNWVAIABw\" target=\"_blank\" rel=\"noopener noreferrer\">Central de Sele\u00e7\u00e3o<\/a>.<\/p>\n<p>As matr\u00edculas devem ser feitas\u00a0<a href=\"http:\/\/www.ifms.edu.br:9000\/lists\/lt.php?tid=KxkHVAMAWgEBUksGVgJUTlADAQdOAF0NBxsOVFMKUANbBgwDB10fBABRA1oEBQZOUVMLVE4NCAlXGwFSVlVPA1BXDQcECAVUAAIHH1ICAwYCUlcDTghaXAYbDFZQBk8JVlZUH1AKVgBWAgNWVAIABw\" target=\"_blank\" rel=\"noopener noreferrer\">online<\/a>. Caso seja o primeiro acesso, o selecionado dever\u00e1 clicar em \u201cAinda n\u00e3o tem Login? Clique aqui para ativar o seu acesso\u201d. Ser\u00e1 ent\u00e3o solicitado o n\u00famero do CPF, a data de nascimento e o\u00a0<em>email<\/em>\u00a0utilizado no cadastro do Sistema de Sele\u00e7\u00e3o.<\/p>\n<p>Se alguma informa\u00e7\u00e3o esteja incorreta, o candidato dever\u00e1 enviar\u00a0<em>e-mail<\/em>\u00a0para o endere\u00e7o\u00a0<a href=\"mailto:cread@ifms.edu.br\" rel=\"noreferrer\">cread@ifms.edu.br<\/a>. O preenchimento do Question\u00e1rio Socioecon\u00f4mico \u00e9 pr\u00e9-requisito para solicitar matr\u00edcula.<\/p>\n<p><strong>Documentos<\/strong>\u00a0\u2013 \u00c9 necess\u00e1rio anexar os seguintes documentos, todos digitalizados:<\/p>\n<ul>\n<li><a href=\"http:\/\/www.ifms.edu.br:9000\/lists\/lt.php?tid=KxkFAVIOAVMFWUsGVVUHTlBcA1pOWFxeBBsJUlYDB1NSXFAABw4fBABRA1oEBQZOUVMLVE4NCAlXGwFSVlVPA1BXDQcECAVUAAIHH1ICAwYCUlcDTghaXAYbDFZQBk8JVlZUH1AKVgBWAgNWVAIABw\" target=\"_blank\" rel=\"noopener noreferrer\">Requerimento de matr\u00edcula<\/a>;<\/li>\n<li><a href=\"http:\/\/www.ifms.edu.br:9000\/lists\/lt.php?tid=KxkNAFcAAlVXBUsBAARRTlBQCgBOAA1eVRtdAwRRAFRTVlZXBAkfBABRA1oEBQZOUVMLVE4NCAlXGwFSVlVPA1BXDQcECAVUAAIHH1ICAwYCUlcDTghaXAYbDFZQBk8JVlZUH1AKVgBWAgNWVAIABw\" target=\"_blank\" rel=\"noopener noreferrer\">Termo de ci\u00eancia para solicita\u00e7\u00e3o online<\/a>;<\/li>\n<li>RG ou outro documento oficial de identifica\u00e7\u00e3o com foto;<\/li>\n<li>Cadastro de Pessoa F\u00edsica (CPF), caso n\u00e3o conste no documento oficial de identifica\u00e7\u00e3o;<\/li>\n<li>Documento que comprove escolaridade m\u00ednima exigida para o curso ou comprovante de escolaridade superior \u00e0 m\u00ednima;<\/li>\n<li>Documento que comprove estar em dia com o Servi\u00e7o Militar, para os brasileiros entre 19\u00a0e 45 anos de idade completos ou a serem completados at\u00e9 31 de dezembro do ano corrente;<\/li>\n<li>Uma foto 3&#215;4 recente.<\/li>\n<\/ul>\n<p>Toda a documenta\u00e7\u00e3o dever\u00e1 ser enviada na forma de arquivo digitalizado, leg\u00edvel e de boa qualidade, com no m\u00e1ximo 5 megabytes cada, a partir dos documentos originais. Ser\u00e3o aceitas imagens nos formatos .png, .jpg ou .jpeg e textos nos formatos .pdf, .doc, .docx ou .odf.<\/p>\n<p>Na impossibilidade de apresenta\u00e7\u00e3o do Hist\u00f3rico Escolar, poder\u00e3o ser aceitas, condicionalmente, a Declara\u00e7\u00e3o de Conclus\u00e3o do Ensino Fundamental ou M\u00e9dio ou equivalentes, emitida pela Institui\u00e7\u00e3o de ensino.<\/p>\n<p><strong>Cronograma<\/strong>\u00a0\u2013 Em 12 de mar\u00e7o ser\u00e1 divulgada a lista de espera. Caso existam vagas, as matr\u00edculas dever\u00e3o ser feitas entre os dias 15 e 17 do mesmo m\u00eas.<\/p>\n<p>O processo seletivo prev\u00ea a possibilidade de que as vagas n\u00e3o ocupadas possam ser abertas a comunidade, depois da lista de espera. O in\u00edcio das aulas est\u00e1 marcado para 22 de mar\u00e7o.<\/p>\n<p><strong>Qualifica\u00e7\u00e3o profissional<\/strong>\u00a0\u2013 Por meio do processo seletivo foram oferecidas 1.080 vagas nos munic\u00edpios de \u00c1gua Clara, Aquidauana, Camapu\u00e3, Campo Grande, Corumb\u00e1, Costa Rica, Coxim, Dourados, Navira\u00ed, Nova Andradina, Pedro Gomes, Ponta Por\u00e3, Sonora e Tr\u00eas Lagoas.<\/p>\n<p>Os cursos FIC do IFMS conduzem o estudante \u00e0 capacita\u00e7\u00e3o, ao aperfei\u00e7oamento, \u00e0 especializa\u00e7\u00e3o e \u00e0 atualiza\u00e7\u00e3o profissional. O certificado tem validade nacional e habilita o egresso ao exerc\u00edcio profissional ao concluir as atividades do curso.<\/p>\n","protected":false},"excerpt":{"rendered":"<p>O Instituto Federal de Mato Grosso do Sul (IFMS) prorrogou o per\u00edodo de matr\u00edcula para&#8230;<\/p>\n","protected":false},"author":9,"featured_media":0,"comment_status":"closed","ping_status":"closed","sticky":false,"template":"","format":"standard","meta":{"footnotes":""},"categories":[10],"tags":[],"class_list":["post-11712851","post","type-post","status-publish","format-standard","hentry","category-educacao"],"_links":{"self":[{"href":"https:\/\/www.corumbaonline.com.br\/news\/wp-json\/wp\/v2\/posts\/11712851","targetHints":{"allow":["GET"]}}],"collection":[{"href":"https:\/\/www.corumbaonline.com.br\/news\/wp-json\/wp\/v2\/posts"}],"about":[{"href":"https:\/\/www.corumbaonline.com.br\/news\/wp-json\/wp\/v2\/types\/post"}],"author":[{"embeddable":true,"href":"https:\/\/www.corumbaonline.com.br\/news\/wp-json\/wp\/v2\/users\/9"}],"replies":[{"embeddable":true,"href":"https:\/\/www.corumbaonline.com.br\/news\/wp-json\/wp\/v2\/comments?post=11712851"}],"version-history":[{"count":1,"href":"https:\/\/www.corumbaonline.com.br\/news\/wp-json\/wp\/v2\/posts\/11712851\/revisions"}],"predecessor-version":[{"id":11712852,"href":"https:\/\/www.corumbaonline.com.br\/news\/wp-json\/wp\/v2\/posts\/11712851\/revisions\/11712852"}],"wp:attachment":[{"href":"https:\/\/www.corumbaonline.com.br\/news\/wp-json\/wp\/v2\/media?parent=11712851"}],"wp:term":[{"taxonomy":"category","embeddable":true,"href":"https:\/\/www.corumbaonline.com.br\/news\/wp-json\/wp\/v2\/categories?post=11712851"},{"taxonomy":"post_tag","embeddable":true,"href":"https:\/\/www.corumbaonline.com.br\/news\/wp-json\/wp\/v2\/tags?post=11712851"}],"curies":[{"name":"wp","href":"https:\/\/api.w.org\/{rel}","templated":true}]}}