{"id":11712876,"date":"2021-03-08T10:15:00","date_gmt":"2021-03-08T14:15:00","guid":{"rendered":"http:\/\/www.corumbaonline.com.br\/news\/?p=11712876"},"modified":"2021-03-08T13:32:21","modified_gmt":"2021-03-08T17:32:21","slug":"supremo-confirma-vigencia-de-medidas-sanitarias-contra-a-covid-19","status":"publish","type":"post","link":"https:\/\/www.corumbaonline.com.br\/news\/supremo-confirma-vigencia-de-medidas-sanitarias-contra-a-covid-19\/","title":{"rendered":"Supremo confirma vig\u00eancia de medidas sanit\u00e1rias contra a covid-19"},"content":{"rendered":"<p>Por 10 votos a 1, o Supremo Tribunal Federal (STF) decidiu manter a vig\u00eancia, sem prazo definido, da autoriza\u00e7\u00e3o dada pelo Congresso para que as autoridades das tr\u00eas esferas de poder \u2013 federal, estadual e municipal \u2013 adotem medidas sanit\u00e1rias de combate \u00e0 pandemia da covid-19.<img decoding=\"async\" src=\"https:\/\/agenciabrasil.ebc.com.br\/ebc.png?id=1403250&amp;o=node\" \/><img decoding=\"async\" src=\"https:\/\/agenciabrasil.ebc.com.br\/ebc.gif?id=1403250&amp;o=node\" \/><\/p>\n<p>O julgamento se encerrou na noite de sexta-feira (5), e ocorreu no plen\u00e1rio virtual, no qual os ministros t\u00eam alguns dias para votar somente por escrito, remotamente. A maioria do Supremo confirmou uma liminar (decis\u00e3o provis\u00f3ria) que havia sido\u00a0<a href=\"https:\/\/agenciabrasil.ebc.com.br\/justica\/noticia\/2020-12\/lewandowski-mantem-vigencia-de-medidas-de-combate-pandemia\" target=\"_blank\" rel=\"noopener\">concedida pelo ministro Ricardo Lewandowski em 30 de dezembro<\/a>.<\/p>\n<p>A liminar do ministro, concedida a pedido do partido Rede Sustentabilidade, prorrogou a vig\u00eancia de diversos dispositivos da\u00a0<a href=\"https:\/\/www.in.gov.br\/en\/web\/dou\/-\/lei-n-13.979-de-6-de-fevereiro-de-2020-242078735\" target=\"_blank\" rel=\"noopener\">Lei 13.979\/20<\/a>, em que s\u00e3o descritas diversas medidas sanit\u00e1rias que podem ser adotadas pelas autoridades nas esferas federal, estadual e municipal.<\/p>\n<p>Foram mantidos trechos que regulamentam medidas de isolamento, quarentena, restri\u00e7\u00e3o \u00e0 locomo\u00e7\u00e3o, uso de m\u00e1scaras, exames m\u00e9dicos, testes laboratoriais, coleta de amostras cl\u00ednicas, autoriza\u00e7\u00e3o de vacinas, vacina\u00e7\u00e3o, investiga\u00e7\u00e3o epidemiol\u00f3gica, tratamentos m\u00e9dicos espec\u00edficos, requisi\u00e7\u00e3o de bens e servi\u00e7os, exuma\u00e7\u00e3o, necr\u00f3psia, crema\u00e7\u00e3o e manejo de cad\u00e1veres (art. 3\u00b0, I, II, III, III-A, IV,V VI e VII da Lei 13.979\/20).<\/p>\n<p>A lei perdeu vig\u00eancia no dia seguinte \u00e0 decis\u00e3o de Lewandowski, mas tais dispositivos continuaram v\u00e1lidos. Agora, com a decis\u00e3o do plen\u00e1rio, as regras sobre essas medidas sanit\u00e1rias passam a vigorar por tempo indeterminado.<\/p>\n<p>A maioria dos ministros do Supremo entendeu que, apesar do prazo inicial, a verdadeira inten\u00e7\u00e3o dos parlamentares foi que tais medidas sanit\u00e1rias durassem \u201co tempo necess\u00e1rio \u00e0 supera\u00e7\u00e3o da fase mais cr\u00edtica da pandemia\u201d, mas que ao aprovar a legisla\u00e7\u00e3o \u201cn\u00e3o lhes era dado antever a surpreendente persist\u00eancia e letalidade da doen\u00e7a&#8221;.<\/p>\n<p>Para garantir os direitos fundamentais \u00e0 vida e \u00e0 sa\u00fade, cabe ent\u00e3o ao Supremo manter a vig\u00eancia desses dispositivos, entendeu a maior parte dos ministros.<\/p>\n<p>O \u00fanico a divergir foi Marco Aur\u00e9lio Mello. Para ele, a Corte n\u00e3o poderia fazer as vezes do Legislativo e a decis\u00e3o sobre a vig\u00eancia de leis caberia somente ao Congresso.<\/p>\n","protected":false},"excerpt":{"rendered":"<p>Por 10 votos a 1, o Supremo Tribunal Federal (STF) decidiu manter a vig\u00eancia, sem&#8230;<\/p>\n","protected":false},"author":4,"featured_media":0,"comment_status":"closed","ping_status":"closed","sticky":false,"template":"","format":"standard","meta":{"footnotes":""},"categories":[116,21],"tags":[],"class_list":["post-11712876","post","type-post","status-publish","format-standard","hentry","category-coronavirus","category-saude"],"_links":{"self":[{"href":"https:\/\/www.corumbaonline.com.br\/news\/wp-json\/wp\/v2\/posts\/11712876","targetHints":{"allow":["GET"]}}],"collection":[{"href":"https:\/\/www.corumbaonline.com.br\/news\/wp-json\/wp\/v2\/posts"}],"about":[{"href":"https:\/\/www.corumbaonline.com.br\/news\/wp-json\/wp\/v2\/types\/post"}],"author":[{"embeddable":true,"href":"https:\/\/www.corumbaonline.com.br\/news\/wp-json\/wp\/v2\/users\/4"}],"replies":[{"embeddable":true,"href":"https:\/\/www.corumbaonline.com.br\/news\/wp-json\/wp\/v2\/comments?post=11712876"}],"version-history":[{"count":1,"href":"https:\/\/www.corumbaonline.com.br\/news\/wp-json\/wp\/v2\/posts\/11712876\/revisions"}],"predecessor-version":[{"id":11712877,"href":"https:\/\/www.corumbaonline.com.br\/news\/wp-json\/wp\/v2\/posts\/11712876\/revisions\/11712877"}],"wp:attachment":[{"href":"https:\/\/www.corumbaonline.com.br\/news\/wp-json\/wp\/v2\/media?parent=11712876"}],"wp:term":[{"taxonomy":"category","embeddable":true,"href":"https:\/\/www.corumbaonline.com.br\/news\/wp-json\/wp\/v2\/categories?post=11712876"},{"taxonomy":"post_tag","embeddable":true,"href":"https:\/\/www.corumbaonline.com.br\/news\/wp-json\/wp\/v2\/tags?post=11712876"}],"curies":[{"name":"wp","href":"https:\/\/api.w.org\/{rel}","templated":true}]}}