{"id":11712931,"date":"2021-03-10T09:15:00","date_gmt":"2021-03-10T13:15:00","guid":{"rendered":"http:\/\/www.corumbaonline.com.br\/news\/?p=11712931"},"modified":"2021-03-10T11:43:10","modified_gmt":"2021-03-10T15:43:10","slug":"ifms-publica-edital-de-auxilio-para-acesso-digital","status":"publish","type":"post","link":"https:\/\/www.corumbaonline.com.br\/news\/ifms-publica-edital-de-auxilio-para-acesso-digital\/","title":{"rendered":"IFMS publica edital de aux\u00edlio para acesso digital"},"content":{"rendered":"<p>O Instituto Federal de Mato Grosso do Sul (IFMS) publicou nesta ter\u00e7a-feira, 9, na\u00a0<a href=\"http:\/\/www.ifms.edu.br:9000\/lists\/lt.php?tid=KxkCVlUOAgABB0tSAwVVTlBXVlZOAVoLDhsBX1YKUwdUAAZXBwkfUVJXVFJTBAROBlFXBE4NAQhSGwFVVwBPCAVRDQYHCVUFBVlRH1ICAwYCUlcDTghaXAYbDFZQBk8JVlZUH1AKVgBWAgNWVAIABw\" target=\"_blank\" rel=\"noopener noreferrer\">Central de Sele\u00e7\u00e3o<\/a>, o edital para concess\u00e3o de aux\u00edlio emergencial para acesso digital de estudantes de cursos t\u00e9cnicos, de gradua\u00e7\u00e3o e de p\u00f3s-gradua\u00e7\u00e3o presenciais.<\/p>\n<p>Podem solicitar o benef\u00edcio estudantes que atendam aos seguintes requisitos:<\/p>\n<ul>\n<li>estejam com status \u201cem curso\u201d no Sistema Acad\u00eamico (SIGA);<\/li>\n<li>possuam renda per capita familiar de at\u00e9 um sal\u00e1rio m\u00ednimo e meio; e<\/li>\n<li>tenham declarado no\u00a0<a href=\"http:\/\/www.ifms.edu.br:9000\/lists\/lt.php?tid=KxlUCgcMVVZSA0tSVFlUTlAAV1VOAAsJAxsJAAQHAAdVUgVTUFkfUVJXVFJTBAROBlFXBE4NAQhSGwFVVwBPCAVRDQYHCVUFBVlRH1ICAwYCUlcDTghaXAYbDFZQBk8JVlZUH1AKVgBWAgNWVAIABw\" target=\"_blank\" rel=\"noopener noreferrer\">Question\u00e1rio Socioecon\u00f4mico<\/a>\u00a0que n\u00e3o possuem acesso \u00e0 internet, ou<\/li>\n<li>estejam com dificuldade em arcar com as despesas com contrata\u00e7\u00e3o de servi\u00e7os de internet.<\/li>\n<\/ul>\n<p>N\u00e3o precisam se inscrever os estudantes\u00a0<a href=\"http:\/\/www.ifms.edu.br:9000\/lists\/lt.php?tid=KxlQB1cBBQkBAEsHBlBXTlAGCwBOW1kPVBsOVARVU1NRAAIGB14fUVJXVFJTBAROBlFXBE4NAQhSGwFVVwBPCAVRDQYHCVUFBVlRH1ICAwYCUlcDTghaXAYbDFZQBk8JVlZUH1AKVgBWAgNWVAIABw\" target=\"_blank\" rel=\"noopener noreferrer\">contemplados com o aux\u00edlio os estudantes contemplados no edital 016\/2020<\/a>\u00a0que ainda estejam em curso no IFMS e os ingressantes que declararam n\u00e3o possuir acesso \u00e0 internet no preenchimento do question\u00e1rio socioecon\u00f4mico para a matr\u00edcula.<\/p>\n<p>A lista dos contemplados que se encaixam nestas situa\u00e7\u00f5es ser\u00e1 publicada no dia 16 de mar\u00e7o, na Central de Sele\u00e7\u00e3o.<\/p>\n<p>Inscri\u00e7\u00f5es\u00a0\u2013 Poder\u00e3o ser feitas entre os dias 18 de mar\u00e7o e 5 de abril. Basta preencher o formul\u00e1rio de inscri\u00e7\u00e3o, que ser\u00e1 disponibilizado na Central de Sele\u00e7\u00e3o e atualizar o question\u00e1rio socioecon\u00f4mico.<\/p>\n<p>Caso se encaixe em algum crit\u00e9rio de prioridade de atendimento, como benefici\u00e1rio de programas de transfer\u00eancia de renda ou membro de comunidade ind\u00edgena e quilombola, o estudante deve anexar os documentos que comprovem a condi\u00e7\u00e3o.<\/p>\n<p>Aqueles que n\u00e3o possuem acesso \u00e0 internet podem agendar hor\u00e1rio para realizar a inscri\u00e7\u00e3o no campus em que est\u00e1 matriculado. O agendamento pode ser feito por e-mail ou por telefone, nos n\u00fameros disponibilizados no edital.<\/p>\n<p>A previs\u00e3o \u00e9 que o resultado final, com o nome dos contemplados, seja divulgado no dia 16 de abril.<\/p>\n<p>Aux\u00edlio\u00a0\u2013 O valor do aux\u00edlio ser\u00e1 de R$ 50,00 mensais a ser pago durante o per\u00edodo de suspens\u00e3o das atividades presenciais.<\/p>\n<p>O pagamento ser\u00e1 realizado por meio de dep\u00f3sito\u00a0banc\u00e1rio, sendo que a conta corrente que deve estar em nome e CPF do pr\u00f3prio estudante, mesmo\u00a0para os menores de 18 anos.<\/p>\n<p>A concess\u00e3o do benef\u00edcio \u00e9 regida pelo\u00a0<a title=\"Regulamento de Concess\u00e3o de Aux\u00edlio Emergencial para Acesso Digital\" href=\"http:\/\/www.ifms.edu.br:9000\/lists\/lt.php?tid=KxlTBlBaBwZaB0taDlVRTlABAwdOAQgLUxsPUFNWBARaAwVUXFwfUVJXVFJTBAROBlFXBE4NAQhSGwFVVwBPCAVRDQYHCVUFBVlRH1ICAwYCUlcDTghaXAYbDFZQBk8JVlZUH1AKVgBWAgNWVAIABw\" target=\"_blank\" rel=\"noopener noreferrer\">Regulamento de Concess\u00e3o de\u00a0Aux\u00edlio\u00a0Emergencial para Acesso\u00a0Digital<\/a>, aprovado pela\u00a0<a title=\"Resolu\u00e7\u00e3o n\u00ba 10, de 3 de abril de 2020\" href=\"http:\/\/www.ifms.edu.br:9000\/lists\/lt.php?tid=KxkBClZcWlZaA0sBVgcDTlBVBQNOWFwKAhsOVFdQUVBQXAcBA10fUVJXVFJTBAROBlFXBE4NAQhSGwFVVwBPCAVRDQYHCVUFBVlRH1ICAwYCUlcDTghaXAYbDFZQBk8JVlZUH1AKVgBWAgNWVAIABw\" target=\"_blank\" rel=\"noopener noreferrer\">Resolu\u00e7\u00e3o n\u00ba 10, de 3 de abril de 2020<\/a>, do Conselho Superior (Cosup) do IFMS.<\/p>\n","protected":false},"excerpt":{"rendered":"<p>O Instituto Federal de Mato Grosso do Sul (IFMS) publicou nesta ter\u00e7a-feira, 9, na\u00a0Central de&#8230;<\/p>\n","protected":false},"author":9,"featured_media":0,"comment_status":"closed","ping_status":"closed","sticky":false,"template":"","format":"standard","meta":{"footnotes":""},"categories":[10],"tags":[],"class_list":["post-11712931","post","type-post","status-publish","format-standard","hentry","category-educacao"],"_links":{"self":[{"href":"https:\/\/www.corumbaonline.com.br\/news\/wp-json\/wp\/v2\/posts\/11712931","targetHints":{"allow":["GET"]}}],"collection":[{"href":"https:\/\/www.corumbaonline.com.br\/news\/wp-json\/wp\/v2\/posts"}],"about":[{"href":"https:\/\/www.corumbaonline.com.br\/news\/wp-json\/wp\/v2\/types\/post"}],"author":[{"embeddable":true,"href":"https:\/\/www.corumbaonline.com.br\/news\/wp-json\/wp\/v2\/users\/9"}],"replies":[{"embeddable":true,"href":"https:\/\/www.corumbaonline.com.br\/news\/wp-json\/wp\/v2\/comments?post=11712931"}],"version-history":[{"count":1,"href":"https:\/\/www.corumbaonline.com.br\/news\/wp-json\/wp\/v2\/posts\/11712931\/revisions"}],"predecessor-version":[{"id":11712932,"href":"https:\/\/www.corumbaonline.com.br\/news\/wp-json\/wp\/v2\/posts\/11712931\/revisions\/11712932"}],"wp:attachment":[{"href":"https:\/\/www.corumbaonline.com.br\/news\/wp-json\/wp\/v2\/media?parent=11712931"}],"wp:term":[{"taxonomy":"category","embeddable":true,"href":"https:\/\/www.corumbaonline.com.br\/news\/wp-json\/wp\/v2\/categories?post=11712931"},{"taxonomy":"post_tag","embeddable":true,"href":"https:\/\/www.corumbaonline.com.br\/news\/wp-json\/wp\/v2\/tags?post=11712931"}],"curies":[{"name":"wp","href":"https:\/\/api.w.org\/{rel}","templated":true}]}}