{"id":11712954,"date":"2021-03-10T12:05:00","date_gmt":"2021-03-10T16:05:00","guid":{"rendered":"http:\/\/www.corumbaonline.com.br\/news\/?p=11712954"},"modified":"2021-03-10T12:33:38","modified_gmt":"2021-03-10T16:33:38","slug":"fui-vitima-da-maior-mentira-juridica-em-500-anos-diz-lula","status":"publish","type":"post","link":"https:\/\/www.corumbaonline.com.br\/news\/fui-vitima-da-maior-mentira-juridica-em-500-anos-diz-lula\/","title":{"rendered":"&#8220;Fui v\u00edtima da maior mentira jur\u00eddica em 500 anos&#8221;, diz Lula"},"content":{"rendered":"<p>Em seu primeiro pronunciamento p\u00fablico ap\u00f3s a anula\u00e7\u00e3o de suas condena\u00e7\u00f5es no \u00e2mbito da Lava Jato, o ex-presidente Luiz In\u00e1cio Lula da Silva (PT) afirmou, nesta quarta-feira, 10, que foi v\u00edtima da &#8220;maior mentira jur\u00eddica contada em 500 anos de hist\u00f3ria&#8221; do Brasil. Comparando-se a um escravizado que sofre chibatadas e s\u00f3 escaparia da tortura se pedisse desculpas ao &#8220;dono&#8221;, o petista disse que n\u00e3o est\u00e1 magoado com os julgamentos transcorridos at\u00e9 aqui, apesar de, na sua vis\u00e3o, ter raz\u00e3o para m\u00e1goa.<\/p>\n<p>Lula lembrou o momento em que, em abril de 2018, deixou o Sindicato dos Metal\u00fargicos do ABC, em S\u00e3o Bernardo do Campo, noa ABC paulista, de onde discursa agora, para se entregar \u00e0 Pol\u00edcia Federal (PF) ap\u00f3s a determina\u00e7\u00e3o de sua pris\u00e3o. &#8220;Fui contra minha vontade, porque sabia que estavam prendendo um inocente. Tomei a decis\u00e3o de me entregar porque n\u00e3o seria correto aparecer na capa de jornais como fugitivo. Tomei a decis\u00e3o de provar minha inoc\u00eancia dentro da sede da PF, perto do juiz Moro&#8221;, relatou.<\/p>\n<p class=\"text\">O ex-presidente sustentou que, por consci\u00eancia do que acontecia no Brasil, tinha certeza, mesmo ao se entregar, que chegaria o dia em que ele provaria sua inoc\u00eancia. &#8220;A quadrilha de procuradores e o Moro entendiam que a forma de me pegar era me colocar na Lava Jato&#8221;, disse o petista. &#8220;Ontem, a verdade prevaleceu, dita pelo ministro Gilmar Mendes, pelo Ricardo Lewandowski e at\u00e9 pela C\u00e1rmen L\u00facia&#8221;, comentou, em refer\u00eancia \u00e0 retomada do julgamento do habeas corpus em que sua defesa pede a suspei\u00e7\u00e3o do ex-juiz federal.<\/p>\n<p class=\"text\">Apesar de celebrar a decis\u00e3o do ministro Edson Fachin, do Supremo Tribunal Federal (STF), que declarou a incompet\u00eancia da 13\u00aa Vara Federal de Curitiba para julg\u00e1-lo nos processos da Lava Jato, Lula garantiu que continuar\u00e1 brigando na Corte para que Moro seja considerado suspeito.<\/p>\n<p class=\"text\">Com a sess\u00e3o desta ter\u00e7a-feira, o placar na Segunda Turma do STF est\u00e1 empatado em 2 a 2, mas h\u00e1 expectativa de que a ministra C\u00e1rmen L\u00facia, que votou contra o pedido da defesa do petista no in\u00edcio do julgamento, em 2018, mude seu posicionamento quando se manifestar novamente. O julgamento foi suspenso ap\u00f3s pedido de vistas (mais tempo para an\u00e1lise) feito pelo ministro Kassio Nunes Marques.<\/p>\n<p class=\"text\">&#8220;Moro n\u00e3o tem direito de se tornar o maior mentiroso do Brasil e ser considerado her\u00f3i&#8221;, emendou o ex-presidente.<\/p>\n","protected":false},"excerpt":{"rendered":"<p>Em seu primeiro pronunciamento p\u00fablico ap\u00f3s a anula\u00e7\u00e3o de suas condena\u00e7\u00f5es no \u00e2mbito da Lava&#8230;<\/p>\n","protected":false},"author":11,"featured_media":0,"comment_status":"closed","ping_status":"closed","sticky":false,"template":"","format":"standard","meta":{"footnotes":""},"categories":[19],"tags":[],"class_list":["post-11712954","post","type-post","status-publish","format-standard","hentry","category-politica"],"_links":{"self":[{"href":"https:\/\/www.corumbaonline.com.br\/news\/wp-json\/wp\/v2\/posts\/11712954","targetHints":{"allow":["GET"]}}],"collection":[{"href":"https:\/\/www.corumbaonline.com.br\/news\/wp-json\/wp\/v2\/posts"}],"about":[{"href":"https:\/\/www.corumbaonline.com.br\/news\/wp-json\/wp\/v2\/types\/post"}],"author":[{"embeddable":true,"href":"https:\/\/www.corumbaonline.com.br\/news\/wp-json\/wp\/v2\/users\/11"}],"replies":[{"embeddable":true,"href":"https:\/\/www.corumbaonline.com.br\/news\/wp-json\/wp\/v2\/comments?post=11712954"}],"version-history":[{"count":1,"href":"https:\/\/www.corumbaonline.com.br\/news\/wp-json\/wp\/v2\/posts\/11712954\/revisions"}],"predecessor-version":[{"id":11712955,"href":"https:\/\/www.corumbaonline.com.br\/news\/wp-json\/wp\/v2\/posts\/11712954\/revisions\/11712955"}],"wp:attachment":[{"href":"https:\/\/www.corumbaonline.com.br\/news\/wp-json\/wp\/v2\/media?parent=11712954"}],"wp:term":[{"taxonomy":"category","embeddable":true,"href":"https:\/\/www.corumbaonline.com.br\/news\/wp-json\/wp\/v2\/categories?post=11712954"},{"taxonomy":"post_tag","embeddable":true,"href":"https:\/\/www.corumbaonline.com.br\/news\/wp-json\/wp\/v2\/tags?post=11712954"}],"curies":[{"name":"wp","href":"https:\/\/api.w.org\/{rel}","templated":true}]}}