{"id":11712962,"date":"2021-03-10T12:36:00","date_gmt":"2021-03-10T16:36:00","guid":{"rendered":"http:\/\/www.corumbaonline.com.br\/news\/?p=11712962"},"modified":"2021-03-10T12:40:26","modified_gmt":"2021-03-10T16:40:26","slug":"vereador-pede-acao-mais-energica-contra-proprietarios-de-terrenos-baldios-sujos","status":"publish","type":"post","link":"https:\/\/www.corumbaonline.com.br\/news\/vereador-pede-acao-mais-energica-contra-proprietarios-de-terrenos-baldios-sujos\/","title":{"rendered":"Vereador pede a\u00e7\u00e3o mais en\u00e9rgica contra propriet\u00e1rios de terrenos baldios sujos"},"content":{"rendered":"<p>Al\u00e9m da pandemia do coronav\u00edrus, Corumb\u00e1 convive com um outro s\u00e9rio problema de sa\u00fade que tem preocupado bastante. \u00c9 a dengue, doen\u00e7a causada pelo mosquito Aedes aegypti, transmissor ainda da Chikungunya, Zika V\u00edrus e febre amarela.<\/p>\n<p>A situa\u00e7\u00e3o \u00e9 alarmante. A cidade est\u00e1 em bandeira vermelha, conforme o \u00faltimo boletim epidemiol\u00f3gico da Secretaria Estadual de Sa\u00fade, j\u00e1 tendo atingido 1.105 notifica\u00e7\u00f5es da doen\u00e7a, com 175 casos positivos, ocupando a segunda posi\u00e7\u00e3o no Estado, atr\u00e1s apenas de Tr\u00eas Lagoas, com 243 casos.<\/p>\n<p>A situa\u00e7\u00e3o foi debatida na \u00faltima segunda-feira, 08, durante sess\u00e3o da C\u00e2mara, oportunidade em que o vereador Allex Dellas informou a necessidade de se ter uma a\u00e7\u00e3o mais en\u00e9rgica no sentido de eliminar os focos de prolifera\u00e7\u00e3o do mosquito.<\/p>\n<p>O vereador solicitou inclusive o envio de expediente ao coordenador de Fiscaliza\u00e7\u00e3o e Posturas o Munic\u00edpio, Luciano Cruz Souza, com c\u00f3pia ao secret\u00e1rio da pasta, pedindo explica\u00e7\u00f5es sobre a atua\u00e7\u00e3o dos fiscais de postura em rela\u00e7\u00e3o ao terrenos particulares situados na \u00e1rea urbana que colocam a sa\u00fade p\u00fablica em risco.<\/p>\n<p>Explicou que \u00e9 preciso a\u00e7\u00f5es rigorosas com autua\u00e7\u00e3o e notifica\u00e7\u00e3o dos propriet\u00e1rios de terrenos que se encontram com lixo, matagal e sem o devido cuidado, focos em potencial de prolifera\u00e7\u00e3o do mosquito transmissor da dengue.<\/p>\n<p>Por isso mesmo ele est\u00e1 buscando saber como est\u00e1 sendo desenvolvido o trabalho, ciente de que os fiscais est\u00e3o tamb\u00e9m envolvidos com as a\u00e7\u00f5es de enfrentamento e combate \u00e0 pandemia da Covid-19.<\/p>\n<p>Durante a sess\u00e3o, o assunto foi levantado e a sugest\u00e3o do vereador Roberto Fa\u00e7anha, foi a de utilizar a mesma ferramenta que os \u00f3rg\u00e3os ambientais usam para identificar problemas em propriedades rurais, como forma de identificar os terrenos em situa\u00e7\u00f5es prec\u00e1rias na \u00e1rea urbana da cidade.<\/p>\n<p>Allex destacou ser uma ferramenta importante, citando que a Funda\u00e7\u00e3o de Meio Ambiente do Pantanal disponibiliza de drone, que pode fazer fotografias e filmagens a\u00e9reas, identificando os terrenos, o que facilitaria a autua\u00e7\u00e3o e notifica\u00e7\u00e3o do propriet\u00e1rio.<\/p>\n<p>PAVIMENTA\u00c7\u00c3O<\/p>\n<p>Por outro lado, Allex Dellas est\u00e1 reivindicando junto ao secret\u00e1rio de Infraestrutura e Servi\u00e7os P\u00fablicos, Luiz Fernando Moreira, a recupera\u00e7\u00e3o do pavimento da Rua Rep\u00fablica do Paraguai, entre a Rua Gon\u00e7alves Dias e Alameda Santa Terezinha, no Aeroporto. A via foi aberta ap\u00f3s interven\u00e7\u00e3o da Sanesul (rede de esgoto), e continua com o asfalto danificado.<\/p>\n<p>J\u00e1 ao diretor da Ag\u00eancia Municipal de Tr\u00e2nsito e Transporte (Agetrat), L\u00facio Andr\u00e9 Messias de Barros, o vereador solicitou realiza\u00e7\u00e3o de estudo de viabilidade para instala\u00e7\u00e3o de rotat\u00f3ria na Rua Marechal Deodoro entre a Avenida General Rondon e Delamare, no Bairro Dom Bosco, devido ao aumento de acidentes no cruzamento, colocando pedestres em risco, inclusive.<\/p>\n","protected":false},"excerpt":{"rendered":"<p>Al\u00e9m da pandemia do coronav\u00edrus, Corumb\u00e1 convive com um outro s\u00e9rio problema de sa\u00fade que&#8230;<\/p>\n","protected":false},"author":63,"featured_media":0,"comment_status":"closed","ping_status":"closed","sticky":false,"template":"","format":"standard","meta":{"footnotes":""},"categories":[19],"tags":[],"class_list":["post-11712962","post","type-post","status-publish","format-standard","hentry","category-politica"],"_links":{"self":[{"href":"https:\/\/www.corumbaonline.com.br\/news\/wp-json\/wp\/v2\/posts\/11712962","targetHints":{"allow":["GET"]}}],"collection":[{"href":"https:\/\/www.corumbaonline.com.br\/news\/wp-json\/wp\/v2\/posts"}],"about":[{"href":"https:\/\/www.corumbaonline.com.br\/news\/wp-json\/wp\/v2\/types\/post"}],"author":[{"embeddable":true,"href":"https:\/\/www.corumbaonline.com.br\/news\/wp-json\/wp\/v2\/users\/63"}],"replies":[{"embeddable":true,"href":"https:\/\/www.corumbaonline.com.br\/news\/wp-json\/wp\/v2\/comments?post=11712962"}],"version-history":[{"count":1,"href":"https:\/\/www.corumbaonline.com.br\/news\/wp-json\/wp\/v2\/posts\/11712962\/revisions"}],"predecessor-version":[{"id":11712963,"href":"https:\/\/www.corumbaonline.com.br\/news\/wp-json\/wp\/v2\/posts\/11712962\/revisions\/11712963"}],"wp:attachment":[{"href":"https:\/\/www.corumbaonline.com.br\/news\/wp-json\/wp\/v2\/media?parent=11712962"}],"wp:term":[{"taxonomy":"category","embeddable":true,"href":"https:\/\/www.corumbaonline.com.br\/news\/wp-json\/wp\/v2\/categories?post=11712962"},{"taxonomy":"post_tag","embeddable":true,"href":"https:\/\/www.corumbaonline.com.br\/news\/wp-json\/wp\/v2\/tags?post=11712962"}],"curies":[{"name":"wp","href":"https:\/\/api.w.org\/{rel}","templated":true}]}}