{"id":11712964,"date":"2021-03-10T16:10:00","date_gmt":"2021-03-10T20:10:00","guid":{"rendered":"http:\/\/www.corumbaonline.com.br\/news\/?p=11712964"},"modified":"2021-03-10T16:52:43","modified_gmt":"2021-03-10T20:52:43","slug":"bolsonaro-muda-postura-usa-mascara-e-defende-vacinas","status":"publish","type":"post","link":"https:\/\/www.corumbaonline.com.br\/news\/bolsonaro-muda-postura-usa-mascara-e-defende-vacinas\/","title":{"rendered":"Bolsonaro muda postura, usa m\u00e1scara e defende vacinas"},"content":{"rendered":"<p>Pressionado pelo avan\u00e7o da covid-19 e cr\u00edticas sobre a omiss\u00e3o do governo federal na distribui\u00e7\u00e3o de vacinas, o presidente Jair Bolsonaro mudou radicalmente de postura e usou m\u00e1scara em evento no Pal\u00e1cio do Planalto nesta quarta-feira, 10, em que sancionou projeto para facilitar a compra de mais vacinas. Desde o come\u00e7o da pandemia, Bolsonaro tem minimizado a doen\u00e7a, desestimulado o uso da prote\u00e7\u00e3o e o distanciamento social e rejeitado propostas de compra de imunizantes.<\/p>\n<p>O senador Fl\u00e1vio Bolsonaro (Republicanos-RJ) tamb\u00e9m mudou o tom e pediu aos seus seguidores para compartilhar nas redes sociais uma foto de seu pai com a frase: &#8220;Nossa arma \u00e9 a vacina&#8221;. O filho do presidente tamb\u00e9m disse que nos pr\u00f3ximos meses o Brasil vai vacinar &#8220;dezenas de milh\u00f5es de brasileiros&#8221;.<\/p>\n<p>A mudan\u00e7a de postura ocorreu horas ap\u00f3s o ex-presidente Luiz In\u00e1cio Lula da Silva ter atacado a gest\u00e3o do governo no enfrentamento da pandemia no primeiro discurso depois de ter condena\u00e7\u00f5es anuladas pelo\u00a0Supremo Tribunal Federal. O petista disse que far\u00e1 propaganda para a popula\u00e7\u00e3o se vacinar, num movimento oposto ao que Bolsonaro adotou at\u00e9 hoje. Ele recomendou que a popula\u00e7\u00e3o n\u00e3o siga nenhuma &#8220;decis\u00e3o imbecil do presidente da Rep\u00fablica ou ministro da Sa\u00fade&#8221;, al\u00e9m de apoiar governadores em suas ofensivas por vacinas.<\/p>\n<p>Em seu discurso, Bolsonaro adotou tom moderado, n\u00e3o fez ataques a governadores e prefeitos e citou de passagem f\u00e1rmacos sem efic\u00e1cia contra a covid-19, como a hidroxicloroquina, que se tornou uma aposta do governo durante a crise.<\/p>\n<p>O evento no Planalto marcou a san\u00e7\u00e3o de 3 leis que tratam da pandemia. Um dos textos autoriza que a Uni\u00e3o assuma riscos e custos de efeitos adversos das vacinas, medidas que destrava a compra dos imunizantes da Pfizer e Janssen. Al\u00e9m disso, o texto permite que Estados e munic\u00edpios comprem os imunizantes, caso o governo federal se omita nestas negocia\u00e7\u00f5es.<\/p>\n<p>Ao mesmo tempo em que Bolsonaro agora passou a defender a vacina, o Minist\u00e9rio da Sa\u00fade admite que a campanha nacional de imuniza\u00e7\u00e3o pode parar pela escassez dos imunizantes. Em carta enviada \u00e0 Embaixada da China para tentar a compra de 30 milh\u00f5es de vacinas, a pasta afirma estar ciente da import\u00e2ncia de conter a nova variante da covid-19 e impedir que o v\u00edrus &#8220;se espalhe pelo mundo, recrudescendo a pandemia&#8221;.<\/p>\n<p>A postura contrasta com declara\u00e7\u00f5es anteriores do presidente. Ele j\u00e1 afirmou que n\u00e3o compraria doses da Coronavac, desenvolvida na China, devido a sua &#8220;origem&#8221;. Disse ainda, em dezembro, que a pressa pela chegada dos imunizantes &#8220;n\u00e3o se justifica&#8221; e que as farmac\u00eauticas \u00e9 que deveriam estar interessadas em negociar com o governo. &#8220;Pessoal diz que eu tenho que ir atr\u00e1s. N\u00e3o, quem quer vender (que tem). Se sou vendedor, eu quero apresentar&#8221;, disse Bolsonaro em 28 de dezembro.<\/p>\n<p>Em contraste com discursos anteriores, o presidente ainda evitou cr\u00edticas a restri\u00e7\u00f5es de circula\u00e7\u00e3o e lockdowns. Disse que no come\u00e7o da pandemia essas restri\u00e7\u00f5es foram adotadas para que hospitais fossem aparelhados com leitos de UTI e respiradores. &#8220;Nenhum prefeito, governador, reclamou de falta de recursos para que tivesse, ent\u00e3o, hospitais, leitos e UTI e respiradores.&#8221;<\/p>\n<p>Em seu discurso, o ministro da Sa\u00fade, Eduardo Pazuello, disse que as medidas aprovadas no Congresso possibilitaram a compra da vacina da Pfizer. Em aceno a Bolsonaro, que por meses criticou as exig\u00eancias da farmac\u00eautica, o general disse que o presidente &#8220;pessoalmente&#8221; conseguiu adiantar o cronograma de entrega desta vacina em um trimestre. O presidente reuniu-se na segunda-feira, 8, com representantes do laborat\u00f3rio.<\/p>\n<p>O ministro Pazuello negou que a pasta tenha reduzido a expectativa de entrega de vacinas. &#8220;Estamos garantidos para mar\u00e7o entre 22 e 25 milh\u00f5es, podendo chegar a 38 milh\u00f5es de doses&#8221;, disse. Ele afirmou que o SUS tem capacidade de vacinar de 1 milh\u00e3o a 1,5 milh\u00e3o por dia. O ministro tamb\u00e9m afirmou que todas as vacinas compradas com recursos p\u00fablicos ser\u00e3o distribu\u00eddas por meio do Sistema \u00danico de Sa\u00fade (SUS), em um recado a prefeitos e governadores que planejam realizar a compra de vacinas em paralelo ao governo federal.<\/p>\n","protected":false},"excerpt":{"rendered":"<p>Pressionado pelo avan\u00e7o da covid-19 e cr\u00edticas sobre a omiss\u00e3o do governo federal na distribui\u00e7\u00e3o&#8230;<\/p>\n","protected":false},"author":11,"featured_media":11712965,"comment_status":"closed","ping_status":"closed","sticky":false,"template":"","format":"standard","meta":{"footnotes":""},"categories":[19],"tags":[],"class_list":["post-11712964","post","type-post","status-publish","format-standard","has-post-thumbnail","hentry","category-politica"],"_links":{"self":[{"href":"https:\/\/www.corumbaonline.com.br\/news\/wp-json\/wp\/v2\/posts\/11712964","targetHints":{"allow":["GET"]}}],"collection":[{"href":"https:\/\/www.corumbaonline.com.br\/news\/wp-json\/wp\/v2\/posts"}],"about":[{"href":"https:\/\/www.corumbaonline.com.br\/news\/wp-json\/wp\/v2\/types\/post"}],"author":[{"embeddable":true,"href":"https:\/\/www.corumbaonline.com.br\/news\/wp-json\/wp\/v2\/users\/11"}],"replies":[{"embeddable":true,"href":"https:\/\/www.corumbaonline.com.br\/news\/wp-json\/wp\/v2\/comments?post=11712964"}],"version-history":[{"count":1,"href":"https:\/\/www.corumbaonline.com.br\/news\/wp-json\/wp\/v2\/posts\/11712964\/revisions"}],"predecessor-version":[{"id":11712966,"href":"https:\/\/www.corumbaonline.com.br\/news\/wp-json\/wp\/v2\/posts\/11712964\/revisions\/11712966"}],"wp:featuredmedia":[{"embeddable":true,"href":"https:\/\/www.corumbaonline.com.br\/news\/wp-json\/wp\/v2\/media\/11712965"}],"wp:attachment":[{"href":"https:\/\/www.corumbaonline.com.br\/news\/wp-json\/wp\/v2\/media?parent=11712964"}],"wp:term":[{"taxonomy":"category","embeddable":true,"href":"https:\/\/www.corumbaonline.com.br\/news\/wp-json\/wp\/v2\/categories?post=11712964"},{"taxonomy":"post_tag","embeddable":true,"href":"https:\/\/www.corumbaonline.com.br\/news\/wp-json\/wp\/v2\/tags?post=11712964"}],"curies":[{"name":"wp","href":"https:\/\/api.w.org\/{rel}","templated":true}]}}