{"id":11712967,"date":"2021-03-11T10:50:00","date_gmt":"2021-03-11T14:50:00","guid":{"rendered":"http:\/\/www.corumbaonline.com.br\/news\/?p=11712967"},"modified":"2021-03-11T11:30:16","modified_gmt":"2021-03-11T15:30:16","slug":"wajngarten-e-exonerado-da-secretaria-especial-de-comunicacao-social","status":"publish","type":"post","link":"https:\/\/www.corumbaonline.com.br\/news\/wajngarten-e-exonerado-da-secretaria-especial-de-comunicacao-social\/","title":{"rendered":"Wajngarten \u00e9 exonerado da Secretaria Especial de Comunica\u00e7\u00e3o Social"},"content":{"rendered":"<p>O presidente Jair Bolsonaro exonerou F\u00e1bio Wajngarten do cargo de secret\u00e1rio Especial de Comunica\u00e7\u00e3o Social (Secom), que coordena a comunica\u00e7\u00e3o de governo, as a\u00e7\u00f5es de publicidade e a atua\u00e7\u00e3o nas m\u00eddias digitais. O decreto\u00a0<a href=\"https:\/\/www.in.gov.br\/web\/dou\/-\/decretos-de-10-de-marco-de-2021-307746037\" target=\"_blank\" rel=\"noopener\">foi publicado hoje<\/a>\u00a0(11) no\u00a0Di\u00e1rio Oficial da Uni\u00e3o.<img decoding=\"async\" src=\"https:\/\/agenciabrasil.ebc.com.br\/ebc.png?id=1403626&amp;o=node\" \/><img decoding=\"async\" src=\"https:\/\/agenciabrasil.ebc.com.br\/ebc.gif?id=1403626&amp;o=node\" \/><\/p>\n<p>At\u00e9 junho do ano passado, a secretaria era vinculada \u00e0 Presid\u00eancia da Rep\u00fablica, mas passou para o Minist\u00e9rio das Comunica\u00e7\u00f5es quando a\u00a0<a href=\"https:\/\/agenciabrasil.ebc.com.br\/politica\/noticia\/2020-06\/em-medida-provisoria-governo-recria-ministerio-das-comunicacoes\" target=\"_blank\" rel=\"noopener\">pasta foi recriada<\/a>.<\/p>\n<p>Para o lugar de Wajngarten, Bolsonaro nomeou o almirante Fl\u00e1vio Augusto Viana Rocha, que chefia a Secretaria de Assuntos Estrat\u00e9gicos da Presid\u00eancia. Rocha vai exercer a fun\u00e7\u00e3o interinamente, sem preju\u00edzo das atribui\u00e7\u00f5es do cargo que ocupa.<\/p>\n<p>Wajngarten \u00e9 empres\u00e1rio na \u00e1rea de comunica\u00e7\u00e3o e assumiu o cargo na Secom em abril de 2019.<\/p>\n","protected":false},"excerpt":{"rendered":"<p>O presidente Jair Bolsonaro exonerou F\u00e1bio Wajngarten do cargo de secret\u00e1rio Especial de Comunica\u00e7\u00e3o Social&#8230;<\/p>\n","protected":false},"author":4,"featured_media":0,"comment_status":"closed","ping_status":"closed","sticky":false,"template":"","format":"standard","meta":{"footnotes":""},"categories":[19],"tags":[],"class_list":["post-11712967","post","type-post","status-publish","format-standard","hentry","category-politica"],"_links":{"self":[{"href":"https:\/\/www.corumbaonline.com.br\/news\/wp-json\/wp\/v2\/posts\/11712967","targetHints":{"allow":["GET"]}}],"collection":[{"href":"https:\/\/www.corumbaonline.com.br\/news\/wp-json\/wp\/v2\/posts"}],"about":[{"href":"https:\/\/www.corumbaonline.com.br\/news\/wp-json\/wp\/v2\/types\/post"}],"author":[{"embeddable":true,"href":"https:\/\/www.corumbaonline.com.br\/news\/wp-json\/wp\/v2\/users\/4"}],"replies":[{"embeddable":true,"href":"https:\/\/www.corumbaonline.com.br\/news\/wp-json\/wp\/v2\/comments?post=11712967"}],"version-history":[{"count":1,"href":"https:\/\/www.corumbaonline.com.br\/news\/wp-json\/wp\/v2\/posts\/11712967\/revisions"}],"predecessor-version":[{"id":11712968,"href":"https:\/\/www.corumbaonline.com.br\/news\/wp-json\/wp\/v2\/posts\/11712967\/revisions\/11712968"}],"wp:attachment":[{"href":"https:\/\/www.corumbaonline.com.br\/news\/wp-json\/wp\/v2\/media?parent=11712967"}],"wp:term":[{"taxonomy":"category","embeddable":true,"href":"https:\/\/www.corumbaonline.com.br\/news\/wp-json\/wp\/v2\/categories?post=11712967"},{"taxonomy":"post_tag","embeddable":true,"href":"https:\/\/www.corumbaonline.com.br\/news\/wp-json\/wp\/v2\/tags?post=11712967"}],"curies":[{"name":"wp","href":"https:\/\/api.w.org\/{rel}","templated":true}]}}