{"id":11713001,"date":"2021-03-12T09:00:00","date_gmt":"2021-03-12T13:00:00","guid":{"rendered":"http:\/\/www.corumbaonline.com.br\/news\/?p=11713001"},"modified":"2021-03-12T09:56:13","modified_gmt":"2021-03-12T13:56:13","slug":"em-reuniao-online-comissao-de-estudos-avanca-sobre-implantacao-da-uems-em-corumba","status":"publish","type":"post","link":"https:\/\/www.corumbaonline.com.br\/news\/em-reuniao-online-comissao-de-estudos-avanca-sobre-implantacao-da-uems-em-corumba\/","title":{"rendered":"Em reuni\u00e3o online, comiss\u00e3o de estudos avan\u00e7a sobre implanta\u00e7\u00e3o da UEMS em Corumb\u00e1"},"content":{"rendered":"<p>O prefeito Marcelo Iunes participou nesta quinta-feira, 11 de mar\u00e7o, de uma reuni\u00e3o online sobre a implementa\u00e7\u00e3o da Universidade Estadual de Mato Grosso do Sul (UEMS) em Corumb\u00e1. Al\u00e9m do chefe do Executivo municipal, tamb\u00e9m participaram o secret\u00e1rio municipal de Governo, Eduardo Iunes, o secret\u00e1rio municipal de Educa\u00e7\u00e3o, Genilson Canavarro de Abreu, e o secret\u00e1rio municipal de Desenvolvimento Econ\u00f4mico e Sustent\u00e1vel, C\u00e1ssio Augusto da Costa Marques.<\/p>\n<p>\u201cRecebemos uma excelente not\u00edcia de que a Bancada Federal de Mato Grosso do Sul destinou uma emenda para a UEMS e, dessa verba, R$ 150 mil ser\u00e3o destinados para implementar a unidade aqui em Corumb\u00e1\u201d, afirmou o prefeito Marcelo Iunes. Segundo o prefeito, inicialmente a universidade deve oferecer pelo menos um curso de gradua\u00e7\u00e3o e uma p\u00f3s-gradua\u00e7\u00e3o na regi\u00e3o. As aulas devem acontecer na escola Estadual Gabriel Vandoni de Barros.<\/p>\n<p>\u201cEstamos em tratativas com a UEMS para vir aqui um curso de Gest\u00e3o Comercial e uma gradua\u00e7\u00e3o ou p\u00f3s em Com\u00e9rcio Exterior. S\u00e3o demandas que percebemos necess\u00e1rias por causa do grande aumento no com\u00e9rcio entre o Brasil e a Bol\u00edvia\u201d, complementou Marcelo Iunes, lembrando que o assunto at\u00e9 j\u00e1 foi debatido em uma audi\u00eancia p\u00fablica realizada em outubro do ano passado na C\u00e2mara dos Vereadores.<\/p>\n<p>A audi\u00eancia foi uma realiza\u00e7\u00e3o conjunta da pr\u00f3pria UEMS, da Prefeitura, da C\u00e2mara de Corumb\u00e1 e foi convocada pelo presidente do Poder Legislativo corumbaense, Roberto Gomes Fa\u00e7anha. O evento contou tamb\u00e9m com a presen\u00e7a do deputado federal Vander Loubet. Na \u00e9poca, o prefeito de Corumb\u00e1 lembrou que, quando foi vereador, mais de 30 requerimentos solicitando polos da UEMS foram feitos na C\u00e2mara, e continuou agora. Disse ser um anseio antigo de todos que come\u00e7a a se materializar.<\/p>\n<p>Na reuni\u00e3o online promovida nesta quinta-feira, 11, tamb\u00e9m participaram o vereador Manoel Rodrigues e o reitor da UEMS, La\u00e9rcio Alves de Carvalho. A expectativa \u00e9 de os cursos sejam disponibilizados j\u00e1 no come\u00e7o de 2022.<\/p>\n<p>A UEMS foi institu\u00edda pela Lei Estadual n\u00ba 1461, de 20 de Dezembro de 1993, credenciada pela Delibera\u00e7\u00e3o CEE\/MS n\u00ba 4787 do Conselho Estadual de Educa\u00e7\u00e3o. Est\u00e1 presente nas cidades de Dourados (sede), Amambai, Aquidauana, Campo Grande, Cassil\u00e2ndia, Coxim, Gl\u00f3ria de Dourados, Ivinhema, Jardim, Maracaju, Mundo Novo, Navira\u00ed, Nova Andradina, Parana\u00edba e Ponta Por\u00e3.<\/p>\n<p>Os cursos disponibilizados hoje s\u00e3o: Ci\u00eancia da Computa\u00e7\u00e3o, Ci\u00eancias Biol\u00f3gicas, Direito, Enfermagem, Engenharia Ambiental e Sanit\u00e1ria, Engenharia F\u00edsica, F\u00edsica, Letras Portugu\u00eas-Espanhol, Letras Portugu\u00eas-Ingl\u00eas, Matem\u00e1tica, Pedagogia, Qu\u00edmica, Qu\u00edmica Industrial, Sistemas de Informa\u00e7\u00e3o, Turismo, Ci\u00eancias Sociais, Hist\u00f3ria, Agronomia, Engenharia Florestal, Zootecnia, Artes C\u00eanicas, Bacharelado em Letras, Geografia, Letras Portugu\u00eas-Espanhol e suas Literaturas, Letras Portugu\u00eas-Ingl\u00eas e suas Literaturas, Medicina, Gest\u00e3o Ambiental, Produ\u00e7\u00e3o Sucroalcooleira, Administra\u00e7\u00e3o, Tecnologia em Gest\u00e3o Ambiental, Engenharia de Alimentos, Computa\u00e7\u00e3o, Matem\u00e1tica Licenciatura, Ci\u00eancias Sociais \u2013 Bacharelado, Ci\u00eancias Sociais \u2013 Licenciatura, Ci\u00eancias Cont\u00e1beis e Ci\u00eancias Econ\u00f4micas, al\u00e9m do Ensino \u00e0 Dist\u00e2ncia com os cursos de Administra\u00e7\u00e3o P\u00fablica, Licenciatura em Ci\u00eancias Sociais e Licenciatura em Pedagogia.<\/p>\n","protected":false},"excerpt":{"rendered":"<p>O prefeito Marcelo Iunes participou nesta quinta-feira, 11 de mar\u00e7o, de uma reuni\u00e3o online sobre&#8230;<\/p>\n","protected":false},"author":70,"featured_media":11713002,"comment_status":"closed","ping_status":"closed","sticky":false,"template":"","format":"standard","meta":{"footnotes":""},"categories":[10],"tags":[],"class_list":["post-11713001","post","type-post","status-publish","format-standard","has-post-thumbnail","hentry","category-educacao"],"_links":{"self":[{"href":"https:\/\/www.corumbaonline.com.br\/news\/wp-json\/wp\/v2\/posts\/11713001","targetHints":{"allow":["GET"]}}],"collection":[{"href":"https:\/\/www.corumbaonline.com.br\/news\/wp-json\/wp\/v2\/posts"}],"about":[{"href":"https:\/\/www.corumbaonline.com.br\/news\/wp-json\/wp\/v2\/types\/post"}],"author":[{"embeddable":true,"href":"https:\/\/www.corumbaonline.com.br\/news\/wp-json\/wp\/v2\/users\/70"}],"replies":[{"embeddable":true,"href":"https:\/\/www.corumbaonline.com.br\/news\/wp-json\/wp\/v2\/comments?post=11713001"}],"version-history":[{"count":1,"href":"https:\/\/www.corumbaonline.com.br\/news\/wp-json\/wp\/v2\/posts\/11713001\/revisions"}],"predecessor-version":[{"id":11713003,"href":"https:\/\/www.corumbaonline.com.br\/news\/wp-json\/wp\/v2\/posts\/11713001\/revisions\/11713003"}],"wp:featuredmedia":[{"embeddable":true,"href":"https:\/\/www.corumbaonline.com.br\/news\/wp-json\/wp\/v2\/media\/11713002"}],"wp:attachment":[{"href":"https:\/\/www.corumbaonline.com.br\/news\/wp-json\/wp\/v2\/media?parent=11713001"}],"wp:term":[{"taxonomy":"category","embeddable":true,"href":"https:\/\/www.corumbaonline.com.br\/news\/wp-json\/wp\/v2\/categories?post=11713001"},{"taxonomy":"post_tag","embeddable":true,"href":"https:\/\/www.corumbaonline.com.br\/news\/wp-json\/wp\/v2\/tags?post=11713001"}],"curies":[{"name":"wp","href":"https:\/\/api.w.org\/{rel}","templated":true}]}}