{"id":11713009,"date":"2021-03-12T09:28:00","date_gmt":"2021-03-12T13:28:00","guid":{"rendered":"http:\/\/www.corumbaonline.com.br\/news\/?p=11713009"},"modified":"2021-03-12T10:21:10","modified_gmt":"2021-03-12T14:21:10","slug":"ifms-inaugura-obras-na-abertura-oficial-do-ano-letivo","status":"publish","type":"post","link":"https:\/\/www.corumbaonline.com.br\/news\/ifms-inaugura-obras-na-abertura-oficial-do-ano-letivo\/","title":{"rendered":"IFMS inaugura obras na abertura oficial do ano letivo"},"content":{"rendered":"<p>O ano letivo de 2021 do Instituto Federal de Mato Grosso do Sul (IFMS) foi oficialmente aberto nesta quinta-feira, 11, em cerim\u00f4nia virtual, que marcou tamb\u00e9m a inaugura\u00e7\u00e3o de obras em nove campi da institui\u00e7\u00e3o.<\/p>\n<p>A reitora Elaine Cassiano abriu a\u00a0<a title=\"transmiss\u00e3o ao vivo no canal do IFMS\" href=\"http:\/\/www.ifms.edu.br:9000\/lists\/lt.php?tid=KxkCBwZeVwQCAEsFB1ZdTlBSUFZOWAoMUBtcVwNSBFBWBgEHVAkfCABQBFpTBVFOUlNTW04NDgEOGwFTBldPVAEABVFRWVpSB1cAH1ICAwYCUlcDTghaXAYbDFZQBk8JVlZUH1AKVgBWAgNWVAIABw\" target=\"_blank\" rel=\"noopener noreferrer\">transmiss\u00e3o ao vivo no canal do IFMS<\/a>\u00a0com uma sauda\u00e7\u00e3o aos estudantes.<\/p>\n<p>&#8220;Todos os nossos servidores est\u00e3o dedicados a levar a voc\u00eas, estudantes, a oportunidade de adquirir conhecimento, de pesquisar, de construir um futuro digno e de sucesso. Sejam bem-vindos&#8221;, saudou.<\/p>\n<p>Elaine tamb\u00e9m pontuou que, apesar da pandemia do novo coronav\u00edrus, diversas a\u00e7\u00f5es foram realizadas em 2020.<\/p>\n<p>&#8220;Nada substitui o ensino presencial, mas diante das dificuldades foi preciso agir. Para isso, lan\u00e7amos editais de aux\u00edlio emergencial, realizamos eventos virtuais, conseguirmos economizar recursos de custeio para fazer novos investimentos, registramos mais de 20 mil matr\u00edculas com a oferta de cursos livres a dist\u00e2ncia, entre outras conquistas&#8221;.<\/p>\n<p>Estavam presentes ainda na sala de transmiss\u00e3o os diretores-gerais dos dez campi, pr\u00f3-reitores, al\u00e9m dos reitores da Universidade Federal de Mato Grosso do Sul (UFMS), Marcelo Turine, e da Uniderp,\u00a0Taner Bitencourt.<\/p>\n<p>A bancada federal de Mato Grosso do Sul foi representada pelas senadoras Simone Tebet e Soraya Thronicke, e pelos deputados federais Bia Cavassa e Luiz Ovando. O senador Nelson Trad Filho e o deputado federal Vander Loubet enviaram v\u00eddeos com depoimentos sobre a atua\u00e7\u00e3o da bancada em prol da educa\u00e7\u00e3o profissional no estado.<\/p>\n<p>Aulas\u00a0&#8211; Tiveram in\u00edcio na \u00faltima segunda-feira, 8, nos dez campi do IFMS.\u00a0<a title=\"Enquanto durar a suspens\u00e3o das atividades presenciais\" href=\"http:\/\/www.ifms.edu.br:9000\/lists\/lt.php?tid=KxkMAFxbUgFXAksADwdTTlBWVgFOAQleBBtcBwJQBwcBBFQLVQAfCABQBFpTBVFOUlNTW04NDgEOGwFTBldPVAEABVFRWVpSB1cAH1ICAwYCUlcDTghaXAYbDFZQBk8JVlZUH1AKVgBWAgNWVAIABw\" target=\"_blank\" rel=\"noopener noreferrer\">Enquanto durar a suspens\u00e3o das atividades presenciais<\/a>, as aulas ser\u00e3o oferecidas de forma remota.<\/p>\n<p><a title=\"Atividades de recep\u00e7\u00e3o e ambienta\u00e7\u00e3o est\u00e3o sendo oferecidas aos novos estudantes\" href=\"http:\/\/www.ifms.edu.br:9000\/lists\/lt.php?tid=KxkEBVUOAQhRUEtbAgRTTlAHBAZOWwkLBRtaVgVQAAMBUFcAUg0fCABQBFpTBVFOUlNTW04NDgEOGwFTBldPVAEABVFRWVpSB1cAH1ICAwYCUlcDTghaXAYbDFZQBk8JVlZUH1AKVgBWAgNWVAIABw\" target=\"_blank\" rel=\"noopener noreferrer\">Atividades de recep\u00e7\u00e3o e ambienta\u00e7\u00e3o est\u00e3o sendo oferecidas aos novos estudantes<\/a>\u00a0durante esta semana.<\/p>\n<p>Al\u00e9m de transmiss\u00f5es ao vivo para dar as boas-vindas dos ingressantes, foram programados encontros em salas virtuais para que os novos alunos conhecessem diretores, coordenadores, equipe pedag\u00f3gica e professores, e tamb\u00e9m para que aprendessem a utilizar o\u00a0<a title=\"Sistema Acad\u00eamico\" href=\"http:\/\/www.ifms.edu.br:9000\/lists\/lt.php?tid=KxkNCgEAWgFUU0tbD1YDTlAABQFOWA4BBxsMVAcEUQgAXVMDBAsfCABQBFpTBVFOUlNTW04NDgEOGwFTBldPVAEABVFRWVpSB1cAH1ICAwYCUlcDTghaXAYbDFZQBk8JVlZUH1AKVgBWAgNWVAIABw\" target=\"_blank\" rel=\"noopener noreferrer\">Sistema Acad\u00eamico<\/a>\u00a0e o\u00a0<a title=\"Ambiente Virtual de Ensino e Aprendizagem (Avea - Moodle)\" href=\"http:\/\/www.ifms.edu.br:9000\/lists\/lt.php?tid=KxlXAAAKWwlWUktWUQMHTlBVCgdOAA8AAxtZXwMLB1BVV1QGVA4fCABQBFpTBVFOUlNTW04NDgEOGwFTBldPVAEABVFRWVpSB1cAH1ICAwYCUlcDTghaXAYbDFZQBk8JVlZUH1AKVgBWAgNWVAIABw\" target=\"_blank\" rel=\"noopener noreferrer\">Ambiente Virtual de Ensino e Aprendizagem (Avea &#8211; Moodle)<\/a>.<\/p>\n<p>Alguns campi apresentaram v\u00eddeos para que os novos alunos fizessem um\u00a0tour\u00a0virtual pelo campus. Outros organizaram visitas presenciais com a ado\u00e7\u00e3o de medidas de biosseguran\u00e7a.<\/p>\n<p>As programa\u00e7\u00f5es espec\u00edficas por campus foram enviadas aos estudantes e pais ou respons\u00e1veis pelo e-mail institucional e\/ou grupos de WhatsApp criados com as novas turmas.<\/p>\n<p>Inaugura\u00e7\u00f5es\u00a0&#8211; Durante a cerim\u00f4nia, foram inauguradas 11 obras em nove campi do IFMS que, juntas, totalizam investimentos de mais de R$ 3,2 milh\u00f5es em infraestrutura.<\/p>\n<p>A maior parte dos recursos \u00e9 proveniente de Termos de Execu\u00e7\u00e3o Descentralizada (TED)\u00a0autorizados pela Secretaria de Educa\u00e7\u00e3o Profissional e Tecnol\u00f3gica (Setec) do Minist\u00e9rio da Educa\u00e7\u00e3o (MEC). Apenas a quadra poliesportiva coberta do Campus Coxim foi constru\u00edda com recursos pr\u00f3prios da institui\u00e7\u00e3o.<\/p>\n<p>&#8220;Agradecemos o empenho do ex-reitor Luiz Sim\u00e3o\u00a0Staszczak\u00a0e de sua equipe na busca de recursos para a realiza\u00e7\u00e3o das obras. Com essa entrega que estamos fazendo,\u00a0nossos estudantes recebem mais infraestrutura. Em 2021, vamos avan\u00e7ar com mais conquistas institucionais&#8221;, destacou a reitora.<\/p>\n<p>Durante a cerim\u00f4nia virtual, senadores e deputados federais lembraram que emendas de bancada que somam R$ 6 milh\u00f5es j\u00e1 est\u00e3o garantidas para novos investimentos no IFMS.<\/p>\n<p>No\u00a0Campus Aquidauana, foram inauguradas a usina fotovoltaica e uma sala modular, que ir\u00e1 abrigar o IFMaker \u2013 laborat\u00f3rio de inova\u00e7\u00e3o que pode ser utilizado tanto por estudantes e professores do IFMS quanto pela comunidade externa. Al\u00e9m da impressora 3D, o espa\u00e7o ter\u00e1 equipamentos para marcenaria, como cortadores a laser.<\/p>\n<p>Em funcionamento desde outubro do ano passado, a usina fotovoltaica gera diariamente, em m\u00e9dia, 296 kWh\u00a0de energia el\u00e9trica, o que j\u00e1 reduziu a conta de energia do campus em cerca de 40%. A fatura que antes girava em torno de R$ 5,9 mil caiu para cerca de R$ 2 mil.\u00a0No retorno das atividades presenciais, parte da unidade de produ\u00e7\u00e3o de energia solar ser\u00e1 utilizada para o desenvolvimento de atividades de ensino e pesquisa com os estudantes.<\/p>\n<p>Quatro salas modulares do\u00a0Campus Campo Grande\u00a0tamb\u00e9m foram inauguradas. Duas ser\u00e3o utilizadas como salas de aula, e as outras duas ir\u00e3o abrigar o\u00a0IFMaker e a unidade da TecnoIF \u2013 Incubadora Mista e Social de Empresas do IFMS.<\/p>\n<p>O\u00a0Campus Corumb\u00e1\u00a0tem agora uma sala modular, onde funcionar\u00e1 o laborat\u00f3rio de inova\u00e7\u00e3o IFMaker. O espa\u00e7o conta, inicialmente, com dois computadores, uma impressora 3D e uma cortadora a laser.<\/p>\n<p>A quadra poliesportiva coberta do\u00a0Campus Coxim, localizado em uma das regi\u00f5es mais quentes do estado, tamb\u00e9m foi inaugurada durante a cerim\u00f4nia virtual, o que proporcionar\u00e1 aos estudantes mais conforto nas atividades f\u00edsicas. Na sala modular que foi constru\u00edda funcionar\u00e1 o laborat\u00f3rio de inova\u00e7\u00e3o IFMaker.<\/p>\n<p>O\u00a0Campus Dourados passa a contar com cinco salas modulares em sua infraestrutura, sendo que quatro ser\u00e3o utilizadas como salas de aula e uma para abrigar a unidade da TecnoIF e um laborat\u00f3rio de rob\u00f3tica.<\/p>\n<p>Tr\u00eas salas modulares foram constru\u00eddas no\u00a0Campus Jardim. Nos espa\u00e7os, funcionar\u00e3o o laborat\u00f3rio para o curso de qualifica\u00e7\u00e3o profissional em Montador de M\u00f3veis e a unidade da TecnoIF.<\/p>\n<p>No\u00a0Campus Navira\u00ed\u00a0foi inaugurada uma sala modular, onde funcionar\u00e1 o IFMaker. O espa\u00e7o de inova\u00e7\u00e3o tamb\u00e9m ser\u00e1 utilizado para o desenvolvimento de diversas outras a\u00e7\u00f5es de ensino, pesquisa e extens\u00e3o.<\/p>\n<p>Duas salas modulares foram erguidas no\u00a0Campus Ponta Por\u00e3. Em uma delas funcionar\u00e1 o laborat\u00f3rio de Desenvolvimento Web e na outra ser\u00e1 montada uma sala de jogos. O espa\u00e7o contar\u00e1 com oito aparelhos de Playstation 4 que foram doados pela Receita Federal e que poder\u00e3o ser utilizados como meio did\u00e1tico em algumas disciplinas.<\/p>\n<p>No\u00a0Campus Tr\u00eas Lagoas\u00a0foi inaugurada uma sala modular onde funcionar\u00e1 o IFMaker. O espa\u00e7o, que ser\u00e1 adesivado, conta com impressoras 3D e cortadora a laser, entre outros equipamentos.<\/p>\n","protected":false},"excerpt":{"rendered":"<p>O ano letivo de 2021 do Instituto Federal de Mato Grosso do Sul (IFMS) foi&#8230;<\/p>\n","protected":false},"author":9,"featured_media":0,"comment_status":"closed","ping_status":"closed","sticky":false,"template":"","format":"standard","meta":{"footnotes":""},"categories":[10],"tags":[],"class_list":["post-11713009","post","type-post","status-publish","format-standard","hentry","category-educacao"],"_links":{"self":[{"href":"https:\/\/www.corumbaonline.com.br\/news\/wp-json\/wp\/v2\/posts\/11713009","targetHints":{"allow":["GET"]}}],"collection":[{"href":"https:\/\/www.corumbaonline.com.br\/news\/wp-json\/wp\/v2\/posts"}],"about":[{"href":"https:\/\/www.corumbaonline.com.br\/news\/wp-json\/wp\/v2\/types\/post"}],"author":[{"embeddable":true,"href":"https:\/\/www.corumbaonline.com.br\/news\/wp-json\/wp\/v2\/users\/9"}],"replies":[{"embeddable":true,"href":"https:\/\/www.corumbaonline.com.br\/news\/wp-json\/wp\/v2\/comments?post=11713009"}],"version-history":[{"count":1,"href":"https:\/\/www.corumbaonline.com.br\/news\/wp-json\/wp\/v2\/posts\/11713009\/revisions"}],"predecessor-version":[{"id":11713010,"href":"https:\/\/www.corumbaonline.com.br\/news\/wp-json\/wp\/v2\/posts\/11713009\/revisions\/11713010"}],"wp:attachment":[{"href":"https:\/\/www.corumbaonline.com.br\/news\/wp-json\/wp\/v2\/media?parent=11713009"}],"wp:term":[{"taxonomy":"category","embeddable":true,"href":"https:\/\/www.corumbaonline.com.br\/news\/wp-json\/wp\/v2\/categories?post=11713009"},{"taxonomy":"post_tag","embeddable":true,"href":"https:\/\/www.corumbaonline.com.br\/news\/wp-json\/wp\/v2\/tags?post=11713009"}],"curies":[{"name":"wp","href":"https:\/\/api.w.org\/{rel}","templated":true}]}}