{"id":11713011,"date":"2021-03-12T09:35:00","date_gmt":"2021-03-12T13:35:00","guid":{"rendered":"http:\/\/www.corumbaonline.com.br\/news\/?p=11713011"},"modified":"2021-03-12T10:23:26","modified_gmt":"2021-03-12T14:23:26","slug":"vereador-sugere-estudos-visando-retirada-de-plantas-invasoras-no-pantanal","status":"publish","type":"post","link":"https:\/\/www.corumbaonline.com.br\/news\/vereador-sugere-estudos-visando-retirada-de-plantas-invasoras-no-pantanal\/","title":{"rendered":"Vereador sugere estudos visando retirada de plantas invasoras no Pantanal"},"content":{"rendered":"<p>Buscar sa\u00eddas para acabar com as queimadas no Pantanal \u00e9 o que est\u00e1 buscando o vereador Chic\u00e3o Vianna, como forma de evitar novos desastres ambientais, a exemplo do que ocorreu no ano passado e que atingiu toda a regi\u00e3o pantaneira.<\/p>\n<p>Pensando dessa forma, o vereador, durante sess\u00e3o do Poder Legislativo corumbaense, apresentou um requerimento em que solicita ao secret\u00e1rio de Estado de Meio Ambiente, Desenvolvimento Econ\u00f4mico, Produ\u00e7\u00e3o e Agricultura Familiar, Jaime Elias Verruck, a realiza\u00e7\u00e3o de estudos t\u00e9cnicos-ambientais, no sentido de autorizar a limpeza e o manejo das pastagens no pantanal sul-mato-grossense.<\/p>\n<p>\u201cA limpeza e manejo que solicitado, \u00e9 para a retirada das plantas invasoras com o objetivo de eliminar a biomassa ex\u00f3tica, que serve de combust\u00edvel para as queimadas no per\u00edodo seco. Isso evitaria que novas cat\u00e1strofes ambientais envolvendo inc\u00eandios florestais no Pantanal, se repitam\u201d, explicou.<\/p>\n<p>Chic\u00e3o explicou que a Secretaria de Meio Ambiente do Mato Grosso autorizou a um pecuarista de Pocon\u00e9 (MT), a elimina\u00e7\u00e3o dessa biomassa ex\u00f3tica. \u201cSe for uma solu\u00e7\u00e3o para acabar com as queimadas, vamos buscar fazer o mesmo aqui\u201d, refor\u00e7ou.<\/p>\n<p>AEDES AEGYPTI<\/p>\n<p>Em outro requerimento, Chic\u00e3o Vianna sugeriu \u00e0 Prefeitura, a formaliza\u00e7\u00e3o de uma parceria com o Minist\u00e9rio da Sa\u00fade, Governo do Estado, WMP (World Mosquito Program), e com a Funda\u00e7\u00e3o Oswaldo Cruz, visando a instala\u00e7\u00e3o de uma Biof\u00e1brica do M\u00e9todo Wolbachia em Corumb\u00e1.<\/p>\n<p>\u201cIsso j\u00e1 est\u00e1 ocorrendo em v\u00e1rias cidades brasileiras e, atualmente, est\u00e1 sendo a maneira mais moderna e com maior efic\u00e1cia, de se eliminar o mosquito Aedes aegypti, transmissor da dengue, podendo ser um grande aliado para o combate \u00e0 doen\u00e7a em nosso Munic\u00edpio\u201d, acentuou.<\/p>\n<p>O vereador destacou que, quando presente no mosquito Aedes aegypti, a Wolbachia, produzida pelas biof\u00e1bricas, impede que os v\u00edrus da dengue, Zika, Chikungunya e febre amarela se desenvolvam no inseto, contribuindo para a redu\u00e7\u00e3o das doen\u00e7as.<\/p>\n<p>LIMPEZA<\/p>\n<p>Ainda como forma de combater a dengue, o vereador pediu \u00e0 Secretaria de Infraestrutura e Servi\u00e7os P\u00fablicos, fiscaliza\u00e7\u00e3o intensiva no Bairro Nossa Senhora de F\u00e1tima, visando autuar os propriet\u00e1rios dos im\u00f3veis que se encontram em situa\u00e7\u00e3o de abandono, que est\u00e3o sendo usados atualmente como dep\u00f3sito de lixo, de sobras de constru\u00e7\u00e3o civil, e que acabam se transformando em focos de procria\u00e7\u00e3o do Aedes aegypti, e de animais pe\u00e7onhentos. Pediu tamb\u00e9m servi\u00e7os de limpeza, capina e ro\u00e7ada, inclusive de cal\u00e7adas que est\u00e3o ac\u00famulo de lixo e vegeta\u00e7\u00e3o alta.<\/p>\n<p>TR\u00c2NSITO<\/p>\n<p>\u00c0 Agetrat, o vereador solicitou a realiza\u00e7\u00e3o de estudo t\u00e9cnico sobre a possibilidade da revis\u00e3o da sinaliza\u00e7\u00e3o horizontal da Rua Marechal Deodoro, entre as ruas Santa Catarina e Piau\u00ed, tendo em vista que est\u00e3o pr\u00f3ximas a redutores de velocidade, e permitem ultrapassagem de ve\u00edculos, o que pode provocar acidentes.<\/p>\n","protected":false},"excerpt":{"rendered":"<p>Buscar sa\u00eddas para acabar com as queimadas no Pantanal \u00e9 o que est\u00e1 buscando o&#8230;<\/p>\n","protected":false},"author":63,"featured_media":0,"comment_status":"closed","ping_status":"closed","sticky":false,"template":"","format":"standard","meta":{"footnotes":""},"categories":[19],"tags":[],"class_list":["post-11713011","post","type-post","status-publish","format-standard","hentry","category-politica"],"_links":{"self":[{"href":"https:\/\/www.corumbaonline.com.br\/news\/wp-json\/wp\/v2\/posts\/11713011","targetHints":{"allow":["GET"]}}],"collection":[{"href":"https:\/\/www.corumbaonline.com.br\/news\/wp-json\/wp\/v2\/posts"}],"about":[{"href":"https:\/\/www.corumbaonline.com.br\/news\/wp-json\/wp\/v2\/types\/post"}],"author":[{"embeddable":true,"href":"https:\/\/www.corumbaonline.com.br\/news\/wp-json\/wp\/v2\/users\/63"}],"replies":[{"embeddable":true,"href":"https:\/\/www.corumbaonline.com.br\/news\/wp-json\/wp\/v2\/comments?post=11713011"}],"version-history":[{"count":1,"href":"https:\/\/www.corumbaonline.com.br\/news\/wp-json\/wp\/v2\/posts\/11713011\/revisions"}],"predecessor-version":[{"id":11713012,"href":"https:\/\/www.corumbaonline.com.br\/news\/wp-json\/wp\/v2\/posts\/11713011\/revisions\/11713012"}],"wp:attachment":[{"href":"https:\/\/www.corumbaonline.com.br\/news\/wp-json\/wp\/v2\/media?parent=11713011"}],"wp:term":[{"taxonomy":"category","embeddable":true,"href":"https:\/\/www.corumbaonline.com.br\/news\/wp-json\/wp\/v2\/categories?post=11713011"},{"taxonomy":"post_tag","embeddable":true,"href":"https:\/\/www.corumbaonline.com.br\/news\/wp-json\/wp\/v2\/tags?post=11713011"}],"curies":[{"name":"wp","href":"https:\/\/api.w.org\/{rel}","templated":true}]}}