{"id":11713016,"date":"2021-03-12T09:57:00","date_gmt":"2021-03-12T13:57:00","guid":{"rendered":"http:\/\/www.corumbaonline.com.br\/news\/?p=11713016"},"modified":"2021-03-12T11:14:52","modified_gmt":"2021-03-12T15:14:52","slug":"campanha-de-protecao-das-aguas-e-lancada-em-corumba","status":"publish","type":"post","link":"https:\/\/www.corumbaonline.com.br\/news\/campanha-de-protecao-das-aguas-e-lancada-em-corumba\/","title":{"rendered":"Campanha de prote\u00e7\u00e3o das \u00e1guas \u00e9 lan\u00e7ada em Corumb\u00e1"},"content":{"rendered":"<p>Nesta quinta-feira (11), a Sanesul (Empresa de Saneamento de Mato Grosso do Sul) em parceria com o Governo do Estado deu in\u00edcio a campanha &#8220;Nossa \u00c1gua&#8221; mobilizando servidores da companhia e do munic\u00edpio de Corumb\u00e1 a realizar coleta de lixo nas vias p\u00fablicas da cidade. A a\u00e7\u00e3o foi realizada no bairro cervejaria na regi\u00e3o pr\u00f3xima ao Ecoparque Cacimba da Sa\u00fade.<\/p>\n<p>Em celebra\u00e7\u00e3o ao dia mundial da \u00e1gua, que ocorre em 22 de mar\u00e7o, a campanha visa incentivar a popula\u00e7\u00e3o a realizar corretamente o descarte dos res\u00edduos s\u00f3lidos de modo a evitar problemas ambientais e de sa\u00fade p\u00fablica, como a polui\u00e7\u00e3o do rio, a mortandade das esp\u00e9cies animais e vegetais do ambiente fluvial e at\u00e9 mesmo a obstru\u00e7\u00e3o da rede de esgoto.<\/p>\n<p>De acordo com Nat\u00e1lia Machado, engenheira ambiental da Sanesul, \u201c\u00c9 importante conscientizar a popula\u00e7\u00e3o, que \u00e0s vezes, n\u00e3o por mal, acaba jogando lixo na beira do rio, o que acarreta em muitas coisas, como na polui\u00e7\u00e3o da \u00e1gua captada pela Sanesul, \u00e1gua que \u00e9 consumida por todos.\u201d<\/p>\n<figure id=\"attachment_11713020\" aria-describedby=\"caption-attachment-11713020\" style=\"width: 300px\" class=\"wp-caption aligncenter\"><a href=\"https:\/\/www.corumbaonline.com.br\/news\/wp-content\/uploads\/2021\/03\/foto115464.jpg\"><img loading=\"lazy\" decoding=\"async\" class=\"size-medium wp-image-11713020\" src=\"https:\/\/www.corumbaonline.com.br\/news\/wp-content\/uploads\/2021\/03\/foto115464-300x225.jpg\" alt=\"\" width=\"300\" height=\"225\" srcset=\"https:\/\/www.corumbaonline.com.br\/news\/wp-content\/uploads\/2021\/03\/foto115464-300x225.jpg 300w, https:\/\/www.corumbaonline.com.br\/news\/wp-content\/uploads\/2021\/03\/foto115464.jpg 600w\" sizes=\"auto, (max-width: 300px) 100vw, 300px\" \/><\/a><figcaption id=\"caption-attachment-11713020\" class=\"wp-caption-text\">(Foto: Maria Eduarda Metran)<\/figcaption><\/figure>\n<p>Al\u00e9m das causas relacionadas ao curso do rio, o descarte inadequado do lixo dom\u00e9stico est\u00e1 relacionado \u00e0 cria\u00e7\u00e3o de focos do mosquito da dengue. Um dos agentes de controle de vetores convidado \u00e0 participar da a\u00e7\u00e3o, Ronaldo Coelho afirma que os agentes fazem a sua parte e que devem trabalhar em parceria com o povo mas \u201cinfelizmente, n\u00e3o \u00e9 o que acontece, s\u00e3o poucas as pessoas que entendem a situa\u00e7\u00e3o, o que acaba dificultando o nosso trabalho. A gente pede compreens\u00e3o porque al\u00e9m da pandemia do Covid, a dengue tamb\u00e9m est\u00e1 a\u00ed gerando superlota\u00e7\u00e3o nas unidades p\u00fablicas de sa\u00fade.\u201d<\/p>\n<p>Coelho e Machado reconhecem a import\u00e2ncia do exemplo como forma de incentivo. Para ele, &#8220;uma atividade como essa mobiliza a popula\u00e7\u00e3o a zelar pela sa\u00fade de toda a comunidade&#8221; e para ela, &#8220;a educa\u00e7\u00e3o que \u00e9 a sa\u00edda e se conscientizando eles v\u00e3o ter um pouco mais de no\u00e7\u00e3o e v\u00e3o poder colaborar mais com o meio ambiente&#8221;<\/p>\n<figure id=\"attachment_11713022\" aria-describedby=\"caption-attachment-11713022\" style=\"width: 300px\" class=\"wp-caption aligncenter\"><a href=\"https:\/\/www.corumbaonline.com.br\/news\/wp-content\/uploads\/2021\/03\/foto115465.jpg\"><img loading=\"lazy\" decoding=\"async\" class=\"size-medium wp-image-11713022\" src=\"https:\/\/www.corumbaonline.com.br\/news\/wp-content\/uploads\/2021\/03\/foto115465-300x195.jpg\" alt=\"\" width=\"300\" height=\"195\" srcset=\"https:\/\/www.corumbaonline.com.br\/news\/wp-content\/uploads\/2021\/03\/foto115465-300x195.jpg 300w, https:\/\/www.corumbaonline.com.br\/news\/wp-content\/uploads\/2021\/03\/foto115465.jpg 600w\" sizes=\"auto, (max-width: 300px) 100vw, 300px\" \/><\/a><figcaption id=\"caption-attachment-11713022\" class=\"wp-caption-text\">(Foto: Maria Eduarda Metran)<\/figcaption><\/figure>\n<p>Nos pr\u00f3ximos dias as a\u00e7\u00f5es v\u00e3o acontecer em Rio Verde de Mato Grosso (Rio Verde), Bonito (C\u00f3rrego Bonito), Dourados (C\u00f3rrego \u00c1gua Boa), Navira\u00ed (C\u00f3rrego Touro) e Parana\u00edba (Lago da Pra\u00e7a Espelho d&#8217;\u00e1gua), cidades onde a concession\u00e1ria atua.<\/p>\n<p>Tamb\u00e9m s\u00e3o distribu\u00eddas as cartilhas educativas e os jogos da mem\u00f3ria infantis com o tema do Dia da \u00c1gua para todas as unidades da empresa. Ser\u00e1 disponibilizado para as escolas um v\u00eddeo animado educativo com mascotes da Sanesul. Acompanhem nas redes sociais @ <a href=\"https:\/\/www.facebook.com\/SanesulMS\">https:\/\/www.facebook.com\/SanesulMS<\/a>\u00a0e @\u00a0<a href=\"https:\/\/www.instagram.com\/sanesul\/\">https:\/\/www.instagram.com\/sanesul\/<\/a><\/p>\n<h4>Servi\u00e7o<\/h4>\n<p>Atrav\u00e9s do n\u00famero 3233-2783, do Disque dengue, \u00e9 poss\u00edvel denunciar focos do mosquito Aedes aegypti, vetor da dengue, Zika e Chikungunya. O funcionamento ocorre de segunda \u00e0 segunda das 8h \u00e0 18h. Em caso de terrenos baldios deve ser contatada a Fiscaliza\u00e7\u00e3o de Posturas atr\u00e1ves do n\u00famero 3234-3479.<\/p>\n\n\n<figure class=\"wp-block-gallery columns-3 is-cropped wp-block-gallery-1 is-layout-flex wp-block-gallery-is-layout-flex\"><ul class=\"blocks-gallery-grid\"><li class=\"blocks-gallery-item\"><figure><img loading=\"lazy\" decoding=\"async\" width=\"696\" height=\"521\" src=\"https:\/\/www.corumbaonline.com.br\/news\/wp-content\/uploads\/2021\/03\/foto115466.jpg\" alt=\"\" data-id=\"11713023\" data-full-url=\"https:\/\/www.corumbaonline.com.br\/news\/wp-content\/uploads\/2021\/03\/foto115466.jpg\" data-link=\"https:\/\/www.corumbaonline.com.br\/news\/index.php\/2021\/03\/12\/campanha-de-protecao-das-aguas-e-lancada-em-corumba\/foto115466\/\" class=\"wp-image-11713023\" srcset=\"https:\/\/www.corumbaonline.com.br\/news\/wp-content\/uploads\/2021\/03\/foto115466.jpg 696w, https:\/\/www.corumbaonline.com.br\/news\/wp-content\/uploads\/2021\/03\/foto115466-300x225.jpg 300w, https:\/\/www.corumbaonline.com.br\/news\/wp-content\/uploads\/2021\/03\/foto115466-600x449.jpg 600w\" sizes=\"auto, (max-width: 696px) 100vw, 696px\" \/><\/figure><\/li><li class=\"blocks-gallery-item\"><figure><img loading=\"lazy\" decoding=\"async\" width=\"696\" height=\"521\" src=\"https:\/\/www.corumbaonline.com.br\/news\/wp-content\/uploads\/2021\/03\/foto115467.jpg\" alt=\"\" data-id=\"11713024\" data-full-url=\"https:\/\/www.corumbaonline.com.br\/news\/wp-content\/uploads\/2021\/03\/foto115467.jpg\" data-link=\"https:\/\/www.corumbaonline.com.br\/news\/index.php\/2021\/03\/12\/campanha-de-protecao-das-aguas-e-lancada-em-corumba\/foto115467\/\" class=\"wp-image-11713024\" srcset=\"https:\/\/www.corumbaonline.com.br\/news\/wp-content\/uploads\/2021\/03\/foto115467.jpg 696w, https:\/\/www.corumbaonline.com.br\/news\/wp-content\/uploads\/2021\/03\/foto115467-300x225.jpg 300w, https:\/\/www.corumbaonline.com.br\/news\/wp-content\/uploads\/2021\/03\/foto115467-600x449.jpg 600w\" sizes=\"auto, (max-width: 696px) 100vw, 696px\" \/><\/figure><\/li><li class=\"blocks-gallery-item\"><figure><img loading=\"lazy\" decoding=\"async\" width=\"696\" height=\"521\" src=\"https:\/\/www.corumbaonline.com.br\/news\/wp-content\/uploads\/2021\/03\/foto115468.jpg\" alt=\"\" data-id=\"11713025\" data-full-url=\"https:\/\/www.corumbaonline.com.br\/news\/wp-content\/uploads\/2021\/03\/foto115468.jpg\" data-link=\"https:\/\/www.corumbaonline.com.br\/news\/index.php\/2021\/03\/12\/campanha-de-protecao-das-aguas-e-lancada-em-corumba\/foto115468\/\" class=\"wp-image-11713025\" srcset=\"https:\/\/www.corumbaonline.com.br\/news\/wp-content\/uploads\/2021\/03\/foto115468.jpg 696w, https:\/\/www.corumbaonline.com.br\/news\/wp-content\/uploads\/2021\/03\/foto115468-300x225.jpg 300w, https:\/\/www.corumbaonline.com.br\/news\/wp-content\/uploads\/2021\/03\/foto115468-600x449.jpg 600w\" sizes=\"auto, (max-width: 696px) 100vw, 696px\" \/><\/figure><\/li><li class=\"blocks-gallery-item\"><figure><img loading=\"lazy\" decoding=\"async\" width=\"696\" height=\"521\" src=\"https:\/\/www.corumbaonline.com.br\/news\/wp-content\/uploads\/2021\/03\/foto115469.jpg\" alt=\"\" data-id=\"11713026\" data-full-url=\"https:\/\/www.corumbaonline.com.br\/news\/wp-content\/uploads\/2021\/03\/foto115469.jpg\" data-link=\"https:\/\/www.corumbaonline.com.br\/news\/index.php\/2021\/03\/12\/campanha-de-protecao-das-aguas-e-lancada-em-corumba\/foto115469\/\" class=\"wp-image-11713026\" srcset=\"https:\/\/www.corumbaonline.com.br\/news\/wp-content\/uploads\/2021\/03\/foto115469.jpg 696w, https:\/\/www.corumbaonline.com.br\/news\/wp-content\/uploads\/2021\/03\/foto115469-300x225.jpg 300w, https:\/\/www.corumbaonline.com.br\/news\/wp-content\/uploads\/2021\/03\/foto115469-600x449.jpg 600w\" sizes=\"auto, (max-width: 696px) 100vw, 696px\" \/><\/figure><\/li><li class=\"blocks-gallery-item\"><figure><img loading=\"lazy\" decoding=\"async\" width=\"696\" height=\"521\" src=\"https:\/\/www.corumbaonline.com.br\/news\/wp-content\/uploads\/2021\/03\/foto115470.jpg\" alt=\"\" data-id=\"11713027\" data-full-url=\"https:\/\/www.corumbaonline.com.br\/news\/wp-content\/uploads\/2021\/03\/foto115470.jpg\" data-link=\"https:\/\/www.corumbaonline.com.br\/news\/index.php\/2021\/03\/12\/campanha-de-protecao-das-aguas-e-lancada-em-corumba\/foto115470\/\" class=\"wp-image-11713027\" srcset=\"https:\/\/www.corumbaonline.com.br\/news\/wp-content\/uploads\/2021\/03\/foto115470.jpg 696w, https:\/\/www.corumbaonline.com.br\/news\/wp-content\/uploads\/2021\/03\/foto115470-300x225.jpg 300w, https:\/\/www.corumbaonline.com.br\/news\/wp-content\/uploads\/2021\/03\/foto115470-600x449.jpg 600w\" sizes=\"auto, (max-width: 696px) 100vw, 696px\" \/><\/figure><\/li><li class=\"blocks-gallery-item\"><figure><img loading=\"lazy\" decoding=\"async\" width=\"696\" height=\"521\" src=\"https:\/\/www.corumbaonline.com.br\/news\/wp-content\/uploads\/2021\/03\/foto115471.jpg\" alt=\"\" data-id=\"11713028\" data-full-url=\"https:\/\/www.corumbaonline.com.br\/news\/wp-content\/uploads\/2021\/03\/foto115471.jpg\" data-link=\"https:\/\/www.corumbaonline.com.br\/news\/index.php\/2021\/03\/12\/campanha-de-protecao-das-aguas-e-lancada-em-corumba\/foto115471\/\" class=\"wp-image-11713028\" srcset=\"https:\/\/www.corumbaonline.com.br\/news\/wp-content\/uploads\/2021\/03\/foto115471.jpg 696w, https:\/\/www.corumbaonline.com.br\/news\/wp-content\/uploads\/2021\/03\/foto115471-300x225.jpg 300w, https:\/\/www.corumbaonline.com.br\/news\/wp-content\/uploads\/2021\/03\/foto115471-600x449.jpg 600w\" sizes=\"auto, (max-width: 696px) 100vw, 696px\" \/><\/figure><\/li><li class=\"blocks-gallery-item\"><figure><img loading=\"lazy\" decoding=\"async\" width=\"696\" height=\"521\" src=\"https:\/\/www.corumbaonline.com.br\/news\/wp-content\/uploads\/2021\/03\/foto115472.jpg\" alt=\"\" data-id=\"11713029\" data-full-url=\"https:\/\/www.corumbaonline.com.br\/news\/wp-content\/uploads\/2021\/03\/foto115472.jpg\" data-link=\"https:\/\/www.corumbaonline.com.br\/news\/index.php\/2021\/03\/12\/campanha-de-protecao-das-aguas-e-lancada-em-corumba\/foto115472\/\" class=\"wp-image-11713029\" srcset=\"https:\/\/www.corumbaonline.com.br\/news\/wp-content\/uploads\/2021\/03\/foto115472.jpg 696w, https:\/\/www.corumbaonline.com.br\/news\/wp-content\/uploads\/2021\/03\/foto115472-300x225.jpg 300w, https:\/\/www.corumbaonline.com.br\/news\/wp-content\/uploads\/2021\/03\/foto115472-600x449.jpg 600w\" sizes=\"auto, (max-width: 696px) 100vw, 696px\" \/><\/figure><\/li><li class=\"blocks-gallery-item\"><figure><img loading=\"lazy\" decoding=\"async\" width=\"696\" height=\"521\" src=\"https:\/\/www.corumbaonline.com.br\/news\/wp-content\/uploads\/2021\/03\/foto115473.jpg\" alt=\"\" data-id=\"11713030\" data-full-url=\"https:\/\/www.corumbaonline.com.br\/news\/wp-content\/uploads\/2021\/03\/foto115473.jpg\" data-link=\"https:\/\/www.corumbaonline.com.br\/news\/index.php\/2021\/03\/12\/campanha-de-protecao-das-aguas-e-lancada-em-corumba\/foto115473\/\" class=\"wp-image-11713030\" srcset=\"https:\/\/www.corumbaonline.com.br\/news\/wp-content\/uploads\/2021\/03\/foto115473.jpg 696w, https:\/\/www.corumbaonline.com.br\/news\/wp-content\/uploads\/2021\/03\/foto115473-300x225.jpg 300w, https:\/\/www.corumbaonline.com.br\/news\/wp-content\/uploads\/2021\/03\/foto115473-600x449.jpg 600w\" sizes=\"auto, (max-width: 696px) 100vw, 696px\" \/><\/figure><\/li><li class=\"blocks-gallery-item\"><figure><img loading=\"lazy\" decoding=\"async\" width=\"696\" height=\"521\" src=\"https:\/\/www.corumbaonline.com.br\/news\/wp-content\/uploads\/2021\/03\/foto115474.jpg\" alt=\"\" data-id=\"11713031\" data-full-url=\"https:\/\/www.corumbaonline.com.br\/news\/wp-content\/uploads\/2021\/03\/foto115474.jpg\" data-link=\"https:\/\/www.corumbaonline.com.br\/news\/index.php\/2021\/03\/12\/campanha-de-protecao-das-aguas-e-lancada-em-corumba\/foto115474\/\" class=\"wp-image-11713031\" srcset=\"https:\/\/www.corumbaonline.com.br\/news\/wp-content\/uploads\/2021\/03\/foto115474.jpg 696w, https:\/\/www.corumbaonline.com.br\/news\/wp-content\/uploads\/2021\/03\/foto115474-300x225.jpg 300w, https:\/\/www.corumbaonline.com.br\/news\/wp-content\/uploads\/2021\/03\/foto115474-600x449.jpg 600w\" sizes=\"auto, (max-width: 696px) 100vw, 696px\" \/><\/figure><\/li><li class=\"blocks-gallery-item\"><figure><img loading=\"lazy\" decoding=\"async\" width=\"696\" height=\"521\" src=\"https:\/\/www.corumbaonline.com.br\/news\/wp-content\/uploads\/2021\/03\/foto115475.jpg\" alt=\"\" data-id=\"11713032\" data-full-url=\"https:\/\/www.corumbaonline.com.br\/news\/wp-content\/uploads\/2021\/03\/foto115475.jpg\" data-link=\"https:\/\/www.corumbaonline.com.br\/news\/index.php\/2021\/03\/12\/campanha-de-protecao-das-aguas-e-lancada-em-corumba\/foto115475\/\" class=\"wp-image-11713032\" srcset=\"https:\/\/www.corumbaonline.com.br\/news\/wp-content\/uploads\/2021\/03\/foto115475.jpg 696w, https:\/\/www.corumbaonline.com.br\/news\/wp-content\/uploads\/2021\/03\/foto115475-300x225.jpg 300w, https:\/\/www.corumbaonline.com.br\/news\/wp-content\/uploads\/2021\/03\/foto115475-600x449.jpg 600w\" sizes=\"auto, (max-width: 696px) 100vw, 696px\" \/><\/figure><\/li><li class=\"blocks-gallery-item\"><figure><img loading=\"lazy\" decoding=\"async\" width=\"696\" height=\"521\" src=\"https:\/\/www.corumbaonline.com.br\/news\/wp-content\/uploads\/2021\/03\/foto115476.jpg\" alt=\"\" data-id=\"11713033\" data-full-url=\"https:\/\/www.corumbaonline.com.br\/news\/wp-content\/uploads\/2021\/03\/foto115476.jpg\" data-link=\"https:\/\/www.corumbaonline.com.br\/news\/index.php\/2021\/03\/12\/campanha-de-protecao-das-aguas-e-lancada-em-corumba\/foto115476\/\" class=\"wp-image-11713033\" srcset=\"https:\/\/www.corumbaonline.com.br\/news\/wp-content\/uploads\/2021\/03\/foto115476.jpg 696w, https:\/\/www.corumbaonline.com.br\/news\/wp-content\/uploads\/2021\/03\/foto115476-300x225.jpg 300w, https:\/\/www.corumbaonline.com.br\/news\/wp-content\/uploads\/2021\/03\/foto115476-600x449.jpg 600w\" sizes=\"auto, (max-width: 696px) 100vw, 696px\" \/><\/figure><\/li><li class=\"blocks-gallery-item\"><figure><img loading=\"lazy\" decoding=\"async\" width=\"696\" height=\"521\" src=\"https:\/\/www.corumbaonline.com.br\/news\/wp-content\/uploads\/2021\/03\/foto115477.jpg\" alt=\"\" data-id=\"11713034\" data-full-url=\"https:\/\/www.corumbaonline.com.br\/news\/wp-content\/uploads\/2021\/03\/foto115477.jpg\" data-link=\"https:\/\/www.corumbaonline.com.br\/news\/index.php\/2021\/03\/12\/campanha-de-protecao-das-aguas-e-lancada-em-corumba\/foto115477\/\" class=\"wp-image-11713034\" srcset=\"https:\/\/www.corumbaonline.com.br\/news\/wp-content\/uploads\/2021\/03\/foto115477.jpg 696w, https:\/\/www.corumbaonline.com.br\/news\/wp-content\/uploads\/2021\/03\/foto115477-300x225.jpg 300w, https:\/\/www.corumbaonline.com.br\/news\/wp-content\/uploads\/2021\/03\/foto115477-600x449.jpg 600w\" sizes=\"auto, (max-width: 696px) 100vw, 696px\" \/><\/figure><\/li><li class=\"blocks-gallery-item\"><figure><img loading=\"lazy\" decoding=\"async\" width=\"696\" height=\"521\" src=\"https:\/\/www.corumbaonline.com.br\/news\/wp-content\/uploads\/2021\/03\/foto115478.jpg\" alt=\"\" data-id=\"11713035\" data-full-url=\"https:\/\/www.corumbaonline.com.br\/news\/wp-content\/uploads\/2021\/03\/foto115478.jpg\" data-link=\"https:\/\/www.corumbaonline.com.br\/news\/index.php\/2021\/03\/12\/campanha-de-protecao-das-aguas-e-lancada-em-corumba\/foto115478\/\" class=\"wp-image-11713035\" srcset=\"https:\/\/www.corumbaonline.com.br\/news\/wp-content\/uploads\/2021\/03\/foto115478.jpg 696w, https:\/\/www.corumbaonline.com.br\/news\/wp-content\/uploads\/2021\/03\/foto115478-300x225.jpg 300w, https:\/\/www.corumbaonline.com.br\/news\/wp-content\/uploads\/2021\/03\/foto115478-600x449.jpg 600w\" sizes=\"auto, (max-width: 696px) 100vw, 696px\" \/><\/figure><\/li><li class=\"blocks-gallery-item\"><figure><img loading=\"lazy\" decoding=\"async\" width=\"696\" height=\"521\" src=\"https:\/\/www.corumbaonline.com.br\/news\/wp-content\/uploads\/2021\/03\/foto115479.jpg\" alt=\"\" data-id=\"11713036\" data-full-url=\"https:\/\/www.corumbaonline.com.br\/news\/wp-content\/uploads\/2021\/03\/foto115479.jpg\" data-link=\"https:\/\/www.corumbaonline.com.br\/news\/index.php\/2021\/03\/12\/campanha-de-protecao-das-aguas-e-lancada-em-corumba\/foto115479\/\" class=\"wp-image-11713036\" srcset=\"https:\/\/www.corumbaonline.com.br\/news\/wp-content\/uploads\/2021\/03\/foto115479.jpg 696w, https:\/\/www.corumbaonline.com.br\/news\/wp-content\/uploads\/2021\/03\/foto115479-300x225.jpg 300w, https:\/\/www.corumbaonline.com.br\/news\/wp-content\/uploads\/2021\/03\/foto115479-600x449.jpg 600w\" sizes=\"auto, (max-width: 696px) 100vw, 696px\" \/><\/figure><\/li><li class=\"blocks-gallery-item\"><figure><img loading=\"lazy\" decoding=\"async\" width=\"696\" height=\"521\" src=\"https:\/\/www.corumbaonline.com.br\/news\/wp-content\/uploads\/2021\/03\/foto115480.jpg\" alt=\"\" data-id=\"11713037\" data-full-url=\"https:\/\/www.corumbaonline.com.br\/news\/wp-content\/uploads\/2021\/03\/foto115480.jpg\" data-link=\"https:\/\/www.corumbaonline.com.br\/news\/index.php\/2021\/03\/12\/campanha-de-protecao-das-aguas-e-lancada-em-corumba\/foto115480\/\" class=\"wp-image-11713037\" srcset=\"https:\/\/www.corumbaonline.com.br\/news\/wp-content\/uploads\/2021\/03\/foto115480.jpg 696w, https:\/\/www.corumbaonline.com.br\/news\/wp-content\/uploads\/2021\/03\/foto115480-300x225.jpg 300w, https:\/\/www.corumbaonline.com.br\/news\/wp-content\/uploads\/2021\/03\/foto115480-600x449.jpg 600w\" sizes=\"auto, (max-width: 696px) 100vw, 696px\" \/><\/figure><\/li><\/ul><figcaption class=\"blocks-gallery-caption\">(Fotos: Maria Eduarda Metran)<\/figcaption><\/figure>\n","protected":false},"excerpt":{"rendered":"<p>Nesta quinta-feira (11), a Sanesul (Empresa de Saneamento de Mato Grosso do Sul) em parceria&#8230;<\/p>\n","protected":false},"author":130,"featured_media":11713017,"comment_status":"closed","ping_status":"closed","sticky":false,"template":"","format":"standard","meta":{"footnotes":""},"categories":[8,21],"tags":[],"class_list":["post-11713016","post","type-post","status-publish","format-standard","has-post-thumbnail","hentry","category-destaque","category-saude"],"_links":{"self":[{"href":"https:\/\/www.corumbaonline.com.br\/news\/wp-json\/wp\/v2\/posts\/11713016","targetHints":{"allow":["GET"]}}],"collection":[{"href":"https:\/\/www.corumbaonline.com.br\/news\/wp-json\/wp\/v2\/posts"}],"about":[{"href":"https:\/\/www.corumbaonline.com.br\/news\/wp-json\/wp\/v2\/types\/post"}],"author":[{"embeddable":true,"href":"https:\/\/www.corumbaonline.com.br\/news\/wp-json\/wp\/v2\/users\/130"}],"replies":[{"embeddable":true,"href":"https:\/\/www.corumbaonline.com.br\/news\/wp-json\/wp\/v2\/comments?post=11713016"}],"version-history":[{"count":2,"href":"https:\/\/www.corumbaonline.com.br\/news\/wp-json\/wp\/v2\/posts\/11713016\/revisions"}],"predecessor-version":[{"id":11713038,"href":"https:\/\/www.corumbaonline.com.br\/news\/wp-json\/wp\/v2\/posts\/11713016\/revisions\/11713038"}],"wp:featuredmedia":[{"embeddable":true,"href":"https:\/\/www.corumbaonline.com.br\/news\/wp-json\/wp\/v2\/media\/11713017"}],"wp:attachment":[{"href":"https:\/\/www.corumbaonline.com.br\/news\/wp-json\/wp\/v2\/media?parent=11713016"}],"wp:term":[{"taxonomy":"category","embeddable":true,"href":"https:\/\/www.corumbaonline.com.br\/news\/wp-json\/wp\/v2\/categories?post=11713016"},{"taxonomy":"post_tag","embeddable":true,"href":"https:\/\/www.corumbaonline.com.br\/news\/wp-json\/wp\/v2\/tags?post=11713016"}],"curies":[{"name":"wp","href":"https:\/\/api.w.org\/{rel}","templated":true}]}}