{"id":11713050,"date":"2021-03-12T11:01:00","date_gmt":"2021-03-12T15:01:00","guid":{"rendered":"http:\/\/www.corumbaonline.com.br\/news\/?p=11713050"},"modified":"2021-03-12T12:28:35","modified_gmt":"2021-03-12T16:28:35","slug":"camara-de-corumba-cria-comissao-de-relacoes-exteriores-e-direito-internacional","status":"publish","type":"post","link":"https:\/\/www.corumbaonline.com.br\/news\/camara-de-corumba-cria-comissao-de-relacoes-exteriores-e-direito-internacional\/","title":{"rendered":"C\u00e2mara de Corumb\u00e1 cria Comiss\u00e3o de Rela\u00e7\u00f5es Exteriores e Direito Internacional"},"content":{"rendered":"<p>A C\u00e2mara Municipal de Corumb\u00e1, por meio de resolu\u00e7\u00e3o assinada pelo presidente Roberto Gomes Fa\u00e7anha, criou a Comiss\u00e3o de Rela\u00e7\u00f5es Exteriores e Direito Internacional, que vai desenvolver um trabalho voltado para a regi\u00e3o fronteiri\u00e7a com a Bol\u00edvia.<\/p>\n<p>A proposta partiu do vereador Chic\u00e3o Vianna e foi aprovada por todos os vereadores da Casa de Leis. Chic\u00e3o, que \u00e9 do PSD, foi inclusive nomeado por Fa\u00e7anha, como presidente da nova Comiss\u00e3o, tendo como 1\u00ba membro, a vereadora Raquel Anani Da Silva Bryk (PP); 2\u00ba membro, Manoel Rodrigues Pereira Neto (Republicano); 1\u00ba suplente, Yussef Mohamad El Salla (PDT), e 2\u00ba suplente, Allex Prado Dellas (Republicano).<\/p>\n<p>Compete a esta Comiss\u00e3o opinar quanto ao m\u00e9rito, nas mat\u00e9rias relacionadas direta ou indiretamente com a Direito Internacional, P\u00fablico e\/ou Privado, e especialmente sobre mat\u00e9rias relacionadas \u00e0 Regi\u00e3o Fronteiri\u00e7a, como migra\u00e7\u00e3o e imigra\u00e7\u00e3o nas rela\u00e7\u00f5es diplom\u00e1ticas, econ\u00f4micas e comerciais, culturais e cient\u00edficas com a Bol\u00edvia, Pais vizinho; rela\u00e7\u00f5es com entidades internacionais multilaterais e regionais, dentre outras mat\u00e9rias relevantes \u00e0 regi\u00e3o de fronteira entre Brasil e Bol\u00edvia no Munic\u00edpio de Corumb\u00e1.<\/p>\n<p>DEMAIS COMISS\u00d5ES<\/p>\n<p>Roberto Fa\u00e7anha nomeou tamb\u00e9m os integrantes das outras oito Comiss\u00f5es da C\u00e2mara de Corumb\u00e1. A Comiss\u00e3o de Justi\u00e7a e Reda\u00e7\u00e3o tem como presidente Allex Dellas (Republicano); 1\u00ba membro, Ubiratan Canhete de Campos Filho (PSDB); 2\u00ba membro, Elio Moreira Junior (PTB); 1\u00ba suplente, Alexandre Vasconcellos (PSDB), e 2\u00ba suplente, Adelar Chefer dos Santos (PP).<\/p>\n<p>A Comiss\u00e3o de Finan\u00e7as e Or\u00e7amento \u00e9 presidida por Raquel Bryk (PP); 1\u00ba membro, Alexandre Vasconcelos (PSDB); 2\u00ba membro, Samyr Sadeq Ramunieh (PTB); 1\u00ba suplente, Genilson Jos\u00e9 da Silva (PODE), e 2\u00ba suplente, Manoel Rodrigues (Republicano).<\/p>\n<p>Para a Comiss\u00e3o de Obras e Servi\u00e7os P\u00fablicos foi nomeado como presidente do vereador Nelson Dib Junior (MDB); 1\u00ba membro, Adelar Chefer dos Santos (PP); 2\u00ba membro, Luciano Signorelli Costa (PSDB); 1\u00ba suplente, Genilson Jos\u00e9 da Silva (PODE), e 2\u00ba suplente, Yussef El Salla (PDT).<\/p>\n<p>Na Comiss\u00e3o de Educa\u00e7\u00e3o, Cultura e Lazer o presidente \u00e9 Manoel Rodrigues (Republicano); 1\u00ba membro, Raquel Bryk (PP); 2\u00ba membro, Genilson Jos\u00e9 da Silva (PODE); 1\u00ba suplente, Nelson Dib Junior (MDB), e 2\u00ba suplente, Adelar Chefer dos Santos (PP).<\/p>\n<p>Comiss\u00e3o de Defesa do Consumidor tem como presidente Alexandre Vasconcelos (PSDB); 1\u00ba membro, Manoel Rodrigues (Republicano); 2\u00ba membro, Yussef El Salla (PDT); 1\u00ba suplente, Ubiratan Canhete de Campos Filho (PSDB), e 2\u00ba suplente, Nelson Dib Junior (MDB).<\/p>\n<p>Comiss\u00e3o de Meio Ambiente e Turismo \u00e9 presidida por Genilson Jos\u00e9 Da Silva (PODE); 1\u00ba membro, Allex Dellas (Republicano); 2\u00ba membro, Nelson Dib Junior (MDB); 1\u00ba suplente, Elio Moreira Junior (PTB), e 2\u00ba suplente, Raquel Bryk (PP).<\/p>\n<p>Na Comiss\u00e3o de Sa\u00fade e Assist\u00eancia Social foi nomeado como presidente Yussef El Salla (PDT); 1\u00ba membro, Luciano Signorelli Costa (PSDB); 2\u00ba membro, Nelson Dib Junior (MDB); 1\u00ba suplente, Samyr Sadeq Ramunieh (PTB), e 2\u00ba suplente, Alexandre Vasconcelos (PSDB).<\/p>\n<p>A Comiss\u00e3o de \u00c9tica e Decoro Parlamentar tem como presidente Ubiratan Canhete de Campos Filho (PSDB); 1\u00ba membro, Manoel Rodrigues (Republicano); 2\u00ba membro, Adelar Chefer dos Santos (PP); 1\u00ba suplente, Allex Dellas (Republicano); 2\u00ba suplente, Alexandre Vasconcelos (PSDB).<\/p>\n","protected":false},"excerpt":{"rendered":"<p>A C\u00e2mara Municipal de Corumb\u00e1, por meio de resolu\u00e7\u00e3o assinada pelo presidente Roberto Gomes Fa\u00e7anha,&#8230;<\/p>\n","protected":false},"author":21,"featured_media":11713051,"comment_status":"closed","ping_status":"closed","sticky":false,"template":"","format":"standard","meta":{"footnotes":""},"categories":[19],"tags":[],"class_list":["post-11713050","post","type-post","status-publish","format-standard","has-post-thumbnail","hentry","category-politica"],"_links":{"self":[{"href":"https:\/\/www.corumbaonline.com.br\/news\/wp-json\/wp\/v2\/posts\/11713050","targetHints":{"allow":["GET"]}}],"collection":[{"href":"https:\/\/www.corumbaonline.com.br\/news\/wp-json\/wp\/v2\/posts"}],"about":[{"href":"https:\/\/www.corumbaonline.com.br\/news\/wp-json\/wp\/v2\/types\/post"}],"author":[{"embeddable":true,"href":"https:\/\/www.corumbaonline.com.br\/news\/wp-json\/wp\/v2\/users\/21"}],"replies":[{"embeddable":true,"href":"https:\/\/www.corumbaonline.com.br\/news\/wp-json\/wp\/v2\/comments?post=11713050"}],"version-history":[{"count":1,"href":"https:\/\/www.corumbaonline.com.br\/news\/wp-json\/wp\/v2\/posts\/11713050\/revisions"}],"predecessor-version":[{"id":11713052,"href":"https:\/\/www.corumbaonline.com.br\/news\/wp-json\/wp\/v2\/posts\/11713050\/revisions\/11713052"}],"wp:featuredmedia":[{"embeddable":true,"href":"https:\/\/www.corumbaonline.com.br\/news\/wp-json\/wp\/v2\/media\/11713051"}],"wp:attachment":[{"href":"https:\/\/www.corumbaonline.com.br\/news\/wp-json\/wp\/v2\/media?parent=11713050"}],"wp:term":[{"taxonomy":"category","embeddable":true,"href":"https:\/\/www.corumbaonline.com.br\/news\/wp-json\/wp\/v2\/categories?post=11713050"},{"taxonomy":"post_tag","embeddable":true,"href":"https:\/\/www.corumbaonline.com.br\/news\/wp-json\/wp\/v2\/tags?post=11713050"}],"curies":[{"name":"wp","href":"https:\/\/api.w.org\/{rel}","templated":true}]}}