{"id":11713058,"date":"2021-03-12T11:48:00","date_gmt":"2021-03-12T15:48:00","guid":{"rendered":"http:\/\/www.corumbaonline.com.br\/news\/?p=11713058"},"modified":"2021-03-12T13:26:15","modified_gmt":"2021-03-12T17:26:15","slug":"pgr-recorre-de-decisao-que-anulou-condenacoes-do-ex-presidente-lula-na-lava-jato","status":"publish","type":"post","link":"https:\/\/www.corumbaonline.com.br\/news\/pgr-recorre-de-decisao-que-anulou-condenacoes-do-ex-presidente-lula-na-lava-jato\/","title":{"rendered":"PGR recorre de decis\u00e3o que anulou condena\u00e7\u00f5es do ex-presidente Lula na Lava Jato"},"content":{"rendered":"<div class=\"mc-column content-text active-extra-styles active-capital-letter\" data-block-type=\"unstyled\" data-block-weight=\"55\" data-block-id=\"1\">\n<p class=\"content-text__container theme-color-primary-first-letter\" data-track-category=\"Link no Texto\" data-track-links=\"\">A Procuradoria-Geral da Rep\u00fablica recorreu da\u00a0<a href=\"https:\/\/g1.globo.com\/politica\/noticia\/2021\/03\/08\/fachin-anula-condenacoes-de-lula-relacionadas-a-operacao-lava-jato.ghtml\">decis\u00e3o do ministro Edson Fachin<\/a>, do Supremo Tribunal Federal (STF), que\u00a0<a href=\"https:\/\/g1.globo.com\/politica\/noticia\/2021\/03\/08\/fachin-anula-condenacoes-de-lula-relacionadas-a-operacao-lava-jato.ghtml\">anulou condena\u00e7\u00f5es do ex-presidente Luiz In\u00e1cio Lula da Silva<\/a>\u00a0pela Justi\u00e7a Federal do Paran\u00e1 em investiga\u00e7\u00f5es da Lava Jato. A PGR pediu que os processos permane\u00e7am na Justi\u00e7a Federal do Paran\u00e1 e que sejam mantidas as condena\u00e7\u00f5es.<\/p>\n<\/div>\n<div class=\"wall protected-content\">\n<div class=\"mc-column content-text active-extra-styles \" data-block-type=\"unstyled\" data-block-weight=\"48\" data-block-id=\"2\">\n<p class=\"content-text__container \" data-track-category=\"Link no Texto\" data-track-links=\"\">Com isso, o caso deve ser levado para julgamento no plen\u00e1rio do Supremo. Ainda n\u00e3o h\u00e1 data para que isso ocorra. Agora, cabe a Fachin, que \u00e9 o relator, liberar o processo para an\u00e1lise. O presidente do STF, Luiz Fux, j\u00e1 indicou que dar\u00e1 celeridade ao julgamento.<\/p>\n<div class=\"mc-column content-text active-extra-styles \" data-block-type=\"unstyled\" data-block-weight=\"63\" data-block-id=\"4\">\n<p class=\"content-text__container \" data-track-category=\"Link no Texto\" data-track-links=\"\">Na segunda-feira (8), Fachin anulou, em uma decis\u00e3o individual, todas as condena\u00e7\u00f5es impostas pela Justi\u00e7a Federal do Paran\u00e1 ao ex-presidente Lula no \u00e2mbito da Lava Jato. Em consequ\u00eancia disso, Lula recuperou os direitos pol\u00edticos e se tornou eleg\u00edvel. O ministro determinou que as a\u00e7\u00f5es sejam remetidas para Justi\u00e7a Federal do DF, a quem cabe analisar se \u00e9 poss\u00edvel aproveitar provas. .<\/p>\n<\/div>\n<div class=\"mc-column content-text active-extra-styles \" data-block-type=\"unstyled\" data-block-weight=\"58\" data-block-id=\"5\">\n<p class=\"content-text__container \" data-track-category=\"Link no Texto\" data-track-links=\"\">O ministro Fachin baseou a decis\u00e3o no entendimento que o STF teve em outros casos, relativos a diferentes partidos, para concluir que a Justi\u00e7a de Curitiba n\u00e3o tinha compet\u00eancia para julgar os casos, porque n\u00e3o havia rela\u00e7\u00e3o direta apenas com os desvios de recursos da Petrobras (alvo da Lava Jato), mas tamb\u00e9m com outros \u00f3rg\u00e3os da administra\u00e7\u00e3o p\u00fablica.<\/p>\n<\/div>\n<div class=\"mc-column content-text active-extra-styles \" data-block-type=\"unstyled\" data-block-weight=\"43\" data-block-id=\"7\">\n<p class=\"content-text__container \" data-track-category=\"Link no Texto\" data-track-links=\"\">O recurso \u00e9 assinado pela subprocuradora Lind\u00f4ra Ara\u00fajo, coordenadora da Lava Jato na PGR. Ela apresenta duas estrat\u00e9gias. A primeira \u00e9 manter na Justi\u00e7a Federal do Paran\u00e1 os processos do Lula e, com isso, preservar as condena\u00e7\u00f5es, o que deixa o petista ineleg\u00edvel.<\/p>\n<\/div>\n<div class=\"mc-column content-text active-extra-styles \" data-block-type=\"unstyled\" data-block-weight=\"30\" data-block-id=\"8\">\n<p class=\"content-text__container \" data-track-category=\"Link no Texto\" data-track-links=\"\">A outra \u00e9 que, caso o Supremo mantenha as anula\u00e7\u00f5es, sejam preservados os atos tomados nos processos antes do entendimento do ministro. Na pr\u00e1tica, isso tamb\u00e9m manteria Lula ineleg\u00edvel.<\/p>\n<\/div>\n<div class=\"mc-column content-text active-extra-styles\" data-block-type=\"raw\" data-block-weight=\"3\" data-block-id=\"9\">\n<div class=\"content-intertitle\">\n<h2>Argumentos da PGR<\/h2>\n<\/div>\n<\/div>\n<div class=\"mc-column content-text active-extra-styles \" data-block-type=\"unstyled\" data-block-weight=\"60\" data-block-id=\"10\">\n<p class=\"content-text__container \" data-track-category=\"Link no Texto\" data-track-links=\"\">No documento, a subprocuradora argumenta que a jurisprud\u00eancia do STF em rela\u00e7\u00e3o \u00e0 compet\u00eancia da 13\u00aa Vara Federal em Curitiba \u00e9 a de que cabe a esta inst\u00e2ncia judicial analisar tanto os crimes cometidos diretamente contra a Petrobras quanto casos conexos. Segundo o MP, a a\u00e7\u00e3o penal relativa ao triplex tem rela\u00e7\u00e3o com os crimes praticados contra a Petrobras.<\/p>\n<\/div>\n<div class=\"mc-column content-text active-extra-styles \" data-block-type=\"unstyled\" data-block-weight=\"64\" data-block-id=\"11\">\n<p class=\"content-text__container \" data-track-category=\"Link no Texto\" data-track-links=\"\">&#8220;O apartamento triplex concedido a Luiz In\u00e1cio Lula da Silva, assim como outras vantagens destinadas ao ex-presidente e apuradas em a\u00e7\u00f5es penais pr\u00f3prias, consistiu em retribui\u00e7\u00e3o pela sua atua\u00e7\u00e3o de modo a garantir o funcionamento do esquema que lesou a Petrobras, uma contrapresta\u00e7\u00e3o n\u00e3o espec\u00edfica pelas contrata\u00e7\u00f5es de obras p\u00fablicas ilicitamente direcionadas da Petrobras, em ambiente cartelizado, \u00e0s empresas do Grupo OAS&#8221;, escreveu Lind\u00f4ra.<\/p>\n<\/div>\n<div class=\"mc-column content-text active-extra-styles \" data-block-type=\"unstyled\" data-block-weight=\"18\" data-block-id=\"12\">\n<p class=\"content-text__container \" data-track-category=\"Link no Texto\" data-track-links=\"\">A PGR sustenta ainda que, no caso do triplex, \u00e9 &#8220;indubit\u00e1vel&#8221; a compet\u00eancia da Justi\u00e7a Federal de Curitiba.<\/p>\n<\/div>\n<div class=\"mc-column content-text active-extra-styles \" data-block-type=\"unstyled\" data-block-weight=\"47\" data-block-id=\"13\">\n<p class=\"content-text__container \" data-track-category=\"Link no Texto\" data-track-links=\"\">Em rela\u00e7\u00e3o aos outros tr\u00eas processos &#8211; s\u00edtio de Atibaia, a compra de um terreno para a nova sede do Instituto Lula e as doa\u00e7\u00f5es da Odebrecht para a mesma institui\u00e7\u00e3o &#8211; , o MP tamb\u00e9m v\u00ea rela\u00e7\u00e3o com o esquema que atuou contra a Petrobras.<\/p>\n<\/div>\n<div class=\"mc-column content-text active-extra-styles \" data-block-type=\"unstyled\" data-block-weight=\"42\" data-block-id=\"14\">\n<p class=\"content-text__container \" data-track-category=\"Link no Texto\" data-track-links=\"\">&#8220;Os fatos il\u00edcitos versados nas referidas a\u00e7\u00f5es penais est\u00e3o, a toda evid\u00eancia, associados diretamente ao esquema criminoso de corrup\u00e7\u00e3o e de lavagem de dinheiro investigado no contexto da &#8216;Opera\u00e7\u00e3o Lava Jato&#8217; e que lesou diretamente os cofres da Petrobras&#8221;, diz o recurso.<\/p>\n<\/div>\n<div class=\"mc-column content-text active-extra-styles \" data-block-type=\"unstyled\" data-block-weight=\"56\" data-block-id=\"16\">\n<p class=\"content-text__container \" data-track-category=\"Link no Texto\" data-track-links=\"\">&#8220;Em conclus\u00e3o, entende este \u00f3rg\u00e3o ministerial que os referidos feitos, por terem por objeto crimes praticados no \u00e2mbito do esquema criminoso que vitimou a Petrobras, est\u00e3o inseridos no contexto da chamada \u201cOpera\u00e7\u00e3o Lava Jato\u201d e, por tal raz\u00e3o, com acerto, tramitaram perante o Ju\u00edzo da 13\u00aa Vara Federal da Se\u00e7\u00e3o Judici\u00e1ria do Paran\u00e1&#8221;, concluiu a PGR.<\/p>\n<\/div>\n<\/div>\n<\/div>\n","protected":false},"excerpt":{"rendered":"<p>A Procuradoria-Geral da Rep\u00fablica recorreu da\u00a0decis\u00e3o do ministro Edson Fachin, do Supremo Tribunal Federal (STF),&#8230;<\/p>\n","protected":false},"author":1,"featured_media":0,"comment_status":"closed","ping_status":"closed","sticky":false,"template":"","format":"standard","meta":{"footnotes":""},"categories":[19],"tags":[],"class_list":["post-11713058","post","type-post","status-publish","format-standard","hentry","category-politica"],"_links":{"self":[{"href":"https:\/\/www.corumbaonline.com.br\/news\/wp-json\/wp\/v2\/posts\/11713058","targetHints":{"allow":["GET"]}}],"collection":[{"href":"https:\/\/www.corumbaonline.com.br\/news\/wp-json\/wp\/v2\/posts"}],"about":[{"href":"https:\/\/www.corumbaonline.com.br\/news\/wp-json\/wp\/v2\/types\/post"}],"author":[{"embeddable":true,"href":"https:\/\/www.corumbaonline.com.br\/news\/wp-json\/wp\/v2\/users\/1"}],"replies":[{"embeddable":true,"href":"https:\/\/www.corumbaonline.com.br\/news\/wp-json\/wp\/v2\/comments?post=11713058"}],"version-history":[{"count":1,"href":"https:\/\/www.corumbaonline.com.br\/news\/wp-json\/wp\/v2\/posts\/11713058\/revisions"}],"predecessor-version":[{"id":11713059,"href":"https:\/\/www.corumbaonline.com.br\/news\/wp-json\/wp\/v2\/posts\/11713058\/revisions\/11713059"}],"wp:attachment":[{"href":"https:\/\/www.corumbaonline.com.br\/news\/wp-json\/wp\/v2\/media?parent=11713058"}],"wp:term":[{"taxonomy":"category","embeddable":true,"href":"https:\/\/www.corumbaonline.com.br\/news\/wp-json\/wp\/v2\/categories?post=11713058"},{"taxonomy":"post_tag","embeddable":true,"href":"https:\/\/www.corumbaonline.com.br\/news\/wp-json\/wp\/v2\/tags?post=11713058"}],"curies":[{"name":"wp","href":"https:\/\/api.w.org\/{rel}","templated":true}]}}