{"id":11713061,"date":"2021-03-12T12:20:00","date_gmt":"2021-03-12T16:20:00","guid":{"rendered":"http:\/\/www.corumbaonline.com.br\/news\/?p=11713061"},"modified":"2021-03-12T13:30:05","modified_gmt":"2021-03-12T17:30:05","slug":"aumenta-casos-de-covid-19-com-a-circulacao-de-variante-duas-vezes-mais-transmissivel","status":"publish","type":"post","link":"https:\/\/www.corumbaonline.com.br\/news\/aumenta-casos-de-covid-19-com-a-circulacao-de-variante-duas-vezes-mais-transmissivel\/","title":{"rendered":"Aumenta casos de Covid-19 com a circula\u00e7\u00e3o de variante duas vezes mais transmiss\u00edvel"},"content":{"rendered":"<p>Com registro de 1.104 novos casos nas \u00faltimas 24 horas e 26 mortes, o Boletim Epidemiol\u00f3gico desta sexta-feira (12) divulgado durante a live da Secretaria de Estado de Sa\u00fade (SES), apresentou quadro de crescimento substancial da Covid-19 em todo o MS.<\/p>\n<p>Um momento muito grave, de acordo com a secret\u00e1ria-adjunta da SES, Christine Maymone, que pediu, mais uma vez, a compreens\u00e3o de todos diante da progress\u00e3o geom\u00e9trica da doen\u00e7a que, segundo ela, \u201c\u00e9 assustadora\u201d.<\/p>\n<p>Com a circula\u00e7\u00e3o da nova variante a circula\u00e7\u00e3o do v\u00edrus tornou duas vezes mais contagiosa e altamente transmiss\u00edvel, frisou a m\u00e9dica.<\/p>\n<p>Nos \u00faltimos 21 dias a m\u00e9dia m\u00f3vel de casos foi para 935,3 e de \u00f3bitos subiu para 21. Total de casos notificados desde o in\u00edcio da pandemia \u00e9 de 620.149 e 3.563 mortes causadas pela doen\u00e7a.<\/p>\n<p>As interna\u00e7\u00f5es hospitalares bateram recorde no dia de hoje. S\u00e3o 821 pacientes internados, desses 452 ocupam leitos cl\u00ednicos e 369 est\u00e3o em leitos de UTI.<\/p>\n<p>Os cinco munic\u00edpios que registraram mais casos foram Campo Grande com 335 novos exames positivos em apenas 24 horas. A Capital tem 43% do total de casos do Estado, com 78.321. Em seguida temos Dourados com +145; Ponta Por\u00e3 com +51; Tr\u00eas Lagoas +50 e Navira\u00ed +43. A cidade de Bonito apresentou o n\u00famero mais alto at\u00e9 hoje: 23 novos casos.<\/p>\n<p><a href=\"http:\/\/www.ms.gov.br\/wp-content\/uploads\/sites\/150\/2021\/03\/Tela-covid-12-03.png\"><img loading=\"lazy\" decoding=\"async\" class=\"alignnone wp-image-345222 size-full\" src=\"http:\/\/www.ms.gov.br\/wp-content\/uploads\/sites\/150\/2021\/03\/Tela-covid-12-03.png\" sizes=\"auto, (max-width: 771px) 100vw, 771px\" srcset=\"http:\/\/www.ms.gov.br\/wp-content\/uploads\/sites\/150\/2021\/03\/Tela-covid-12-03.png 771w, http:\/\/www.ms.gov.br\/wp-content\/uploads\/sites\/150\/2021\/03\/Tela-covid-12-03-300x218.png 300w, http:\/\/www.ms.gov.br\/wp-content\/uploads\/sites\/150\/2021\/03\/Tela-covid-12-03-768x557.png 768w, http:\/\/www.ms.gov.br\/wp-content\/uploads\/sites\/150\/2021\/03\/Tela-covid-12-03-331x240.png 331w\" alt=\"\" width=\"771\" height=\"559\" \/><\/a><\/p>\n<p>As mortes foram registradas em 13 munic\u00edpios. A Capital registrou a morte de 10 pacientes; Sidrol\u00e2ndia 3; Dourados e Ponta Por\u00e3 registraram 2 \u00f3bitos cada uma. Aquidauana, Aral Moreira, Corumb\u00e1, Deod\u00e1polis, Navira\u00ed, Pedro Gomes, Parana\u00edba, Ribas do Rio Pardo e Tr\u00eas Lagoas tiveram um \u00f3bito cada.<\/p>\n<p>A ocupa\u00e7\u00e3o de leitos nas cinco macrorregi\u00f5es do Estado continua alta. Campo Grande n\u00e3o divulgou o n\u00famero de leitos porque n\u00e3o apresentou o total de pacientes internados sem Covid. Mas de acordo com o secret\u00e1rio de Sa\u00fade, Geraldo Resende, todos os hospitais p\u00fablicos da cidade est\u00e3o com mais de 100% de ocupa\u00e7\u00e3o. A macrorregi\u00e3o de Dourados tem 95%, Tr\u00eas Lagoas 86% e Corumb\u00e1 71%.<\/p>\n<p>O Secret\u00e1rio tamb\u00e9m destacou que o Estado est\u00e1 em quinto lugar em efici\u00eancia na vacina\u00e7\u00e3o, mesmo tendo recebido menos doses que os estados da regi\u00e3o Norte do Pa\u00eds. Foram vacinados na primeira fase 55,90% (primeira dose) e 27,8% (segunda dose).<\/p>\n<p>As novas medidas que ser\u00e3o implantadas a partir de domingo, de acordo com Geraldo Resende, precisam ser respeitadas por todos, pois elas visam garantir a vida de todos. \u201cEconomia e sa\u00fade caminham juntas\u201d. O secret\u00e1rio ressaltou ainda que Mato Grosso do Sul n\u00e3o pode correr o risco de repetir a situa\u00e7\u00e3o de Manaus.<\/p>\n<p><a href=\"http:\/\/www.ms.gov.br\/wp-content\/uploads\/sites\/150\/2021\/03\/Boletim-Epidemiol%C3%B3gico-COVID-19-2021.03.12.pdf\">Acesse aqui o Boletim completo.<\/a><\/p>\n","protected":false},"excerpt":{"rendered":"<p>Com registro de 1.104 novos casos nas \u00faltimas 24 horas e 26 mortes, o Boletim&#8230;<\/p>\n","protected":false},"author":13,"featured_media":11712832,"comment_status":"closed","ping_status":"closed","sticky":false,"template":"","format":"standard","meta":{"footnotes":""},"categories":[116,21],"tags":[],"class_list":["post-11713061","post","type-post","status-publish","format-standard","has-post-thumbnail","hentry","category-coronavirus","category-saude"],"_links":{"self":[{"href":"https:\/\/www.corumbaonline.com.br\/news\/wp-json\/wp\/v2\/posts\/11713061","targetHints":{"allow":["GET"]}}],"collection":[{"href":"https:\/\/www.corumbaonline.com.br\/news\/wp-json\/wp\/v2\/posts"}],"about":[{"href":"https:\/\/www.corumbaonline.com.br\/news\/wp-json\/wp\/v2\/types\/post"}],"author":[{"embeddable":true,"href":"https:\/\/www.corumbaonline.com.br\/news\/wp-json\/wp\/v2\/users\/13"}],"replies":[{"embeddable":true,"href":"https:\/\/www.corumbaonline.com.br\/news\/wp-json\/wp\/v2\/comments?post=11713061"}],"version-history":[{"count":1,"href":"https:\/\/www.corumbaonline.com.br\/news\/wp-json\/wp\/v2\/posts\/11713061\/revisions"}],"predecessor-version":[{"id":11713062,"href":"https:\/\/www.corumbaonline.com.br\/news\/wp-json\/wp\/v2\/posts\/11713061\/revisions\/11713062"}],"wp:featuredmedia":[{"embeddable":true,"href":"https:\/\/www.corumbaonline.com.br\/news\/wp-json\/wp\/v2\/media\/11712832"}],"wp:attachment":[{"href":"https:\/\/www.corumbaonline.com.br\/news\/wp-json\/wp\/v2\/media?parent=11713061"}],"wp:term":[{"taxonomy":"category","embeddable":true,"href":"https:\/\/www.corumbaonline.com.br\/news\/wp-json\/wp\/v2\/categories?post=11713061"},{"taxonomy":"post_tag","embeddable":true,"href":"https:\/\/www.corumbaonline.com.br\/news\/wp-json\/wp\/v2\/tags?post=11713061"}],"curies":[{"name":"wp","href":"https:\/\/api.w.org\/{rel}","templated":true}]}}