{"id":11713068,"date":"2021-03-14T12:00:00","date_gmt":"2021-03-14T16:00:00","guid":{"rendered":"http:\/\/www.corumbaonline.com.br\/news\/?p=11713068"},"modified":"2021-03-14T16:23:42","modified_gmt":"2021-03-14T20:23:42","slug":"toque-de-recolher-comeca-neste-domingo-com-atendimento-ao-publico-ate-as-16h","status":"publish","type":"post","link":"https:\/\/www.corumbaonline.com.br\/news\/toque-de-recolher-comeca-neste-domingo-com-atendimento-ao-publico-ate-as-16h\/","title":{"rendered":"Toque de recolher come\u00e7a neste domingo, com atendimento ao p\u00fablico at\u00e9 \u00e0s 16h"},"content":{"rendered":"<p>Tem in\u00edcio neste domingo (14) o per\u00edodo de duas semanas de toque de recolher em Mato Grosso do Sul por conta do aumento de casos de Covid-19 e lota\u00e7\u00e3o de leitos de UTI.<\/p>\n<p>Aos s\u00e1bados e domingos, os servi\u00e7os n\u00e3o classificados como de natureza essencial poder\u00e3o abrir e atender o p\u00fablico entre 5 e 16 horas.\u00a0J\u00e1 a circula\u00e7\u00e3o de pessoas e ve\u00edculos, durante todos os dias, fica proibida no per\u00edodo das 20h \u00e0s 5h. As exce\u00e7\u00f5es s\u00e3o motivos de trabalho, emerg\u00eancia m\u00e9dica e urg\u00eancia inadi\u00e1vel.<\/p>\n<p>O Amigos do Parque ser\u00e1 das 7h \u00e0s 16h. O projeto consiste no fechamento de uma das pistas do Parque dos Poderes para permitir a pr\u00e1tica de atividade f\u00edsica como caminhadas, corridas, passeios de bicicleta e patins.\u00a0O trecho interditado compreende a \u00e1rea entre a rotat\u00f3ria da Avenida Mato Grosso, ap\u00f3s a Avenida Hiroshima, at\u00e9 a Avenida Afonso Pena, em frente ao Corpo de Bombeiros, contornando o Parque Estadual do Prosa.<\/p>\n<p>Durante o hor\u00e1rio do toque de recolher, somente poder\u00e3o funcionar os servi\u00e7os de sa\u00fade, transporte, alimenta\u00e7\u00e3o por meio de delivery, farm\u00e1cias e drogarias, funer\u00e1rias, postos de gasolina e ind\u00fastrias.\u00a0A decis\u00e3o foi tomada por conta do colapso da sa\u00fade, como 106% de ocupa\u00e7\u00e3o de leitos de UTI na macrorregi\u00e3o de Campo Grande e superlota\u00e7\u00e3o no interior do Estado.<\/p>\n<p>Desde o in\u00edcio do ano, Mato Grosso do Sul teve mais de 1.100 mortes, o que significa 1 morte a cada 1 hora e meia.\u00a0Durante os hor\u00e1rios e dias de funcionamento das atividades e servi\u00e7os autorizados, os estabelecimentos dever\u00e3o funcionar com limite m\u00e1ximo de 50% de sua capacidade instalada, respeitando o distanciamento m\u00ednimo de um metro e meio entre as pessoas presentes no local.<\/p>\n<p>Em raz\u00e3o do alto risco de contamina\u00e7\u00e3o, fica proibida realiza\u00e7\u00e3o de eventos, reuni\u00f5es, shows e festividades em clubes, sal\u00f5es e afins em locais onde o espa\u00e7o f\u00edsico n\u00e3o permita o respeito \u00e0s regras de biosseguran\u00e7a.<\/p>\n<p>Supermercados<\/p>\n<p>Em supermercados e estabelecimentos similares passam a ser proibidos o consumo de comidas e bebidas e o acesso simult\u00e2neo de mais de uma pessoa da mesma fam\u00edlia, exceto nos casos em que for necess\u00e1rio acompanhamento especial.<\/p>\n<p>Hospitais<\/p>\n<p>As cirurgias eletivas pelos hospitais das redes p\u00fablica estadual e contratualizada est\u00e3o suspensas. No entanto, est\u00e3o permitidas as que j\u00e1 haviam sido agendadas, assim como as card\u00edacas, oncol\u00f3gicas e aquelas que, mesmo sendo eletivas, possam causar danos permanentes aos pacientes caso n\u00e3o sejam realizadas durante o per\u00edodo de suspens\u00e3o.<\/p>\n<p>Ficou com d\u00favidas? Acesse\u00a0<a href=\"https:\/\/www.spdo.ms.gov.br\/diariodoe\/Index\/Download\/DO10434_10_03_2021\" target=\"_blank\" rel=\"noopener\">aqui<\/a>\u00a0o decreto na \u00edntegra.<\/p>\n","protected":false},"excerpt":{"rendered":"<p>Tem in\u00edcio neste domingo (14) o per\u00edodo de duas semanas de toque de recolher em&#8230;<\/p>\n","protected":false},"author":13,"featured_media":0,"comment_status":"closed","ping_status":"closed","sticky":false,"template":"","format":"standard","meta":{"footnotes":""},"categories":[116,21],"tags":[],"class_list":["post-11713068","post","type-post","status-publish","format-standard","hentry","category-coronavirus","category-saude"],"_links":{"self":[{"href":"https:\/\/www.corumbaonline.com.br\/news\/wp-json\/wp\/v2\/posts\/11713068","targetHints":{"allow":["GET"]}}],"collection":[{"href":"https:\/\/www.corumbaonline.com.br\/news\/wp-json\/wp\/v2\/posts"}],"about":[{"href":"https:\/\/www.corumbaonline.com.br\/news\/wp-json\/wp\/v2\/types\/post"}],"author":[{"embeddable":true,"href":"https:\/\/www.corumbaonline.com.br\/news\/wp-json\/wp\/v2\/users\/13"}],"replies":[{"embeddable":true,"href":"https:\/\/www.corumbaonline.com.br\/news\/wp-json\/wp\/v2\/comments?post=11713068"}],"version-history":[{"count":1,"href":"https:\/\/www.corumbaonline.com.br\/news\/wp-json\/wp\/v2\/posts\/11713068\/revisions"}],"predecessor-version":[{"id":11713069,"href":"https:\/\/www.corumbaonline.com.br\/news\/wp-json\/wp\/v2\/posts\/11713068\/revisions\/11713069"}],"wp:attachment":[{"href":"https:\/\/www.corumbaonline.com.br\/news\/wp-json\/wp\/v2\/media?parent=11713068"}],"wp:term":[{"taxonomy":"category","embeddable":true,"href":"https:\/\/www.corumbaonline.com.br\/news\/wp-json\/wp\/v2\/categories?post=11713068"},{"taxonomy":"post_tag","embeddable":true,"href":"https:\/\/www.corumbaonline.com.br\/news\/wp-json\/wp\/v2\/tags?post=11713068"}],"curies":[{"name":"wp","href":"https:\/\/api.w.org\/{rel}","templated":true}]}}