{"id":11713070,"date":"2021-03-14T14:00:00","date_gmt":"2021-03-14T18:00:00","guid":{"rendered":"http:\/\/www.corumbaonline.com.br\/news\/?p=11713070"},"modified":"2021-03-14T16:26:53","modified_gmt":"2021-03-14T20:26:53","slug":"mato-grosso-do-sul-completa-um-ano-dos-primeiros-casos-e-inumeras-medidas-para-conter-a-covid","status":"publish","type":"post","link":"https:\/\/www.corumbaonline.com.br\/news\/mato-grosso-do-sul-completa-um-ano-dos-primeiros-casos-e-inumeras-medidas-para-conter-a-covid\/","title":{"rendered":"Mato Grosso do Sul completa um ano dos primeiros casos e in\u00fameras medidas para conter a Covid"},"content":{"rendered":"<p>O 14 de mar\u00e7o marca o an\u00fancio dos primeiros pacientes infectados pelo novo coronav\u00edrus em Mato Grosso do Sul. De Campo Grande, uma mulher de 23 anos e um homem de 31, contatos confirmados de casos positivos dos estados do Rio de Janeiro e S\u00e3o Paulo. O primeiro \u00f3bito foi registrado no dia 31 de mar\u00e7o. Uma mulher de 64 anos, moradora do munic\u00edpio de Bataypor\u00e3 que faleceu ap\u00f3s pouco mais de uma semana de interna\u00e7\u00e3o.<\/p>\n<p>Um ano depois muita coisa mudou, e o Estado acumula 193.629 mil sul-mato-grossenses infectados pelo v\u00edrus, dos quais 3.584 vieram a \u00f3bito por complica\u00e7\u00f5es da doen\u00e7a (dados 13.03). O que n\u00e3o mudou foram os esfor\u00e7os do poder p\u00fablico na tentativa de conter o avan\u00e7o do cont\u00e1gio e preservar vidas.<\/p>\n<p>Antes mesmo da Organiza\u00e7\u00e3o Mundial de Sa\u00fade (OMS) declarar que o mundo vivia uma pandemia de Covid-19 no dia 11 de mar\u00e7o, Mato Grosso do Sul j\u00e1 havia criado o Centro de Opera\u00e7\u00f5es de Emerg\u00eancias (COE) para auxiliar na defini\u00e7\u00e3o de diretrizes de vigil\u00e2ncia, preven\u00e7\u00e3o e controle da doen\u00e7a.<\/p>\n<figure id=\"attachment_315098\"><img loading=\"lazy\" decoding=\"async\" src=\"http:\/\/www.ms.gov.br\/wp-content\/uploads\/sites\/150\/2020\/07\/coronavirus_kits-de-prote%C3%A7%C3%A3o-para-indigenas2-1024x596.jpg\" sizes=\"auto, (max-width: 1024px) 100vw, 1024px\" srcset=\"http:\/\/www.ms.gov.br\/wp-content\/uploads\/sites\/150\/2020\/07\/coronavirus_kits-de-prote\u00e7\u00e3o-para-indigenas2-1024x596.jpg 1024w, http:\/\/www.ms.gov.br\/wp-content\/uploads\/sites\/150\/2020\/07\/coronavirus_kits-de-prote\u00e7\u00e3o-para-indigenas2-300x175.jpg 300w, http:\/\/www.ms.gov.br\/wp-content\/uploads\/sites\/150\/2020\/07\/coronavirus_kits-de-prote\u00e7\u00e3o-para-indigenas2-768x447.jpg 768w, http:\/\/www.ms.gov.br\/wp-content\/uploads\/sites\/150\/2020\/07\/coronavirus_kits-de-prote\u00e7\u00e3o-para-indigenas2-350x204.jpg 350w\" alt=\"\" width=\"1024\" height=\"596\" \/><figcaption>Distribui\u00e7\u00e3o de kits de prote\u00e7\u00e3o para ind\u00edgenas<\/figcaption><\/figure>\n<p>In\u00fameras foram as medidas implantadas seja para estruturar a sa\u00fade, reduzir o cont\u00e1gio e amenizar os impactos na vida da popula\u00e7\u00e3o mais vulner\u00e1vel. Distribui\u00e7\u00e3o de equipamentos de prote\u00e7\u00e3o individual (EPI), suspens\u00e3o das aulas na Rede Estadual de Ensino, instala\u00e7\u00e3o de barreiras sanit\u00e1rias, hospital de campanha, cria\u00e7\u00e3o de drive thrus de testes, isen\u00e7\u00e3o do ICMS da tarifa social na conta de luz, suspens\u00e3o do vencimento de boletos habitacionais, foram algumas das a\u00e7\u00f5es que se somam a tantas outras que vem sendo tomadas at\u00e9 agora.<\/p>\n<p>O Programa Prosseguir &#8211;\u00a0criado em junho de 2020\u00a0\u2013 classifica as bandeiras de risco dos 79 munic\u00edpios do Estado serve de instrumento para tentar conter o avan\u00e7o da doen\u00e7a oferecendo um panorama situacional, com descri\u00e7\u00e3o de indicadores e recomenda\u00e7\u00f5es baseadas nos par\u00e2metros da Organiza\u00e7\u00e3o Pan Americana de Sa\u00fade (OPAS). A iniciativa tem o objetivo de preservar a sa\u00fade e a economia oferecendo subs\u00eddios t\u00e9cnicos.<\/p>\n<p>Conforme a SES nesse per\u00edodo houve amplia\u00e7\u00e3o dos leitos de Unidade de Terapia Intensiva (UTI) em Mato Grosso do Sul. Antes da pandemia o Estado contava com 470, sendo 303 leitos de UTI geral e mais 167 leitos de UTI da linha pedi\u00e1trica. Neste um ano de pandemia foram criados 274 novos leitos de UTI.<\/p>\n<figure id=\"attachment_338733\"><img loading=\"lazy\" decoding=\"async\" src=\"http:\/\/www.ms.gov.br\/wp-content\/uploads\/sites\/150\/2021\/01\/VACINA-Covid-19-Foto-Chico-Ribeiro-5.jpg\" sizes=\"auto, (max-width: 768px) 100vw, 768px\" srcset=\"http:\/\/www.ms.gov.br\/wp-content\/uploads\/sites\/150\/2021\/01\/VACINA-Covid-19-Foto-Chico-Ribeiro-5.jpg 768w, http:\/\/www.ms.gov.br\/wp-content\/uploads\/sites\/150\/2021\/01\/VACINA-Covid-19-Foto-Chico-Ribeiro-5-300x166.jpg 300w, http:\/\/www.ms.gov.br\/wp-content\/uploads\/sites\/150\/2021\/01\/VACINA-Covid-19-Foto-Chico-Ribeiro-5-350x194.jpg 350w\" alt=\"\" width=\"768\" height=\"425\" \/><figcaption>Primeira idosa a receber o imunizante no Estado<\/figcaption><\/figure>\n<p>Menos de 24 horas depois que a Ag\u00eancia Nacional de Vigil\u00e2ncia Sanit\u00e1ria (Anvisa) aprovou o uso emergencial das vacinas CoronaVac (Sinovac\/Butantan) e Covishield (AstraZeneca\/Oxford\/Fiocruz) no Brasil, o primeiro carregamento chegou a Mato Grosso do Sul com 158.760 mil doses da Coronavac no dia 18 de janeiro. Nesse mesmo dia uma for\u00e7a tarefa montada pela Secretaria de Sa\u00fade (SES) e Secretaria de Justi\u00e7a e Seguran\u00e7a P\u00fablica (Sejusp) iniciou a distribui\u00e7\u00e3o dos imunizantes para os 79 munic\u00edpios.<\/p>\n<p>A agilidade no processo de distribui\u00e7\u00e3o foi uma determina\u00e7\u00e3o do governador Reinaldo Azambuja para que a imuniza\u00e7\u00e3o fosse iniciada o mais r\u00e1pido poss\u00edvel, visando preservar vidas, desafogar o sistema de sa\u00fade e recuperar empregos.<\/p>\n<p>At\u00e9 o momento o Estado j\u00e1 recebeu 7 carregamentos de vacina. Conforme dados do Vacin\u00f4metro-MS Covid-19, ao todo 227.629 mil doses j\u00e1 foram aplicadas, sendo 151.210 mil da primeira dose e 76.419 da segunda, conforme atualiza\u00e7\u00e3o do \u00faltimo s\u00e1bado (13).<\/p>\n<p>Embora a vacina\u00e7\u00e3o tenha iniciado no Estado, a confirma\u00e7\u00e3o da circula\u00e7\u00e3o de uma nova variante da Covid-19, denominada de P1 e que \u00e9 duas vezes mais contagiosa segundo especialistas, veio no dia 3 de mar\u00e7o. Al\u00e9m do paciente do sexo masculino, de 37 anos, morador de Corumb\u00e1, a SES afirma que existem outros casos em investiga\u00e7\u00e3o no Estado.<\/p>\n<p>Assim como j\u00e1 acontece em outras regi\u00f5es do Brasil, nos \u00faltimos meses os indicadores da Covid-19 voltaram a aumentar com indicativos de colapso no sistema de sa\u00fade. Diante do agravamento desse cen\u00e1rio, o secret\u00e1rio de sa\u00fade Geraldo Resende afirma que a efic\u00e1cia de medidas n\u00e3o depende apenas do poder p\u00fablico, mas tamb\u00e9m de toda a popula\u00e7\u00e3o.<\/p>\n<p>\u201cA gente faz um apelo para que a popula\u00e7\u00e3o possa aderir as medidas restritivas, evitando aglomera\u00e7\u00f5es e seguindo todas as recomenda\u00e7\u00f5es de biosseguran\u00e7a e que nos ajude a construir um cen\u00e1rio diferente pelos pr\u00f3ximos 14 dias. N\u00f3s temos registrados diariamente, o crescimento de casos novos, aumento de \u00f3bitos e de interna\u00e7\u00f5es. Isto tem nos deixado bastante incomodados. Conto com a ajuda de voc\u00eas para combater essa doen\u00e7a\u201d, destaca o secret\u00e1rio.<\/p>\n<div id=\"gallery-1\">\n<figure>\n<div><a href=\"http:\/\/www.ms.gov.br\/epis-e-alcool-foto-edemir-rodrigues-5\/\"><img loading=\"lazy\" decoding=\"async\" src=\"http:\/\/www.ms.gov.br\/wp-content\/uploads\/sites\/150\/2020\/03\/Epis-e-Alcool-Foto-Edemir-Rodrigues-5-300x166.jpg\" sizes=\"auto, (max-width: 300px) 100vw, 300px\" srcset=\"http:\/\/www.ms.gov.br\/wp-content\/uploads\/sites\/150\/2020\/03\/Epis-e-Alcool-Foto-Edemir-Rodrigues-5-300x166.jpg 300w, http:\/\/www.ms.gov.br\/wp-content\/uploads\/sites\/150\/2020\/03\/Epis-e-Alcool-Foto-Edemir-Rodrigues-5-768x425.jpg 768w, http:\/\/www.ms.gov.br\/wp-content\/uploads\/sites\/150\/2020\/03\/Epis-e-Alcool-Foto-Edemir-Rodrigues-5-1024x567.jpg 1024w\" alt=\"\" width=\"300\" height=\"166\" aria-describedby=\"gallery-1-300025\" \/><\/a><\/div><figcaption id=\"gallery-1-300025\">Kits de EPI<\/figcaption><\/figure>\n<figure>\n<div><a href=\"http:\/\/www.ms.gov.br\/coronavirus-foto-chico-ribeiro-11\/\"><img loading=\"lazy\" decoding=\"async\" src=\"http:\/\/www.ms.gov.br\/wp-content\/uploads\/sites\/150\/2020\/03\/Coronav%C3%ADrus-Foto-Chico-Ribeiro-11-300x166.jpg\" sizes=\"auto, (max-width: 300px) 100vw, 300px\" srcset=\"http:\/\/www.ms.gov.br\/wp-content\/uploads\/sites\/150\/2020\/03\/Coronav\u00edrus-Foto-Chico-Ribeiro-11-300x166.jpg 300w, http:\/\/www.ms.gov.br\/wp-content\/uploads\/sites\/150\/2020\/03\/Coronav\u00edrus-Foto-Chico-Ribeiro-11.jpg 672w\" alt=\"\" width=\"300\" height=\"166\" aria-describedby=\"gallery-1-299398\" \/><\/a><\/div><figcaption id=\"gallery-1-299398\">Transmiss\u00f5es ao vivo<\/figcaption><\/figure>\n<figure>\n<div><a href=\"http:\/\/www.ms.gov.br\/prosseguir-15-municipios-pioraram-seu-grau-de-risco\/eduardoriedel38semanaprosseguir768-768x430\/\"><img loading=\"lazy\" decoding=\"async\" src=\"http:\/\/www.ms.gov.br\/wp-content\/uploads\/sites\/150\/2020\/09\/EduardoRiedel38semanaProsseguir768-768X430-300x168.jpg\" sizes=\"auto, (max-width: 300px) 100vw, 300px\" srcset=\"http:\/\/www.ms.gov.br\/wp-content\/uploads\/sites\/150\/2020\/09\/EduardoRiedel38semanaProsseguir768-768X430-300x168.jpg 300w, http:\/\/www.ms.gov.br\/wp-content\/uploads\/sites\/150\/2020\/09\/EduardoRiedel38semanaProsseguir768-768X430.jpg 768w, http:\/\/www.ms.gov.br\/wp-content\/uploads\/sites\/150\/2020\/09\/EduardoRiedel38semanaProsseguir768-768X430-350x196.jpg 350w\" alt=\"\" width=\"300\" height=\"168\" aria-describedby=\"gallery-1-324308\" \/><\/a><\/div><figcaption id=\"gallery-1-324308\">Programa Prosseguir<\/figcaption><\/figure>\n<figure>\n<div><a href=\"http:\/\/www.ms.gov.br\/indigenas-de-ms-recebem-doacao-de-5-mil-litros-de-alcool-para-combate-ao-coronavirus\/coronavirus-doacao-alcool-672-x-372\/\"><img loading=\"lazy\" decoding=\"async\" src=\"http:\/\/www.ms.gov.br\/wp-content\/uploads\/sites\/150\/2020\/03\/Coronavirus-doa%C3%A7%C3%A3o-alcool-672-x-372-300x166.jpg\" sizes=\"auto, (max-width: 300px) 100vw, 300px\" srcset=\"http:\/\/www.ms.gov.br\/wp-content\/uploads\/sites\/150\/2020\/03\/Coronavirus-doa\u00e7\u00e3o-alcool-672-x-372-300x166.jpg 300w, http:\/\/www.ms.gov.br\/wp-content\/uploads\/sites\/150\/2020\/03\/Coronavirus-doa\u00e7\u00e3o-alcool-672-x-372.jpg 672w\" alt=\"\" width=\"300\" height=\"166\" aria-describedby=\"gallery-1-300675\" \/><\/a><\/div><figcaption id=\"gallery-1-300675\">\u00c1lcool para envio aos munic\u00edpios<\/figcaption><\/figure>\n<figure>\n<div><a href=\"http:\/\/www.ms.gov.br\/foto-saul-schramm-10-25\/\"><img loading=\"lazy\" decoding=\"async\" src=\"http:\/\/www.ms.gov.br\/wp-content\/uploads\/sites\/150\/2020\/04\/Foto-Saul-Schramm-10-300x166.jpg\" sizes=\"auto, (max-width: 300px) 100vw, 300px\" srcset=\"http:\/\/www.ms.gov.br\/wp-content\/uploads\/sites\/150\/2020\/04\/Foto-Saul-Schramm-10-300x166.jpg 300w, http:\/\/www.ms.gov.br\/wp-content\/uploads\/sites\/150\/2020\/04\/Foto-Saul-Schramm-10-768x425.jpg 768w, http:\/\/www.ms.gov.br\/wp-content\/uploads\/sites\/150\/2020\/04\/Foto-Saul-Schramm-10-1024x567.jpg 1024w\" alt=\"\" width=\"300\" height=\"166\" aria-describedby=\"gallery-1-302574\" \/><\/a><\/div><figcaption id=\"gallery-1-302574\">Drive-thru do coronav\u00edrus Foto Saul Schramm<\/figcaption><\/figure>\n<figure>\n<div><a href=\"http:\/\/www.ms.gov.br\/foto-saul-schramm-pb-1\/\"><img loading=\"lazy\" decoding=\"async\" src=\"http:\/\/www.ms.gov.br\/wp-content\/uploads\/sites\/150\/2020\/08\/Foto-Saul-Schramm-PB-1-300x166.jpg\" sizes=\"auto, (max-width: 300px) 100vw, 300px\" srcset=\"http:\/\/www.ms.gov.br\/wp-content\/uploads\/sites\/150\/2020\/08\/Foto-Saul-Schramm-PB-1-300x166.jpg 300w, http:\/\/www.ms.gov.br\/wp-content\/uploads\/sites\/150\/2020\/08\/Foto-Saul-Schramm-PB-1-768x425.jpg 768w, http:\/\/www.ms.gov.br\/wp-content\/uploads\/sites\/150\/2020\/08\/Foto-Saul-Schramm-PB-1-1024x567.jpg 1024w, http:\/\/www.ms.gov.br\/wp-content\/uploads\/sites\/150\/2020\/08\/Foto-Saul-Schramm-PB-1-350x194.jpg 350w\" alt=\"\" width=\"300\" height=\"166\" aria-describedby=\"gallery-1-317193\" \/><\/a><\/div><figcaption id=\"gallery-1-317193\">Hospital Regional refer\u00eancia<\/figcaption><\/figure>\n<figure>\n<div><a href=\"http:\/\/www.ms.gov.br\/vacina-01_-5\/\"><img loading=\"lazy\" decoding=\"async\" src=\"http:\/\/www.ms.gov.br\/wp-content\/uploads\/sites\/150\/2021\/01\/vacina-01_-5-300x170.jpg\" sizes=\"auto, (max-width: 300px) 100vw, 300px\" srcset=\"http:\/\/www.ms.gov.br\/wp-content\/uploads\/sites\/150\/2021\/01\/vacina-01_-5-300x170.jpg 300w, http:\/\/www.ms.gov.br\/wp-content\/uploads\/sites\/150\/2021\/01\/vacina-01_-5.jpg 768w, http:\/\/www.ms.gov.br\/wp-content\/uploads\/sites\/150\/2021\/01\/vacina-01_-5-350x198.jpg 350w\" alt=\"\" width=\"300\" height=\"170\" aria-describedby=\"gallery-1-338621\" \/><\/a><\/div><figcaption id=\"gallery-1-338621\">Esperan\u00e7a em caixas de isopor<\/figcaption><\/figure>\n<figure>\n<div><a href=\"http:\/\/www.ms.gov.br\/vacina-chega-a-mato-grosso-do-sul-e-distribuicao-aos-municipios-comeca-ainda-hoje\/chegada-vacina-covid\/\"><img loading=\"lazy\" decoding=\"async\" src=\"http:\/\/www.ms.gov.br\/wp-content\/uploads\/sites\/150\/2021\/01\/Chegada-vacina-covid-300x192.jpg\" sizes=\"auto, (max-width: 300px) 100vw, 300px\" srcset=\"http:\/\/www.ms.gov.br\/wp-content\/uploads\/sites\/150\/2021\/01\/Chegada-vacina-covid-300x192.jpg 300w, http:\/\/www.ms.gov.br\/wp-content\/uploads\/sites\/150\/2021\/01\/Chegada-vacina-covid-768x491.jpg 768w, http:\/\/www.ms.gov.br\/wp-content\/uploads\/sites\/150\/2021\/01\/Chegada-vacina-covid-1024x655.jpg 1024w, http:\/\/www.ms.gov.br\/wp-content\/uploads\/sites\/150\/2021\/01\/Chegada-vacina-covid-350x224.jpg 350w, http:\/\/www.ms.gov.br\/wp-content\/uploads\/sites\/150\/2021\/01\/Chegada-vacina-covid.jpg 1280w\" alt=\"\" width=\"300\" height=\"192\" aria-describedby=\"gallery-1-338675\" \/><\/a><\/div><figcaption id=\"gallery-1-338675\">Primeiro lote de vacina chega a MS<\/figcaption><\/figure>\n<figure>\n<div><a href=\"http:\/\/www.ms.gov.br\/governador-comemora-a-chegada-de-mais-doses-da-vacina-contra-a-covid-19-mas-alerta-a-pandemia-nao-acabou\/escola-segundo-lote-vacina-covid-foto-edemir-rodrigues\/\"><img loading=\"lazy\" decoding=\"async\" src=\"http:\/\/www.ms.gov.br\/wp-content\/uploads\/sites\/150\/2021\/01\/Escola-segundo-lote-vacina-Covid-foto-Edemir-Rodrigues-300x200.jpg\" sizes=\"auto, (max-width: 300px) 100vw, 300px\" srcset=\"http:\/\/www.ms.gov.br\/wp-content\/uploads\/sites\/150\/2021\/01\/Escola-segundo-lote-vacina-Covid-foto-Edemir-Rodrigues-300x200.jpg 300w, http:\/\/www.ms.gov.br\/wp-content\/uploads\/sites\/150\/2021\/01\/Escola-segundo-lote-vacina-Covid-foto-Edemir-Rodrigues-768x512.jpg 768w, http:\/\/www.ms.gov.br\/wp-content\/uploads\/sites\/150\/2021\/01\/Escola-segundo-lote-vacina-Covid-foto-Edemir-Rodrigues-1024x682.jpg 1024w, http:\/\/www.ms.gov.br\/wp-content\/uploads\/sites\/150\/2021\/01\/Escola-segundo-lote-vacina-Covid-foto-Edemir-Rodrigues-350x232.jpg 350w, http:\/\/www.ms.gov.br\/wp-content\/uploads\/sites\/150\/2021\/01\/Escola-segundo-lote-vacina-Covid-foto-Edemir-Rodrigues-272x182.jpg 272w, http:\/\/www.ms.gov.br\/wp-content\/uploads\/sites\/150\/2021\/01\/Escola-segundo-lote-vacina-Covid-foto-Edemir-Rodrigues.jpg 1280w\" alt=\"\" width=\"300\" height=\"200\" aria-describedby=\"gallery-1-339471\" \/><\/a><\/div><figcaption id=\"gallery-1-339471\">Seguran\u00e7a no transporte dos imunizantes<\/figcaption><\/figure>\n<figure>\n<div><a href=\"http:\/\/www.ms.gov.br\/primeiros-imunizados-contra-covid-19-relatam-emocao-e-encorajam-populacao\/whatsapp-image-2021-01-18-at-18-25-00\/\"><img loading=\"lazy\" decoding=\"async\" src=\"http:\/\/www.ms.gov.br\/wp-content\/uploads\/sites\/150\/2021\/01\/WhatsApp-Image-2021-01-18-at-18.25.00-300x200.jpeg\" sizes=\"auto, (max-width: 300px) 100vw, 300px\" srcset=\"http:\/\/www.ms.gov.br\/wp-content\/uploads\/sites\/150\/2021\/01\/WhatsApp-Image-2021-01-18-at-18.25.00-300x200.jpeg 300w, http:\/\/www.ms.gov.br\/wp-content\/uploads\/sites\/150\/2021\/01\/WhatsApp-Image-2021-01-18-at-18.25.00-768x512.jpeg 768w, http:\/\/www.ms.gov.br\/wp-content\/uploads\/sites\/150\/2021\/01\/WhatsApp-Image-2021-01-18-at-18.25.00-1024x682.jpeg 1024w, http:\/\/www.ms.gov.br\/wp-content\/uploads\/sites\/150\/2021\/01\/WhatsApp-Image-2021-01-18-at-18.25.00-350x232.jpeg 350w, http:\/\/www.ms.gov.br\/wp-content\/uploads\/sites\/150\/2021\/01\/WhatsApp-Image-2021-01-18-at-18.25.00-272x182.jpeg 272w, http:\/\/www.ms.gov.br\/wp-content\/uploads\/sites\/150\/2021\/01\/WhatsApp-Image-2021-01-18-at-18.25.00.jpeg 1280w\" alt=\"\" width=\"300\" height=\"200\" aria-describedby=\"gallery-1-338707\" \/><\/a><\/div><figcaption id=\"gallery-1-338707\">Primeira ind\u00edgena vacinada no Estado<\/figcaption><\/figure>\n<\/div>\n","protected":false},"excerpt":{"rendered":"<p>O 14 de mar\u00e7o marca o an\u00fancio dos primeiros pacientes infectados pelo novo coronav\u00edrus em&#8230;<\/p>\n","protected":false},"author":13,"featured_media":11713071,"comment_status":"closed","ping_status":"closed","sticky":false,"template":"","format":"standard","meta":{"footnotes":""},"categories":[116,8,21],"tags":[],"class_list":["post-11713070","post","type-post","status-publish","format-standard","has-post-thumbnail","hentry","category-coronavirus","category-destaque","category-saude"],"_links":{"self":[{"href":"https:\/\/www.corumbaonline.com.br\/news\/wp-json\/wp\/v2\/posts\/11713070","targetHints":{"allow":["GET"]}}],"collection":[{"href":"https:\/\/www.corumbaonline.com.br\/news\/wp-json\/wp\/v2\/posts"}],"about":[{"href":"https:\/\/www.corumbaonline.com.br\/news\/wp-json\/wp\/v2\/types\/post"}],"author":[{"embeddable":true,"href":"https:\/\/www.corumbaonline.com.br\/news\/wp-json\/wp\/v2\/users\/13"}],"replies":[{"embeddable":true,"href":"https:\/\/www.corumbaonline.com.br\/news\/wp-json\/wp\/v2\/comments?post=11713070"}],"version-history":[{"count":1,"href":"https:\/\/www.corumbaonline.com.br\/news\/wp-json\/wp\/v2\/posts\/11713070\/revisions"}],"predecessor-version":[{"id":11713072,"href":"https:\/\/www.corumbaonline.com.br\/news\/wp-json\/wp\/v2\/posts\/11713070\/revisions\/11713072"}],"wp:featuredmedia":[{"embeddable":true,"href":"https:\/\/www.corumbaonline.com.br\/news\/wp-json\/wp\/v2\/media\/11713071"}],"wp:attachment":[{"href":"https:\/\/www.corumbaonline.com.br\/news\/wp-json\/wp\/v2\/media?parent=11713070"}],"wp:term":[{"taxonomy":"category","embeddable":true,"href":"https:\/\/www.corumbaonline.com.br\/news\/wp-json\/wp\/v2\/categories?post=11713070"},{"taxonomy":"post_tag","embeddable":true,"href":"https:\/\/www.corumbaonline.com.br\/news\/wp-json\/wp\/v2\/tags?post=11713070"}],"curies":[{"name":"wp","href":"https:\/\/api.w.org\/{rel}","templated":true}]}}