{"id":11713197,"date":"2021-03-17T09:45:00","date_gmt":"2021-03-17T13:45:00","guid":{"rendered":"http:\/\/www.corumbaonline.com.br\/news\/?p=11713197"},"modified":"2021-03-17T10:09:17","modified_gmt":"2021-03-17T14:09:17","slug":"senac-ms-firma-parceria-com-o-estado-para-oferta-de-cursos-gratuitos-de-qualificacao-profissional","status":"publish","type":"post","link":"https:\/\/www.corumbaonline.com.br\/news\/senac-ms-firma-parceria-com-o-estado-para-oferta-de-cursos-gratuitos-de-qualificacao-profissional\/","title":{"rendered":"Senac MS firma parceria com o Estado para oferta de cursos gratuitos de qualifica\u00e7\u00e3o profissional"},"content":{"rendered":"<p>O diretor do Senac MS, Vitor Mello, assinou nesta ter\u00e7a-feira (16) o termo de parceria entre a institui\u00e7\u00e3o e o Governo do Estado, para oferta de cursos gratuitos ao programa &#8220;Capacita Juventude&#8221;, que qualifica jovens em diversos munic\u00edpios de Mato Grosso do Sul. A parceria foi assinada pelo secret\u00e1rio de Estado de Governo e Gest\u00e3o Estrat\u00e9gica, Sergio Murilo Mota, e pelo diretor executivo da Subsecretaria de Pol\u00edticas P\u00fablicas para Juventude, Ian Odara Ara\u00fajo Leal.<\/p>\n<p>Por meio da parceria, ser\u00e3o realizados cinco cursos gratuitos na modalidade de ensino a dist\u00e2ncia, com 40 vagas cada, totalizando 200 vagas gratuitas. Os cursos ser\u00e3o ofertados nos munic\u00edpios de Aquidauana, Campo Grande, Corumb\u00e1, Dois Irm\u00e3os do Buriti, Dourados, Navira\u00ed, Parana\u00edba, Terenos e Tr\u00eas Lagoas. O objetivo \u00e9 atender o p\u00fablico jovem em estado de vulnerabilidade social, gerando oportunidades de inclus\u00e3o no mercado de trabalho.<\/p>\n<p>O diretor regional do Senac MS, Vitor Mello, explica que a parceria deu in\u00edcio diante da demanda apresentada pela Subsecretaria da Juventude, para a oferta de qualifica\u00e7\u00e3o de m\u00e3o de obra para os jovens, que precisam se inserir no mercado de trabalho. &#8220;A partir da demanda apresentada, criamos um cronograma dos cursos, com a proposta que atendesse a necessidade desses jovens e com cursos em \u00e1reas com ampla oportunidade de atua\u00e7\u00e3o. Nosso objetivo, dentro da miss\u00e3o do Senac que \u00e9 educar para o trabalho, \u00e9 oferecer a esses jovens a qualifica\u00e7\u00e3o e oportunizar o acesso ao emprego, contribuindo para todo o processo de impulsionamento da economia do Estado&#8221;, afirma Vitor Mello.<\/p>\n<p>O primeiro curso foi realizado em fevereiro, e o segundo tem in\u00edcio neste m\u00eas de mar\u00e7o, na \u00e1rea de vendas, e outros tr\u00eas cursos t\u00eam in\u00edcio nos meses de abril, maio e junho, na \u00e1rea da tecnologia da informa\u00e7\u00e3o.<\/p>\n<p>O subsecret\u00e1rio de Pol\u00edticas P\u00fablicas para Juventude, Ian Leal, destacou a import\u00e2ncia da parceria com o Senac-MS, para o projeto. &#8220;Essa parceria vai proporcionar a qualifica\u00e7\u00e3o da m\u00e3o de obra em \u00e1reas com grande demanda do mercado, e proporcionar a inser\u00e7\u00e3o dos jovens no mercado de trabalho. Essa parceria com o Senac \u00e9 fundamental para que isso se concretize e os nossos jovens tenham essa oportunidade&#8221;, diz.<\/p>\n<p>Para o secret\u00e1rio de Governo e Gest\u00e3o Estrat\u00e9gica, Sergio Murilo Mota, a parceria vai proporcionar o acesso dos jovens ao primeiro emprego, e que isso s\u00f3 \u00e9 poss\u00edvel com capacita\u00e7\u00e3o. &#8220;Sabemos da necessidade e da import\u00e2ncia da qualifica\u00e7\u00e3o profissional para todos os segmentos e idades, mas para os jovens, que n\u00e3o t\u00eam a experi\u00eancia, a capacita\u00e7\u00e3o se torna essencial para encontrar seu espa\u00e7o no mercado de trabalho, principalmente nesse momento dif\u00edcil que o Pa\u00eds atravessa&#8221;, afirma.<\/p>\n","protected":false},"excerpt":{"rendered":"<p>O diretor do Senac MS, Vitor Mello, assinou nesta ter\u00e7a-feira (16) o termo de parceria&#8230;<\/p>\n","protected":false},"author":9,"featured_media":0,"comment_status":"closed","ping_status":"closed","sticky":false,"template":"","format":"standard","meta":{"footnotes":""},"categories":[10],"tags":[],"class_list":["post-11713197","post","type-post","status-publish","format-standard","hentry","category-educacao"],"_links":{"self":[{"href":"https:\/\/www.corumbaonline.com.br\/news\/wp-json\/wp\/v2\/posts\/11713197","targetHints":{"allow":["GET"]}}],"collection":[{"href":"https:\/\/www.corumbaonline.com.br\/news\/wp-json\/wp\/v2\/posts"}],"about":[{"href":"https:\/\/www.corumbaonline.com.br\/news\/wp-json\/wp\/v2\/types\/post"}],"author":[{"embeddable":true,"href":"https:\/\/www.corumbaonline.com.br\/news\/wp-json\/wp\/v2\/users\/9"}],"replies":[{"embeddable":true,"href":"https:\/\/www.corumbaonline.com.br\/news\/wp-json\/wp\/v2\/comments?post=11713197"}],"version-history":[{"count":1,"href":"https:\/\/www.corumbaonline.com.br\/news\/wp-json\/wp\/v2\/posts\/11713197\/revisions"}],"predecessor-version":[{"id":11713198,"href":"https:\/\/www.corumbaonline.com.br\/news\/wp-json\/wp\/v2\/posts\/11713197\/revisions\/11713198"}],"wp:attachment":[{"href":"https:\/\/www.corumbaonline.com.br\/news\/wp-json\/wp\/v2\/media?parent=11713197"}],"wp:term":[{"taxonomy":"category","embeddable":true,"href":"https:\/\/www.corumbaonline.com.br\/news\/wp-json\/wp\/v2\/categories?post=11713197"},{"taxonomy":"post_tag","embeddable":true,"href":"https:\/\/www.corumbaonline.com.br\/news\/wp-json\/wp\/v2\/tags?post=11713197"}],"curies":[{"name":"wp","href":"https:\/\/api.w.org\/{rel}","templated":true}]}}