{"id":11713202,"date":"2021-03-17T10:06:00","date_gmt":"2021-03-17T14:06:00","guid":{"rendered":"http:\/\/www.corumbaonline.com.br\/news\/?p=11713202"},"modified":"2021-03-17T10:24:24","modified_gmt":"2021-03-17T14:24:24","slug":"iel-esta-com-oportunidades-de-estagio-na-capital-corumba-e-ladario","status":"publish","type":"post","link":"https:\/\/www.corumbaonline.com.br\/news\/iel-esta-com-oportunidades-de-estagio-na-capital-corumba-e-ladario\/","title":{"rendered":"IEL est\u00e1 com oportunidades de est\u00e1gio na Capital, Corumb\u00e1 e Lad\u00e1rio"},"content":{"rendered":"<p>Para quem est\u00e1 de olho no mercado de trabalho, o est\u00e1gio pode ser uma \u00f3tima chance para come\u00e7ar. O IEL est\u00e1 com oportunidades de est\u00e1gio na capital, Corumb\u00e1 e Lad\u00e1rio. S\u00e3o 21 vagas nas \u00e1reas de Est\u00e9tica, Administra\u00e7\u00e3o, Pedagogia, T\u00e9cnico em Edifica\u00e7\u00f5es e Mec\u00e2nica, entre outras. Os interessados s\u00f3 precisam acessar o link\u00a0<a href=\"http:\/\/sne.iel.org.br\/sne\/ms\" target=\"_blank\" rel=\"noopener noreferrer\">http:\/\/sne.iel.org.br\/sne\/ms<\/a>\u00a0para ver os detalhes sobre as vagas e preencher o cadastro.<\/p>\n<p>As bolsas de est\u00e1gio variam entre R$400 a R$1 mil. A coordenadora de desenvolvimento de carreira do IEL, Ros\u00e2ngela Ramos, refor\u00e7a que o est\u00e1gio \u00e9 uma excelente porta para o mercado de trabalho e para desenvolver o candidato na carreira profissional. \u201cDiante de um cen\u00e1rio cada vez mais criterioso na hora da contrata\u00e7\u00e3o, \u00e9 imprescind\u00edvel o estudante ter uma boa postura profissional, bom relacionamento interpessoal, boa comunica\u00e7\u00e3o, demonstrar interesse na \u00e1rea de atua\u00e7\u00e3o, e vontade de aprender sempre\u201d, pontuou.<\/p>\n<p>A coordenadora refor\u00e7a ainda que o est\u00e1gio tem um papel fundamental para desenvolver o candidato para o mercado de trabalho e para a vida. \u201cS\u00e3o muitas oportunidades para sair \u00e0 frente e fazer diferen\u00e7a no mercado de trabalho\u201d, completou Ros\u00e2ngela Ramos.<\/p>\n<h4>Quem pode estagiar?<\/h4>\n<p>Para concorrer \u00e0s vagas, o estudante deve ter idade m\u00ednima de 16 anos, estar matriculado e frequentando os anos finais do Ensino Fundamental, qualquer s\u00e9rie do Ensino M\u00e9dio, Ensino Profissional, Ensino Superior ou na modalidade profissional da EJA (Educa\u00e7\u00e3o de Jovens e Adultos).<\/p>\n","protected":false},"excerpt":{"rendered":"<p>Para quem est\u00e1 de olho no mercado de trabalho, o est\u00e1gio pode ser uma \u00f3tima&#8230;<\/p>\n","protected":false},"author":9,"featured_media":0,"comment_status":"closed","ping_status":"closed","sticky":false,"template":"","format":"standard","meta":{"footnotes":""},"categories":[10],"tags":[],"class_list":["post-11713202","post","type-post","status-publish","format-standard","hentry","category-educacao"],"_links":{"self":[{"href":"https:\/\/www.corumbaonline.com.br\/news\/wp-json\/wp\/v2\/posts\/11713202","targetHints":{"allow":["GET"]}}],"collection":[{"href":"https:\/\/www.corumbaonline.com.br\/news\/wp-json\/wp\/v2\/posts"}],"about":[{"href":"https:\/\/www.corumbaonline.com.br\/news\/wp-json\/wp\/v2\/types\/post"}],"author":[{"embeddable":true,"href":"https:\/\/www.corumbaonline.com.br\/news\/wp-json\/wp\/v2\/users\/9"}],"replies":[{"embeddable":true,"href":"https:\/\/www.corumbaonline.com.br\/news\/wp-json\/wp\/v2\/comments?post=11713202"}],"version-history":[{"count":1,"href":"https:\/\/www.corumbaonline.com.br\/news\/wp-json\/wp\/v2\/posts\/11713202\/revisions"}],"predecessor-version":[{"id":11713203,"href":"https:\/\/www.corumbaonline.com.br\/news\/wp-json\/wp\/v2\/posts\/11713202\/revisions\/11713203"}],"wp:attachment":[{"href":"https:\/\/www.corumbaonline.com.br\/news\/wp-json\/wp\/v2\/media?parent=11713202"}],"wp:term":[{"taxonomy":"category","embeddable":true,"href":"https:\/\/www.corumbaonline.com.br\/news\/wp-json\/wp\/v2\/categories?post=11713202"},{"taxonomy":"post_tag","embeddable":true,"href":"https:\/\/www.corumbaonline.com.br\/news\/wp-json\/wp\/v2\/tags?post=11713202"}],"curies":[{"name":"wp","href":"https:\/\/api.w.org\/{rel}","templated":true}]}}