{"id":11713228,"date":"2021-03-18T09:22:00","date_gmt":"2021-03-18T13:22:00","guid":{"rendered":"http:\/\/www.corumbaonline.com.br\/news\/?p=11713228"},"modified":"2021-03-18T10:26:44","modified_gmt":"2021-03-18T14:26:44","slug":"prefeitura-debate-adequacoes-da-reforma-da-previdencia-com-sindicatos-e-conselho-municipal","status":"publish","type":"post","link":"https:\/\/www.corumbaonline.com.br\/news\/prefeitura-debate-adequacoes-da-reforma-da-previdencia-com-sindicatos-e-conselho-municipal\/","title":{"rendered":"Prefeitura debate adequa\u00e7\u00f5es da Reforma da Previd\u00eancia com sindicatos e conselho municipal"},"content":{"rendered":"<p>O secret\u00e1rio municipal de Finan\u00e7as e Gest\u00e3o, Luiz Henrique Maia de Paula, se reuniu nesta quarta-feira, 17 de mar\u00e7o, com representantes do SIMTED (Sindicato Municipal dos Trabalhadores em Educa\u00e7\u00e3o de Corumb\u00e1), do SINCOR (Sindicato dos Servidores Municipais de Corumb\u00e1) e do CONPREV (Conselho Municipal do Fundo de Previd\u00eancia Social dos Servidores Municipais de Corumb\u00e1) para apresentar as adequa\u00e7\u00f5es exigidas pela Reforma da Previd\u00eancia.<\/p>\n<p>O vice-prefeito Dirceu Migu\u00e9is Pinto representou o prefeito Marcelo Iunes na reuni\u00e3o, realizada no Pa\u00e7o Municipal. O procurador-geral do Munic\u00edpio, Alcindo Cardoso do Valle J\u00fanior, a superintendente de Previd\u00eancia da Prefeitura de Corumb\u00e1, Gabriela Winkler, e os vereadores Alex Dellas e Manoel Rodrigues, bem como Ruth Esnarriaga (Comprev), Raul Nunes Delgado (SIMTED), Luiz M\u00e1rio do Amaral (SIMCOR) tamb\u00e9m participaram do encontro, uma continua\u00e7\u00e3o da agenda realizada em mar\u00e7o no Legislativo corumbaense.<\/p>\n<p>\u201cApresentamos, ponto a ponto, as adequa\u00e7\u00f5es referentes \u00e0 Emenda Constitucional 103\/2019 e que devem ser seguidas por Estados e Munic\u00edpios\u201d, explicou Luiz Henrique Maia de Paula. \u201cAgora os sindicatos e o conselho v\u00e3o apresentar essas mudan\u00e7as aos seus setores antes do Projeto de Lei ser enviado \u00e0 C\u00e2mara para aprecia\u00e7\u00e3o dos vereadores\u201d, completou o secret\u00e1rio de Gest\u00e3o e Finan\u00e7as.<\/p>\n<p>\u201cA Emenda Constitucional 103\/2019 estabeleceu que os Munic\u00edpios n\u00e3o poder\u00e3o estabelecer a al\u00edquota inferior \u00e0 da contribui\u00e7\u00e3o previdenci\u00e1ria dos servidores da Uni\u00e3o que hoje est\u00e1 em 14%. Corumb\u00e1 precisa se adequar a isso sob pena de perdermos a CRP (Certid\u00e3o de Regularidade Previdenci\u00e1ria)\u201d, refor\u00e7ou a superintendente do FUNPREV, reiterando que a reforma n\u00e3o se trata de uma medida pr\u00f3pria do Munic\u00edpio, mas o cumprimento \u00e0 legisla\u00e7\u00e3o estabelecida pelo Governo Federal.<\/p>\n<p><strong>O que muda<\/strong><\/p>\n<p>Conforme orienta\u00e7\u00e3o da Secretaria Especial de Previd\u00eancia e Trabalho os Munic\u00edpios ter\u00e3o que publicar lei pr\u00f3pria \u2013 ap\u00f3s tr\u00e2mite legislativo \u2013 de adequa\u00e7\u00e3o das al\u00edquotas de contribui\u00e7\u00f5es ordin\u00e1rias, as quais n\u00e3o poder\u00e3o ser inferiores \u00e0s al\u00edquotas da Uni\u00e3o, cuja al\u00edquota-base foi fixada em 14%.<\/p>\n<div id=\"gallery-1\" class=\"gallery galleryid-110884 gallery-columns-3 gallery-size-large\">\n<figure class=\"gallery-item\">\n<div class=\"gallery-icon landscape\"><a href=\"https:\/\/www.corumba.ms.gov.br\/2021\/03\/prefeitura-debate-adequacoes-da-reforma-da-previdencia-com-sindicatos-e-conselho-municipal\/21548e1d-0a8a-41a6-b572-b7b9959457b9\/\"><img loading=\"lazy\" decoding=\"async\" class=\"attachment-large size-large\" src=\"https:\/\/www.corumba.ms.gov.br\/wp-content\/uploads\/2021\/03\/21548e1d-0a8a-41a6-b572-b7b9959457b9-1024x706.jpg\" sizes=\"auto, (max-width: 1024px) 100vw, 1024px\" srcset=\"https:\/\/www.corumba.ms.gov.br\/wp-content\/uploads\/2021\/03\/21548e1d-0a8a-41a6-b572-b7b9959457b9-1024x706.jpg 1024w, https:\/\/www.corumba.ms.gov.br\/wp-content\/uploads\/2021\/03\/21548e1d-0a8a-41a6-b572-b7b9959457b9-300x207.jpg 300w, https:\/\/www.corumba.ms.gov.br\/wp-content\/uploads\/2021\/03\/21548e1d-0a8a-41a6-b572-b7b9959457b9-768x529.jpg 768w, https:\/\/www.corumba.ms.gov.br\/wp-content\/uploads\/2021\/03\/21548e1d-0a8a-41a6-b572-b7b9959457b9.jpg 1200w\" alt=\"\" width=\"1024\" height=\"706\" aria-describedby=\"gallery-1-110885\" \/><\/a><\/div><figcaption id=\"gallery-1-110885\" class=\"wp-caption-text gallery-caption\">Foto: Ren\u00ea Marcio Carneiro\/PMC<\/figcaption><\/figure>\n<figure class=\"gallery-item\">\n<div class=\"gallery-icon landscape\"><a href=\"https:\/\/www.corumba.ms.gov.br\/2021\/03\/prefeitura-debate-adequacoes-da-reforma-da-previdencia-com-sindicatos-e-conselho-municipal\/83945a4c-da9e-4ba3-9087-45e80b749f28\/\"><img loading=\"lazy\" decoding=\"async\" class=\"attachment-large size-large\" src=\"https:\/\/www.corumba.ms.gov.br\/wp-content\/uploads\/2021\/03\/83945a4c-da9e-4ba3-9087-45e80b749f28-1024x706.jpg\" sizes=\"auto, (max-width: 1024px) 100vw, 1024px\" srcset=\"https:\/\/www.corumba.ms.gov.br\/wp-content\/uploads\/2021\/03\/83945a4c-da9e-4ba3-9087-45e80b749f28-1024x706.jpg 1024w, https:\/\/www.corumba.ms.gov.br\/wp-content\/uploads\/2021\/03\/83945a4c-da9e-4ba3-9087-45e80b749f28-300x207.jpg 300w, https:\/\/www.corumba.ms.gov.br\/wp-content\/uploads\/2021\/03\/83945a4c-da9e-4ba3-9087-45e80b749f28-768x529.jpg 768w, https:\/\/www.corumba.ms.gov.br\/wp-content\/uploads\/2021\/03\/83945a4c-da9e-4ba3-9087-45e80b749f28.jpg 1200w\" alt=\"\" width=\"1024\" height=\"706\" aria-describedby=\"gallery-1-110886\" \/><\/a><\/div><figcaption id=\"gallery-1-110886\" class=\"wp-caption-text gallery-caption\">Foto: Ren\u00ea Marcio Carneiro\/PMC<\/figcaption><\/figure>\n<figure class=\"gallery-item\">\n<div class=\"gallery-icon landscape\"><a href=\"https:\/\/www.corumba.ms.gov.br\/2021\/03\/prefeitura-debate-adequacoes-da-reforma-da-previdencia-com-sindicatos-e-conselho-municipal\/623140e9-74b2-48aa-88ef-445e19ac5736\/\"><img loading=\"lazy\" decoding=\"async\" class=\"attachment-large size-large\" src=\"https:\/\/www.corumba.ms.gov.br\/wp-content\/uploads\/2021\/03\/623140e9-74b2-48aa-88ef-445e19ac5736-1024x683.jpg\" sizes=\"auto, (max-width: 1024px) 100vw, 1024px\" srcset=\"https:\/\/www.corumba.ms.gov.br\/wp-content\/uploads\/2021\/03\/623140e9-74b2-48aa-88ef-445e19ac5736-1024x683.jpg 1024w, https:\/\/www.corumba.ms.gov.br\/wp-content\/uploads\/2021\/03\/623140e9-74b2-48aa-88ef-445e19ac5736-300x200.jpg 300w, https:\/\/www.corumba.ms.gov.br\/wp-content\/uploads\/2021\/03\/623140e9-74b2-48aa-88ef-445e19ac5736-768x512.jpg 768w, https:\/\/www.corumba.ms.gov.br\/wp-content\/uploads\/2021\/03\/623140e9-74b2-48aa-88ef-445e19ac5736.jpg 1200w\" alt=\"\" width=\"1024\" height=\"683\" aria-describedby=\"gallery-1-110887\" \/><\/a><\/div><figcaption id=\"gallery-1-110887\" class=\"wp-caption-text gallery-caption\">Foto: Ren\u00ea Marcio Carneiro\/PMC<\/figcaption><\/figure>\n<figure class=\"gallery-item\">\n<div class=\"gallery-icon landscape\"><a href=\"https:\/\/www.corumba.ms.gov.br\/2021\/03\/prefeitura-debate-adequacoes-da-reforma-da-previdencia-com-sindicatos-e-conselho-municipal\/f2ea0a82-6292-4938-8c76-d2e7cab4aae5\/\"><img loading=\"lazy\" decoding=\"async\" class=\"attachment-large size-large\" src=\"https:\/\/www.corumba.ms.gov.br\/wp-content\/uploads\/2021\/03\/f2ea0a82-6292-4938-8c76-d2e7cab4aae5-1024x683.jpg\" sizes=\"auto, (max-width: 1024px) 100vw, 1024px\" srcset=\"https:\/\/www.corumba.ms.gov.br\/wp-content\/uploads\/2021\/03\/f2ea0a82-6292-4938-8c76-d2e7cab4aae5-1024x683.jpg 1024w, https:\/\/www.corumba.ms.gov.br\/wp-content\/uploads\/2021\/03\/f2ea0a82-6292-4938-8c76-d2e7cab4aae5-300x200.jpg 300w, https:\/\/www.corumba.ms.gov.br\/wp-content\/uploads\/2021\/03\/f2ea0a82-6292-4938-8c76-d2e7cab4aae5-768x512.jpg 768w, https:\/\/www.corumba.ms.gov.br\/wp-content\/uploads\/2021\/03\/f2ea0a82-6292-4938-8c76-d2e7cab4aae5.jpg 1200w\" alt=\"\" width=\"1024\" height=\"683\" aria-describedby=\"gallery-1-110888\" \/><\/a><\/div><figcaption id=\"gallery-1-110888\" class=\"wp-caption-text gallery-caption\">Foto: Ren\u00ea Marcio Carneiro\/PMC<\/figcaption><\/figure>\n<\/div>\n","protected":false},"excerpt":{"rendered":"<p>O secret\u00e1rio municipal de Finan\u00e7as e Gest\u00e3o, Luiz Henrique Maia de Paula, se reuniu nesta&#8230;<\/p>\n","protected":false},"author":70,"featured_media":11713229,"comment_status":"closed","ping_status":"closed","sticky":false,"template":"","format":"standard","meta":{"footnotes":""},"categories":[14],"tags":[],"class_list":["post-11713228","post","type-post","status-publish","format-standard","has-post-thumbnail","hentry","category-geral"],"_links":{"self":[{"href":"https:\/\/www.corumbaonline.com.br\/news\/wp-json\/wp\/v2\/posts\/11713228","targetHints":{"allow":["GET"]}}],"collection":[{"href":"https:\/\/www.corumbaonline.com.br\/news\/wp-json\/wp\/v2\/posts"}],"about":[{"href":"https:\/\/www.corumbaonline.com.br\/news\/wp-json\/wp\/v2\/types\/post"}],"author":[{"embeddable":true,"href":"https:\/\/www.corumbaonline.com.br\/news\/wp-json\/wp\/v2\/users\/70"}],"replies":[{"embeddable":true,"href":"https:\/\/www.corumbaonline.com.br\/news\/wp-json\/wp\/v2\/comments?post=11713228"}],"version-history":[{"count":1,"href":"https:\/\/www.corumbaonline.com.br\/news\/wp-json\/wp\/v2\/posts\/11713228\/revisions"}],"predecessor-version":[{"id":11713230,"href":"https:\/\/www.corumbaonline.com.br\/news\/wp-json\/wp\/v2\/posts\/11713228\/revisions\/11713230"}],"wp:featuredmedia":[{"embeddable":true,"href":"https:\/\/www.corumbaonline.com.br\/news\/wp-json\/wp\/v2\/media\/11713229"}],"wp:attachment":[{"href":"https:\/\/www.corumbaonline.com.br\/news\/wp-json\/wp\/v2\/media?parent=11713228"}],"wp:term":[{"taxonomy":"category","embeddable":true,"href":"https:\/\/www.corumbaonline.com.br\/news\/wp-json\/wp\/v2\/categories?post=11713228"},{"taxonomy":"post_tag","embeddable":true,"href":"https:\/\/www.corumbaonline.com.br\/news\/wp-json\/wp\/v2\/tags?post=11713228"}],"curies":[{"name":"wp","href":"https:\/\/api.w.org\/{rel}","templated":true}]}}