{"id":11713241,"date":"2021-03-18T10:11:00","date_gmt":"2021-03-18T14:11:00","guid":{"rendered":"http:\/\/www.corumbaonline.com.br\/news\/?p=11713241"},"modified":"2021-03-18T14:03:01","modified_gmt":"2021-03-18T18:03:01","slug":"dia-1o-de-abril-que-antecede-a-sexta-feira-santa-sera-ponto-facultativo-em-ms","status":"publish","type":"post","link":"https:\/\/www.corumbaonline.com.br\/news\/dia-1o-de-abril-que-antecede-a-sexta-feira-santa-sera-ponto-facultativo-em-ms\/","title":{"rendered":"Dia 1\u00ba de abril, que antecede a Sexta-feira Santa, ser\u00e1 ponto facultativo em MS"},"content":{"rendered":"<p>Considerando a Sexta-feira Santa, o governador Reinaldo Azambuja declarou ponto facultativo no dia 1\u00ba de abril, uma quinta-feira, v\u00e9spera da data em que os crist\u00e3os relembram o dia em que Jesus Cristo morreu crucificado.<\/p>\n<p>De acordo com a Lei n.\u00ba 9.093, de 12 de setembro de 1995, a Sexta-feira Santa \u00e9 um feriado federal que se realiza na semana santa. Ela varia a cada ano, pois acontece no fim da Quaresma, que come\u00e7a na quarta-feira de cinzas, dia seguinte ao Carnaval.<\/p>\n<p>A data se insere no tr\u00edduo pascal, em que se realizam as \u00faltimas celebra\u00e7\u00f5es da\u00a0semana santa. O tr\u00edduo pascal tem in\u00edcio na quinta-feira santa \u00e0 noite e termina no domingo de P\u00e1scoa, em que se comemora a ressurrei\u00e7\u00e3o de Jesus.<\/p>\n<p>O Decreto do ponto facultativo em Mato Grosso do Sul no dia 1\u00ba de abril vale para os \u00f3rg\u00e3os e as entidades da Administra\u00e7\u00e3o Direta, Aut\u00e1rquica e Fundacional do Poder Executivo.<\/p>\n<p>A exce\u00e7\u00e3o \u00e9 para as unidades e servi\u00e7os considerados essenciais que, por sua natureza, n\u00e3o possam ser paralisados ou interrompidos.<\/p>\n<p><a href=\"https:\/\/www.spdo.ms.gov.br\/diariodoe\/Index\/PaginaDocumento\/46572\/?Pagina=5\" target=\"_blank\" rel=\"noopener\"><em>Confira aqui o decreto publicado nesta quinta-feira (18)<\/em><\/a><\/p>\n","protected":false},"excerpt":{"rendered":"<p>Considerando a Sexta-feira Santa, o governador Reinaldo Azambuja declarou ponto facultativo no dia 1\u00ba de&#8230;<\/p>\n","protected":false},"author":13,"featured_media":0,"comment_status":"closed","ping_status":"closed","sticky":false,"template":"","format":"standard","meta":{"footnotes":""},"categories":[14],"tags":[],"class_list":["post-11713241","post","type-post","status-publish","format-standard","hentry","category-geral"],"_links":{"self":[{"href":"https:\/\/www.corumbaonline.com.br\/news\/wp-json\/wp\/v2\/posts\/11713241","targetHints":{"allow":["GET"]}}],"collection":[{"href":"https:\/\/www.corumbaonline.com.br\/news\/wp-json\/wp\/v2\/posts"}],"about":[{"href":"https:\/\/www.corumbaonline.com.br\/news\/wp-json\/wp\/v2\/types\/post"}],"author":[{"embeddable":true,"href":"https:\/\/www.corumbaonline.com.br\/news\/wp-json\/wp\/v2\/users\/13"}],"replies":[{"embeddable":true,"href":"https:\/\/www.corumbaonline.com.br\/news\/wp-json\/wp\/v2\/comments?post=11713241"}],"version-history":[{"count":1,"href":"https:\/\/www.corumbaonline.com.br\/news\/wp-json\/wp\/v2\/posts\/11713241\/revisions"}],"predecessor-version":[{"id":11713242,"href":"https:\/\/www.corumbaonline.com.br\/news\/wp-json\/wp\/v2\/posts\/11713241\/revisions\/11713242"}],"wp:attachment":[{"href":"https:\/\/www.corumbaonline.com.br\/news\/wp-json\/wp\/v2\/media?parent=11713241"}],"wp:term":[{"taxonomy":"category","embeddable":true,"href":"https:\/\/www.corumbaonline.com.br\/news\/wp-json\/wp\/v2\/categories?post=11713241"},{"taxonomy":"post_tag","embeddable":true,"href":"https:\/\/www.corumbaonline.com.br\/news\/wp-json\/wp\/v2\/tags?post=11713241"}],"curies":[{"name":"wp","href":"https:\/\/api.w.org\/{rel}","templated":true}]}}