{"id":11713250,"date":"2021-03-18T11:12:00","date_gmt":"2021-03-18T15:12:00","guid":{"rendered":"http:\/\/www.corumbaonline.com.br\/news\/?p=11713250"},"modified":"2021-03-18T14:15:50","modified_gmt":"2021-03-18T18:15:50","slug":"pela-primeira-fase-da-copa-do-brasil-vasco-prega-atencao-para-ter-mais-tranquilidade-que-na-estreia-de-2020","status":"publish","type":"post","link":"https:\/\/www.corumbaonline.com.br\/news\/pela-primeira-fase-da-copa-do-brasil-vasco-prega-atencao-para-ter-mais-tranquilidade-que-na-estreia-de-2020\/","title":{"rendered":"Pela primeira fase da Copa do Brasil, Vasco prega aten\u00e7\u00e3o para ter mais tranquilidade que na estreia de 2020"},"content":{"rendered":"<p>O bom in\u00edcio de temporada da Caldense acende a luz amarela no Vasco para o duelo desta quinta-feira, pela Copa do Brasil. E \u00e9 bom mesmo o time ficar atento. No ano passado, tamb\u00e9m na primeira fase da competi\u00e7\u00e3o, o sufoco foi grande para avan\u00e7ar. A torcida cruz-maltina quer mais tranquilidade.<\/p>\n<p>Naquele 12 de fevereiro do ano passado, o advers\u00e1rio foi o Altos (PI). O Cruz-Maltino at\u00e9 come\u00e7ou bem, pressionou, mas Marrony, hoje no Atl\u00e9tico-MG, fez um gol contra aos 20 minutos. O regulamento era o mesmo deste ano: o time de S\u00e3o Janu\u00e1rio precisava de um empate para avan\u00e7ar.<\/p>\n<p class=\"text\">Mas o tempo foi passando e o gol de empate n\u00e3o sa\u00eda. A equipe ent\u00e3o comandada por Abel Braga martelou, martelou e, nos acr\u00e9scimos do segundo tempo, Talles fez a jogada e Cano empatou. Era o quarto gol do centroavante argentino com a camisa do Vasco.<\/p>\n<p class=\"text\">O her\u00f3i daquela partida foi relacionado pela primeira vez nesta temporada, ap\u00f3s les\u00e3o. Poder\u00e1 at\u00e9 ser titular. Assim sendo, ser\u00e1 o foco das aten\u00e7\u00f5es de todos. Certamente, por\u00e9m, a torcida n\u00e3o gostaria de esperar at\u00e9 t\u00e3o tarde para comemorar a classifica\u00e7\u00e3o.<\/p>\n","protected":false},"excerpt":{"rendered":"<p>O bom in\u00edcio de temporada da Caldense acende a luz amarela no Vasco para o&#8230;<\/p>\n","protected":false},"author":11,"featured_media":0,"comment_status":"closed","ping_status":"closed","sticky":false,"template":"","format":"standard","meta":{"footnotes":""},"categories":[11],"tags":[],"class_list":["post-11713250","post","type-post","status-publish","format-standard","hentry","category-esporte"],"_links":{"self":[{"href":"https:\/\/www.corumbaonline.com.br\/news\/wp-json\/wp\/v2\/posts\/11713250","targetHints":{"allow":["GET"]}}],"collection":[{"href":"https:\/\/www.corumbaonline.com.br\/news\/wp-json\/wp\/v2\/posts"}],"about":[{"href":"https:\/\/www.corumbaonline.com.br\/news\/wp-json\/wp\/v2\/types\/post"}],"author":[{"embeddable":true,"href":"https:\/\/www.corumbaonline.com.br\/news\/wp-json\/wp\/v2\/users\/11"}],"replies":[{"embeddable":true,"href":"https:\/\/www.corumbaonline.com.br\/news\/wp-json\/wp\/v2\/comments?post=11713250"}],"version-history":[{"count":1,"href":"https:\/\/www.corumbaonline.com.br\/news\/wp-json\/wp\/v2\/posts\/11713250\/revisions"}],"predecessor-version":[{"id":11713251,"href":"https:\/\/www.corumbaonline.com.br\/news\/wp-json\/wp\/v2\/posts\/11713250\/revisions\/11713251"}],"wp:attachment":[{"href":"https:\/\/www.corumbaonline.com.br\/news\/wp-json\/wp\/v2\/media?parent=11713250"}],"wp:term":[{"taxonomy":"category","embeddable":true,"href":"https:\/\/www.corumbaonline.com.br\/news\/wp-json\/wp\/v2\/categories?post=11713250"},{"taxonomy":"post_tag","embeddable":true,"href":"https:\/\/www.corumbaonline.com.br\/news\/wp-json\/wp\/v2\/tags?post=11713250"}],"curies":[{"name":"wp","href":"https:\/\/api.w.org\/{rel}","templated":true}]}}