{"id":11713276,"date":"2021-03-19T15:34:00","date_gmt":"2021-03-19T19:34:00","guid":{"rendered":"http:\/\/www.corumbaonline.com.br\/news\/?p=11713276"},"modified":"2021-03-19T16:46:51","modified_gmt":"2021-03-19T20:46:51","slug":"cursos-variados-para-qualificacao-estao-com-inscricoes-abertas-no-senac-corumba","status":"publish","type":"post","link":"https:\/\/www.corumbaonline.com.br\/news\/cursos-variados-para-qualificacao-estao-com-inscricoes-abertas-no-senac-corumba\/","title":{"rendered":"Cursos variados para qualifica\u00e7\u00e3o est\u00e3o com inscri\u00e7\u00f5es abertas no Senac Corumb\u00e1"},"content":{"rendered":"<p>Cursos nas \u00e1reas do com\u00e9rcio, inform\u00e1tica e sa\u00fade est\u00e3o com inscri\u00e7\u00f5es abertas no Senac de Corumb\u00e1, com in\u00edcio das aulas ainda neste m\u00eas de mar\u00e7o. Uma das op\u00e7\u00f5es \u00e9 o curso na \u00e1rea do com\u00e9rcio,\u00a0<b>Vendas de Alta Performance<\/b>, que ser\u00e1 realizado de 22 de mar\u00e7o a 31 de mar\u00e7o, no per\u00edodo noturno.<\/p>\n<p>O curso de aperfei\u00e7oamento tem como objetivo apresentar ao aluno as estrat\u00e9gias e ferramentas utilizadas na comercializa\u00e7\u00e3o de produtos e servi\u00e7os com alto valor agregado, tendo como fio condutor as especificidades deste segmento. \u00c9 destinado a vendedores e demais profissionais que atuam ou pretendem atuar na \u00e1rea de vendas (atacado e varejo), compras, marketing e gest\u00e3o comercial.<\/p>\n<p>Tem ainda a forma\u00e7\u00e3o em\u00a0<b>Ger\u00eancia de Loja<\/b>, que tem como objetivo possibilitar aos participantes gerirem estabelecimentos comerciais, com foco na organiza\u00e7\u00e3o da opera\u00e7\u00e3o, no alcance de metas e na motiva\u00e7\u00e3o das equipes. \u00c9 destinado aos profissionais que atuam ou almejam atuar na gest\u00e3o de lojas e tem in\u00edcio dia 30 de mar\u00e7o, no per\u00edodo noturno.<\/p>\n<p>Na \u00e1rea da inform\u00e1tica a op\u00e7\u00e3o \u00e9 o curso\u00a0<b>Operador de Computador<\/b>, com dura\u00e7\u00e3o de 196 horas, que promove o desenvolvimento do aluno por meios de a\u00e7\u00f5es que articulem e mobilizem conhecimentos, habilidades, valores e atitudes, de forma potencialmente criativa e que estimule o aprimoramento cont\u00ednuo. As aulas t\u00eam in\u00edcio dia 22 de mar\u00e7o.<\/p>\n<p>E a op\u00e7\u00e3o na \u00e1rea da sa\u00fade \u00e9 o curso\u00a0<b>Procedimentos T\u00e9cnicos em Sala de Vacina &#8211; tecnologias e inova\u00e7\u00f5es<\/b>, com carga hor\u00e1ria de 24 horas. O profissional, ao t\u00e9rmino do curso, estar\u00e1 apto a executar tarefas referentes \u00e0 conserva\u00e7\u00e3o e aplica\u00e7\u00e3o de vacinas e ainda os crit\u00e9rios e t\u00e9cnicas para a administra\u00e7\u00e3o de soros utilizados pelo Programa Nacional de Imuniza\u00e7\u00f5es (PNI). As aulas t\u00eam in\u00edcio dia 29 de mar\u00e7o.<\/p>\n","protected":false},"excerpt":{"rendered":"<p>Cursos nas \u00e1reas do com\u00e9rcio, inform\u00e1tica e sa\u00fade est\u00e3o com inscri\u00e7\u00f5es abertas no Senac de&#8230;<\/p>\n","protected":false},"author":9,"featured_media":0,"comment_status":"closed","ping_status":"closed","sticky":false,"template":"","format":"standard","meta":{"footnotes":""},"categories":[14],"tags":[],"class_list":["post-11713276","post","type-post","status-publish","format-standard","hentry","category-geral"],"_links":{"self":[{"href":"https:\/\/www.corumbaonline.com.br\/news\/wp-json\/wp\/v2\/posts\/11713276","targetHints":{"allow":["GET"]}}],"collection":[{"href":"https:\/\/www.corumbaonline.com.br\/news\/wp-json\/wp\/v2\/posts"}],"about":[{"href":"https:\/\/www.corumbaonline.com.br\/news\/wp-json\/wp\/v2\/types\/post"}],"author":[{"embeddable":true,"href":"https:\/\/www.corumbaonline.com.br\/news\/wp-json\/wp\/v2\/users\/9"}],"replies":[{"embeddable":true,"href":"https:\/\/www.corumbaonline.com.br\/news\/wp-json\/wp\/v2\/comments?post=11713276"}],"version-history":[{"count":1,"href":"https:\/\/www.corumbaonline.com.br\/news\/wp-json\/wp\/v2\/posts\/11713276\/revisions"}],"predecessor-version":[{"id":11713277,"href":"https:\/\/www.corumbaonline.com.br\/news\/wp-json\/wp\/v2\/posts\/11713276\/revisions\/11713277"}],"wp:attachment":[{"href":"https:\/\/www.corumbaonline.com.br\/news\/wp-json\/wp\/v2\/media?parent=11713276"}],"wp:term":[{"taxonomy":"category","embeddable":true,"href":"https:\/\/www.corumbaonline.com.br\/news\/wp-json\/wp\/v2\/categories?post=11713276"},{"taxonomy":"post_tag","embeddable":true,"href":"https:\/\/www.corumbaonline.com.br\/news\/wp-json\/wp\/v2\/tags?post=11713276"}],"curies":[{"name":"wp","href":"https:\/\/api.w.org\/{rel}","templated":true}]}}