{"id":11713355,"date":"2021-03-23T08:17:00","date_gmt":"2021-03-23T12:17:00","guid":{"rendered":"http:\/\/www.corumbaonline.com.br\/news\/?p=11713355"},"modified":"2021-03-23T09:36:02","modified_gmt":"2021-03-23T13:36:02","slug":"prefeitura-de-corumba-entrega-sede-propria-da-escola-municipal-rural-polo-sebastiao-rolon","status":"publish","type":"post","link":"https:\/\/www.corumbaonline.com.br\/news\/prefeitura-de-corumba-entrega-sede-propria-da-escola-municipal-rural-polo-sebastiao-rolon\/","title":{"rendered":"Prefeitura de Corumb\u00e1 entrega sede pr\u00f3pria da Escola Municipal Rural Polo Sebasti\u00e3o Rolon"},"content":{"rendered":"<p>A Prefeitura de Corumb\u00e1, por meio da Secretaria Municipal de Educa\u00e7\u00e3o, inaugurou na sexta-feira, 19 de novembro, a sede pr\u00f3pria da Escola Municipal Rural de Educa\u00e7\u00e3o Integral Polo Sebasti\u00e3o Rolon, na regi\u00e3o do Taquari. Com a a\u00e7\u00e3o, a Prefeitura atendeu aos anseios da comunidade e garantiu acesso ao ensino p\u00fablico gratuito, nas s\u00e9ries iniciais, para as crian\u00e7as da localidade. A administra\u00e7\u00e3o do prefeito Marcelo Iunes investiu R$ 830.459,72 na obra, entre recursos pr\u00f3prios, royalties e sal\u00e1rio educa\u00e7\u00e3o.<\/p>\n<p>\u201c\u00c9 uma obra de suma import\u00e2ncia porque atende aproximadamente 50 crian\u00e7as. Algumas, que moram distante, v\u00e3o ter que dormir na escola durante a semana e s\u00f3 no fim de semana ir\u00e3o para casa. Outras, que moram mais perto, v\u00e3o e voltam no mesmo dia, temos o transporte que leva as crian\u00e7as, um trator com carretinha adaptada, para as fazendas onde elas moram. Eles v\u00eam de manh\u00e3 e retornam \u00e0 tarde para casa\u201d, disse o secret\u00e1rio Municipal de Educa\u00e7\u00e3o, Genilson Canavarro de Abreu.<\/p>\n<p>O pr\u00e9dio da escola tem em sua estrutura refeit\u00f3rio, cozinha, banheiros para meninas e meninos, alojamentos para meninas e meninos, alojamentos e banheiros para professores e professoras, banheiros masculino e feminino e duas salas de aulas (uma para alunos do 1\u00b0 ao 5\u00b0 anos e outra para estudantes do 6\u00b0 ao 9\u00b0 anos). As turmas s\u00e3o multisseriadas. A obra foi constru\u00edda com recursos pr\u00f3prios que totalizaram R$ 337.055,55; royalties or\u00e7ados em R$ 482.439,92e sal\u00e1rio-educa\u00e7\u00e3o no montante de R$ 10.964,25.<\/p>\n<p>\u201cO prefeito Marcelo Iunes est\u00e1 investindo na Educa\u00e7\u00e3o e Corumb\u00e1 n\u00e3o ficou parada por causa da pandemia. O Munic\u00edpio fez o investimento na educa\u00e7\u00e3o em uma regi\u00e3o de dif\u00edcil acesso e construiu uma sede pr\u00f3pria para a Escola Municipal Rural Polo Sebasti\u00e3o Rolon. Pag\u00e1vamos aluguel naquela \u00e1rea para atender essas crian\u00e7as, mas n\u00e3o era adequado. Agora temos a possibilidade de atender aos alunos em um local com boa estrutura\u201d, afirmou o secret\u00e1rio de Educa\u00e7\u00e3o. \u201cEra um processo que vinha desde 2013, que o prefeito Marcelo Iunes resolveu e agora entregamos para a comunidade\u201d, completou Genilson.<\/p>\n<p>Participando da inaugura\u00e7\u00e3o, o vice-prefeito Dirceu Migu\u00e9is Pinto, afirmou que a Prefeitura valoriza a Educa\u00e7\u00e3o p\u00fablica. \u00a0\u201cA administra\u00e7\u00e3o do prefeito Marcelo Iunes \u00e9 muito direcionada para a \u00e1rea de educa\u00e7\u00e3o. Temos a premissa que um povo educado \u00e9 um povo com sa\u00fade, \u00e9 um povo com seguran\u00e7a, \u00e9 um povo em desenvolvimento e com desenvolvimento. Ao conseguirmos colocar, praticamente todas as nossas crian\u00e7as, dentro do setor da educa\u00e7\u00e3o, n\u00f3s teremos uma Corumb\u00e1 promissora nestas \u00e1reas de sa\u00fade, seguran\u00e7a e desenvolvimento\u201d, disse. \u00a0\u201cFuturamente a Prefeitura tem a programa\u00e7\u00e3o para implantar mais uma escola rural na fazenda Nazar\u00e9 e outra na Santa Aur\u00e9lia\u201d, complementou o vice-prefeito.<\/p>\n<p>\u201cA escola Sebasti\u00e3o Rolon \u00e9 uma escola tradicional da regi\u00e3o. Por\u00e9m, ela nunca teve seu pr\u00e9dio pr\u00f3prio. Agora tem um pr\u00e9dio totalmente adequado pra o desenvolvimento de uma escola rural. O prefeito Marcelo Iunes efetuou a complementa\u00e7\u00e3o dessa obra e ficou uma escola totalmente adaptada para a regi\u00e3o. Ela est\u00e1 h\u00e1 aproximadamente 100 quil\u00f4metros da \u00e1rea urbana de Corumb\u00e1, em linha reta, pr\u00f3xima ao Porto Rolon atendendo toda aquela regi\u00e3o, tanto ribeirinha como a regi\u00e3o do assentamento do Cedro e aos pequenos agricultores ali existentes\u201d, frisou Dirceu Migu\u00e9is.<\/p>\n<p>Trata-se de mais um marco na educa\u00e7\u00e3o do Munic\u00edpio de Corumb\u00e1. Mais um marco na administra\u00e7\u00e3o Marcelo Iunes na \u00e1rea rural. A Escola Sebasti\u00e3o Rolon significa um desafio a mais sendo vencido pela nossa Secretaria Municipal de Educa\u00e7\u00e3o. Os recursos investidos ter\u00e3o um retorno garantido com as aulas que ser\u00e3o ministradas. Temos um ambiente saud\u00e1vel, totalmente adequado e com condi\u00e7\u00f5es ideais para a aprendizagem\u201d, finalizou o vice-prefeito.<\/p>\n<p>O nome da escola \u00e9 uma homenagem ao senhor Sebastian Rolon, nascido no Paraguai em 20 de janeiro de 1898 e chegou a Corumb\u00e1 aos 17 anos e sua hist\u00f3ria se confunde com a hist\u00f3ria de todo o povo pantaneiro.<\/p>\n<div id=\"gallery-1\" class=\"gallery galleryid-110974 gallery-columns-3 gallery-size-large\">\n<figure class=\"gallery-item\">\n<div class=\"gallery-icon landscape\"><a role=\"link\" href=\"https:\/\/www.corumba.ms.gov.br\/2021\/03\/prefeitura-de-corumba-entrega-sede-propria-da-escola-municipal-rural-polo-sebastiao-rolon\/1433f0ed-e1d6-4a45-87d3-67df62b2adb5\/\"><img loading=\"lazy\" decoding=\"async\" class=\"attachment-large size-large\" src=\"https:\/\/www.corumba.ms.gov.br\/wp-content\/uploads\/2021\/03\/1433f0ed-e1d6-4a45-87d3-67df62b2adb5.jpg\" sizes=\"auto, (max-width: 1024px) 100vw, 1024px\" srcset=\"https:\/\/www.corumba.ms.gov.br\/wp-content\/uploads\/2021\/03\/1433f0ed-e1d6-4a45-87d3-67df62b2adb5.jpg 1024w, https:\/\/www.corumba.ms.gov.br\/wp-content\/uploads\/2021\/03\/1433f0ed-e1d6-4a45-87d3-67df62b2adb5-300x200.jpg 300w, https:\/\/www.corumba.ms.gov.br\/wp-content\/uploads\/2021\/03\/1433f0ed-e1d6-4a45-87d3-67df62b2adb5-768x512.jpg 768w\" alt=\"\" width=\"1024\" height=\"683\" aria-describedby=\"gallery-1-110975\" \/><\/a><\/div><figcaption id=\"gallery-1-110975\" class=\"wp-caption-text gallery-caption\">Escola vai atender aproximadamente 50 crian\u00e7as (Foto: Cl\u00f3vis Neto\/PMC)<\/figcaption><\/figure>\n<figure class=\"gallery-item\">\n<div class=\"gallery-icon landscape\"><a role=\"link\" href=\"https:\/\/www.corumba.ms.gov.br\/2021\/03\/prefeitura-de-corumba-entrega-sede-propria-da-escola-municipal-rural-polo-sebastiao-rolon\/foto-clvis-neto13\/\"><img loading=\"lazy\" decoding=\"async\" class=\"attachment-large size-large\" src=\"https:\/\/www.corumba.ms.gov.br\/wp-content\/uploads\/2021\/03\/Foto-Clvis-Neto13.jpg\" sizes=\"auto, (max-width: 1024px) 100vw, 1024px\" srcset=\"https:\/\/www.corumba.ms.gov.br\/wp-content\/uploads\/2021\/03\/Foto-Clvis-Neto13.jpg 1024w, https:\/\/www.corumba.ms.gov.br\/wp-content\/uploads\/2021\/03\/Foto-Clvis-Neto13-300x200.jpg 300w, https:\/\/www.corumba.ms.gov.br\/wp-content\/uploads\/2021\/03\/Foto-Clvis-Neto13-768x512.jpg 768w\" alt=\"\" width=\"1024\" height=\"683\" aria-describedby=\"gallery-1-110982\" \/><\/a><\/div><figcaption id=\"gallery-1-110982\" class=\"wp-caption-text gallery-caption\">Escola vai atender aproximadamente 50 crian\u00e7as (Foto: Cl\u00f3vis Neto\/PMC)<\/figcaption><\/figure>\n<figure class=\"gallery-item\">\n<div class=\"gallery-icon landscape\"><a role=\"link\" href=\"https:\/\/www.corumba.ms.gov.br\/2021\/03\/prefeitura-de-corumba-entrega-sede-propria-da-escola-municipal-rural-polo-sebastiao-rolon\/foto-clvis-neto12\/\"><img loading=\"lazy\" decoding=\"async\" class=\"attachment-large size-large\" src=\"https:\/\/www.corumba.ms.gov.br\/wp-content\/uploads\/2021\/03\/Foto-Clvis-Neto12.jpg\" sizes=\"auto, (max-width: 1024px) 100vw, 1024px\" srcset=\"https:\/\/www.corumba.ms.gov.br\/wp-content\/uploads\/2021\/03\/Foto-Clvis-Neto12.jpg 1024w, https:\/\/www.corumba.ms.gov.br\/wp-content\/uploads\/2021\/03\/Foto-Clvis-Neto12-300x200.jpg 300w, https:\/\/www.corumba.ms.gov.br\/wp-content\/uploads\/2021\/03\/Foto-Clvis-Neto12-768x512.jpg 768w\" alt=\"\" width=\"1024\" height=\"683\" aria-describedby=\"gallery-1-110981\" \/><\/a><\/div><figcaption id=\"gallery-1-110981\" class=\"wp-caption-text gallery-caption\">Escola vai atender aproximadamente 50 crian\u00e7as (Foto: Cl\u00f3vis Neto\/PMC)<\/figcaption><\/figure>\n<figure class=\"gallery-item\">\n<div class=\"gallery-icon landscape\"><a role=\"link\" href=\"https:\/\/www.corumba.ms.gov.br\/2021\/03\/prefeitura-de-corumba-entrega-sede-propria-da-escola-municipal-rural-polo-sebastiao-rolon\/img_8614-copiar\/\"><img loading=\"lazy\" decoding=\"async\" class=\"attachment-large size-large\" src=\"https:\/\/www.corumba.ms.gov.br\/wp-content\/uploads\/2021\/03\/IMG_8614-copiar.jpg\" sizes=\"auto, (max-width: 1024px) 100vw, 1024px\" srcset=\"https:\/\/www.corumba.ms.gov.br\/wp-content\/uploads\/2021\/03\/IMG_8614-copiar.jpg 1024w, https:\/\/www.corumba.ms.gov.br\/wp-content\/uploads\/2021\/03\/IMG_8614-copiar-300x200.jpg 300w, https:\/\/www.corumba.ms.gov.br\/wp-content\/uploads\/2021\/03\/IMG_8614-copiar-768x512.jpg 768w\" alt=\"\" width=\"1024\" height=\"683\" aria-describedby=\"gallery-1-110983\" \/><\/a><\/div><figcaption id=\"gallery-1-110983\" class=\"wp-caption-text gallery-caption\">Escola vai atender aproximadamente 50 crian\u00e7as (Foto: Cl\u00f3vis Neto\/PMC)<\/figcaption><\/figure>\n<figure class=\"gallery-item\">\n<div class=\"gallery-icon landscape\"><a role=\"link\" href=\"https:\/\/www.corumba.ms.gov.br\/2021\/03\/prefeitura-de-corumba-entrega-sede-propria-da-escola-municipal-rural-polo-sebastiao-rolon\/foto-clvis-neto10\/\"><img loading=\"lazy\" decoding=\"async\" class=\"attachment-large size-large\" src=\"https:\/\/www.corumba.ms.gov.br\/wp-content\/uploads\/2021\/03\/Foto-Clvis-Neto10.jpg\" sizes=\"auto, (max-width: 1024px) 100vw, 1024px\" srcset=\"https:\/\/www.corumba.ms.gov.br\/wp-content\/uploads\/2021\/03\/Foto-Clvis-Neto10.jpg 1024w, https:\/\/www.corumba.ms.gov.br\/wp-content\/uploads\/2021\/03\/Foto-Clvis-Neto10-300x200.jpg 300w, https:\/\/www.corumba.ms.gov.br\/wp-content\/uploads\/2021\/03\/Foto-Clvis-Neto10-768x512.jpg 768w\" alt=\"\" width=\"1024\" height=\"683\" aria-describedby=\"gallery-1-110980\" \/><\/a><\/div><figcaption id=\"gallery-1-110980\" class=\"wp-caption-text gallery-caption\">Escola vai atender aproximadamente 50 crian\u00e7as (Foto: Cl\u00f3vis Neto\/PMC)<\/figcaption><\/figure>\n<figure class=\"gallery-item\">\n<div class=\"gallery-icon landscape\"><a role=\"link\" href=\"https:\/\/www.corumba.ms.gov.br\/2021\/03\/prefeitura-de-corumba-entrega-sede-propria-da-escola-municipal-rural-polo-sebastiao-rolon\/foto-clvis-neto05\/\"><img loading=\"lazy\" decoding=\"async\" class=\"attachment-large size-large\" src=\"https:\/\/www.corumba.ms.gov.br\/wp-content\/uploads\/2021\/03\/Foto-Clvis-Neto05.jpg\" sizes=\"auto, (max-width: 1024px) 100vw, 1024px\" srcset=\"https:\/\/www.corumba.ms.gov.br\/wp-content\/uploads\/2021\/03\/Foto-Clvis-Neto05.jpg 1024w, https:\/\/www.corumba.ms.gov.br\/wp-content\/uploads\/2021\/03\/Foto-Clvis-Neto05-300x200.jpg 300w, https:\/\/www.corumba.ms.gov.br\/wp-content\/uploads\/2021\/03\/Foto-Clvis-Neto05-768x512.jpg 768w\" alt=\"\" width=\"1024\" height=\"683\" aria-describedby=\"gallery-1-110979\" \/><\/a><\/div><figcaption id=\"gallery-1-110979\" class=\"wp-caption-text gallery-caption\">Escola vai atender aproximadamente 50 crian\u00e7as (Foto: Cl\u00f3vis Neto\/PMC)<\/figcaption><\/figure>\n<figure class=\"gallery-item\">\n<div class=\"gallery-icon landscape\"><a role=\"link\" href=\"https:\/\/www.corumba.ms.gov.br\/2021\/03\/prefeitura-de-corumba-entrega-sede-propria-da-escola-municipal-rural-polo-sebastiao-rolon\/foto-clvis-neto-10\/\"><img loading=\"lazy\" decoding=\"async\" class=\"attachment-large size-large\" src=\"https:\/\/www.corumba.ms.gov.br\/wp-content\/uploads\/2021\/03\/Foto-Clvis-Neto-5.jpg\" sizes=\"auto, (max-width: 1024px) 100vw, 1024px\" srcset=\"https:\/\/www.corumba.ms.gov.br\/wp-content\/uploads\/2021\/03\/Foto-Clvis-Neto-5.jpg 1024w, https:\/\/www.corumba.ms.gov.br\/wp-content\/uploads\/2021\/03\/Foto-Clvis-Neto-5-300x200.jpg 300w, https:\/\/www.corumba.ms.gov.br\/wp-content\/uploads\/2021\/03\/Foto-Clvis-Neto-5-768x512.jpg 768w\" alt=\"\" width=\"1024\" height=\"683\" aria-describedby=\"gallery-1-110976\" \/><\/a><\/div><figcaption id=\"gallery-1-110976\" class=\"wp-caption-text gallery-caption\">Escola vai atender aproximadamente 50 crian\u00e7as (Foto: Cl\u00f3vis Neto\/PMC)<\/figcaption><\/figure>\n<figure class=\"gallery-item\">\n<div class=\"gallery-icon landscape\"><a role=\"link\" href=\"https:\/\/www.corumba.ms.gov.br\/2021\/03\/prefeitura-de-corumba-entrega-sede-propria-da-escola-municipal-rural-polo-sebastiao-rolon\/foto-clvis-neto01\/\"><img loading=\"lazy\" decoding=\"async\" class=\"attachment-large size-large\" src=\"https:\/\/www.corumba.ms.gov.br\/wp-content\/uploads\/2021\/03\/Foto-Clvis-Neto01.jpg\" sizes=\"auto, (max-width: 1024px) 100vw, 1024px\" srcset=\"https:\/\/www.corumba.ms.gov.br\/wp-content\/uploads\/2021\/03\/Foto-Clvis-Neto01.jpg 1024w, https:\/\/www.corumba.ms.gov.br\/wp-content\/uploads\/2021\/03\/Foto-Clvis-Neto01-300x200.jpg 300w, https:\/\/www.corumba.ms.gov.br\/wp-content\/uploads\/2021\/03\/Foto-Clvis-Neto01-768x512.jpg 768w\" alt=\"\" width=\"1024\" height=\"683\" aria-describedby=\"gallery-1-110977\" \/><\/a><\/div><figcaption id=\"gallery-1-110977\" class=\"wp-caption-text gallery-caption\">Escola vai atender aproximadamente 50 crian\u00e7as (Foto: Cl\u00f3vis Neto\/PMC)<\/figcaption><\/figure>\n<figure class=\"gallery-item\">\n<div class=\"gallery-icon landscape\"><a role=\"link\" href=\"https:\/\/www.corumba.ms.gov.br\/2021\/03\/prefeitura-de-corumba-entrega-sede-propria-da-escola-municipal-rural-polo-sebastiao-rolon\/foto-clvis-neto02-2\/\"><img loading=\"lazy\" decoding=\"async\" class=\"attachment-large size-large\" src=\"https:\/\/www.corumba.ms.gov.br\/wp-content\/uploads\/2021\/03\/Foto-Clvis-Neto02.jpg\" sizes=\"auto, (max-width: 1024px) 100vw, 1024px\" srcset=\"https:\/\/www.corumba.ms.gov.br\/wp-content\/uploads\/2021\/03\/Foto-Clvis-Neto02.jpg 1024w, https:\/\/www.corumba.ms.gov.br\/wp-content\/uploads\/2021\/03\/Foto-Clvis-Neto02-300x200.jpg 300w, https:\/\/www.corumba.ms.gov.br\/wp-content\/uploads\/2021\/03\/Foto-Clvis-Neto02-768x512.jpg 768w\" alt=\"\" width=\"1024\" height=\"683\" aria-describedby=\"gallery-1-110978\" \/><\/a><\/div><figcaption id=\"gallery-1-110978\" class=\"wp-caption-text gallery-caption\">Escola vai atender aproximadamente 50 crian\u00e7as (Foto: Cl\u00f3vis Neto\/PMC)<\/figcaption><\/figure>\n<\/div>\n","protected":false},"excerpt":{"rendered":"<p>A Prefeitura de Corumb\u00e1, por meio da Secretaria Municipal de Educa\u00e7\u00e3o, inaugurou na sexta-feira, 19&#8230;<\/p>\n","protected":false},"author":70,"featured_media":11713356,"comment_status":"closed","ping_status":"closed","sticky":false,"template":"","format":"standard","meta":{"footnotes":""},"categories":[10],"tags":[],"class_list":["post-11713355","post","type-post","status-publish","format-standard","has-post-thumbnail","hentry","category-educacao"],"_links":{"self":[{"href":"https:\/\/www.corumbaonline.com.br\/news\/wp-json\/wp\/v2\/posts\/11713355","targetHints":{"allow":["GET"]}}],"collection":[{"href":"https:\/\/www.corumbaonline.com.br\/news\/wp-json\/wp\/v2\/posts"}],"about":[{"href":"https:\/\/www.corumbaonline.com.br\/news\/wp-json\/wp\/v2\/types\/post"}],"author":[{"embeddable":true,"href":"https:\/\/www.corumbaonline.com.br\/news\/wp-json\/wp\/v2\/users\/70"}],"replies":[{"embeddable":true,"href":"https:\/\/www.corumbaonline.com.br\/news\/wp-json\/wp\/v2\/comments?post=11713355"}],"version-history":[{"count":1,"href":"https:\/\/www.corumbaonline.com.br\/news\/wp-json\/wp\/v2\/posts\/11713355\/revisions"}],"predecessor-version":[{"id":11713357,"href":"https:\/\/www.corumbaonline.com.br\/news\/wp-json\/wp\/v2\/posts\/11713355\/revisions\/11713357"}],"wp:featuredmedia":[{"embeddable":true,"href":"https:\/\/www.corumbaonline.com.br\/news\/wp-json\/wp\/v2\/media\/11713356"}],"wp:attachment":[{"href":"https:\/\/www.corumbaonline.com.br\/news\/wp-json\/wp\/v2\/media?parent=11713355"}],"wp:term":[{"taxonomy":"category","embeddable":true,"href":"https:\/\/www.corumbaonline.com.br\/news\/wp-json\/wp\/v2\/categories?post=11713355"},{"taxonomy":"post_tag","embeddable":true,"href":"https:\/\/www.corumbaonline.com.br\/news\/wp-json\/wp\/v2\/tags?post=11713355"}],"curies":[{"name":"wp","href":"https:\/\/api.w.org\/{rel}","templated":true}]}}