{"id":11713363,"date":"2021-03-23T08:56:00","date_gmt":"2021-03-23T12:56:00","guid":{"rendered":"http:\/\/www.corumbaonline.com.br\/news\/?p=11713363"},"modified":"2021-03-23T09:48:34","modified_gmt":"2021-03-23T13:48:34","slug":"ifms-cria-estacao-higienizadora-para-o-combate-a-covid-19","status":"publish","type":"post","link":"https:\/\/www.corumbaonline.com.br\/news\/ifms-cria-estacao-higienizadora-para-o-combate-a-covid-19\/","title":{"rendered":"IFMS cria esta\u00e7\u00e3o higienizadora para o combate \u00e0 Covid-19"},"content":{"rendered":"<p dir=\"ltr\">Em tempos de pandemia, todos os esfor\u00e7os necess\u00e1rios para o combate \u00e0 dissemina\u00e7\u00e3o da doen\u00e7a devem ser empregados pela sociedade. Aumentar os cuidados com a higiene pessoal, uso de m\u00e1scaras protetoras, ado\u00e7\u00e3o de medidas de distanciamento social s\u00e3o as principais medidas, ao alcance de todas as pessoas.<\/p>\n<p dir=\"ltr\">Para o Instituto Federal de Mato Grosso do Sul (IFMS), as a\u00e7\u00f5es v\u00e3o al\u00e9m do b\u00e1sico, com o emprego da pesquisa e da extens\u00e3o no combate ao novo coronav\u00edrus.<\/p>\n<p dir=\"ltr\">No m\u00eas de fevereiro, a institui\u00e7\u00e3o concluiu e entregou \u00e0 sociedade o projeto de cria\u00e7\u00e3o de\u00a0uma esta\u00e7\u00e3o higienizadora de m\u00e3os totalmente automatizada, com sensores de presen\u00e7a para acionamento de luz e de \u00e1udio, instru\u00e7\u00f5es para a correta higieniza\u00e7\u00e3o das m\u00e3os e sem a necessidade de contato com as partes f\u00edsicas da pia\/lavat\u00f3rio.<\/p>\n<p dir=\"ltr\">O\u00a0<a title=\"projeto recebeu fomento\" href=\"http:\/\/www.ifms.edu.br:9000\/lists\/lt.php?tid=KxkBU1deWwUHB0sFAFhTTlBVB1ROWwtaVBsNBwUKAAFUBFALBA0fB1RSUVVRWVBOBwYFAE4NAFsAG1pXVgJPUFoBBgMDCVEEVVcFH1ICAwYCUlcDTghaXAYbDFZQBk8JVlZUH1AKVgBWAgNWVAIABw\" target=\"_blank\" rel=\"noopener noreferrer\">projeto recebeu fomento<\/a>\u00a0do Conselho Nacional das Institui\u00e7\u00f5es da Rede Federal de Educa\u00e7\u00e3o Profissional, Cient\u00edfica e Tecnol\u00f3gica (Conif), que no ano passado publicou edital de apoio \u00e0 a\u00e7\u00f5es de enfrentamento \u00e0 Covid-19. Por meio do\u00a0<a title=\"Edital Conif n\u00b001\/2020\" href=\"http:\/\/www.ifms.edu.br:9000\/lists\/lt.php?tid=KxlWAlUJB1YFUktUU1NTTlAABVFOAAAIVRsKAwEGU1VXAAFQAAwfB1RSUVVRWVBOBwYFAE4NAFsAG1pXVgJPUFoBBgMDCVEEVVcFH1ICAwYCUlcDTghaXAYbDFZQBk8JVlZUH1AKVgBWAgNWVAIABw\" target=\"_blank\" rel=\"noopener noreferrer\">Edital Conif n\u00b001\/2020<\/a>, o IFMS recebeu R$ 27.780,00 para execu\u00e7\u00e3o das atividades previstas.<\/p>\n<p dir=\"ltr\">O edital do Conif selecionou outras 47 propostas de projetos de pesquisa e\/ou extens\u00e3o inovadores desenvolvidos pelas institui\u00e7\u00f5es que comp\u00f5em a Rede Federal. Os recursos de mais de R$ 6 milh\u00f5es s\u00e3o disponibilizados via Secretaria de Educa\u00e7\u00e3o Profissional e Tecnol\u00f3gica (Setec) do Minist\u00e9rio da Educa\u00e7\u00e3o (MEC).<\/p>\n<p dir=\"ltr\">Esta\u00e7\u00e3o higienizadora\u00a0&#8211; O coordenador do projeto no IFMS foi o professor Marco Cortez, do Campus Campo Grande, que explicou como foi o processo de desenvolvimento da esta\u00e7\u00e3o, batizada de EHMA (Esta\u00e7\u00e3o Higienizadora de M\u00e3os Automatizada).<\/p>\n<p dir=\"ltr\">\u201cA esta\u00e7\u00e3o permite a higieniza\u00e7\u00e3o das m\u00e3os com \u00e1gua e sab\u00e3o l\u00edquido e secagem sem o usu\u00e1rio entrar em contato f\u00edsico com as partes f\u00edsicas do equipamento, bem como das torneiras, com sensores de presen\u00e7a, al\u00e9m de emitir orienta\u00e7\u00f5es em \u00e1udio e no painel, sobre como\u00a0 proceder a higieniza\u00e7\u00e3o correta das m\u00e3os\u201d, explica o coordenador.<\/p>\n<p dir=\"ltr\">A automatiza\u00e7\u00e3o do processo de higieniza\u00e7\u00e3o das m\u00e3os deve, ainda, auxiliar pessoas com dificuldades de leitura, como cegos, pessoas com baixa vis\u00e3o, idosos e analfabetos, pois o sistema de \u00e1udio da esta\u00e7\u00e3o indica um passo a passo para que o usu\u00e1rio siga a higieniza\u00e7\u00e3o das m\u00e3os da forma mais correta.<\/p>\n<p dir=\"ltr\">O professor explica ainda que o projeto considerou aspectos de mobilidade da esta\u00e7\u00e3o e facilidades para instala\u00e7\u00e3o. O primeiro local a receber a esta\u00e7\u00e3o foi o pr\u00f3prio Campus Campo Grande, onde j\u00e1 est\u00e1 em pleno funcionamento. Agora, o projeto deve buscar parceiros para instala\u00e7\u00e3o em outros pontos da cidade.<\/p>\n<p dir=\"ltr\">A EHMA possui\u00a0mobilidade, com potencial de instala\u00e7\u00e3o em ambientes diversos, tais como escolas, hospitais, esta\u00e7\u00f5es rodovi\u00e1rias, feiras livres, eventos e locais p\u00fablicos e privados com alto fluxo de pessoas.<\/p>\n<p dir=\"ltr\">\u201cA esta\u00e7\u00e3o \u00e9 montada em uma base m\u00f3vel para facilitar o deslocamento, com engates flex\u00edveis para entrada e sa\u00edda de \u00e1gua, al\u00e9m de possuir um nobreak que mant\u00e9m o sistema eletr\u00f4nico de fluxo de \u00e1gua e sab\u00e3o em funcionamento, durante certo tempo, em caso de quedas tempor\u00e1rias de energia\u201d, detalha o professor.<\/p>\n<p dir=\"ltr\">Al\u00e9m do coordenador, participaram da equipe do projeto os professores Celio Pinheiro, Mauro Conti, Marco Naka e Marilyn de Matos, al\u00e9m dos t\u00e9cnicos-administrativos Arthur Pereira e Marcos Bassan.<\/p>\n<p dir=\"ltr\">Membro da equipe do projeto e tamb\u00e9m diretora de Pesquisa, Extens\u00e3o e Rela\u00e7\u00f5es Institucionais do Campus Campo Grande, a professora Marilyn Matos destaca que, agora, os envolvidos no projeto buscam novas parcerias.<\/p>\n<p dir=\"ltr\">\u201cBuscamos agora parcerias para produ\u00e7\u00e3o em larga escala e instala\u00e7\u00e3o da EHMA em terminais de transbordo, eventos, escolas, unidades de sa\u00fade e outros que tenham grande fluxo de pessoas, considerando o aspecto social deste projeto diante da pandemia que vivenciamos\u201d, ressalta.<\/p>\n<p dir=\"ltr\">Mais informa\u00e7\u00f5es sobre o projeto podem ser obtidas pelo e-mail\u00a0<a title=\"propi@ifms.edu.br\" href=\"mailto:propi@ifms.edu.br\" rel=\"noreferrer\">propi@ifms.edu.br<\/a>.<\/p>\n<p dir=\"ltr\">IFMS contra o Coronav\u00edrus\u00a0&#8211;\u00a0As a\u00e7\u00f5es desenvolvidas pelo IFMS em combate ao novo coronav\u00edrus, informa\u00e7\u00f5es sobre formas de preven\u00e7\u00e3o, os documentos institucionais referentes \u00e0 situa\u00e7\u00e3o, al\u00e9m de podcasts e todas as not\u00edcias publicadas no site institucional que tenham rela\u00e7\u00e3o com a tem\u00e1tica est\u00e3o reunidos na\u00a0<a title=\"p\u00e1gina IFMS contra o coronav\u00edrus\" href=\"http:\/\/www.ifms.edu.br:9000\/lists\/lt.php?tid=KxkAC1BdAQdQVUtVUQIDTlAHV1BOWwsABxteXwoLBghTAAdWAVsfB1RSUVVRWVBOBwYFAE4NAFsAG1pXVgJPUFoBBgMDCVEEVVcFH1ICAwYCUlcDTghaXAYbDFZQBk8JVlZUH1AKVgBWAgNWVAIABw\" target=\"_blank\" rel=\"noopener noreferrer\">p\u00e1gina IFMS contra o coronav\u00edrus<\/a>.<\/p>\n<p dir=\"ltr\">O pr\u00f3-reitor de Pesquisa, Inova\u00e7\u00e3o e P\u00f3s-Gradua\u00e7\u00e3o (Propi), Felipe Fernandes, explica que a institui\u00e7\u00e3o desenvolveu a\u00e7\u00f5es diversas de combate \u00e0 pandemia.<\/p>\n<p dir=\"ltr\">\u201cA institui\u00e7\u00e3o, por meio da Propi e Proex [Pr\u00f3-reitoria de Extens\u00e3o], de forma articulada, desenvolveu a\u00e7\u00f5es no combate \u00e0 pandemia e apoio a p\u00fablicos espec\u00edficos, como agentes de sa\u00fade e de seguran\u00e7a p\u00fablica, comunidades ind\u00edgenas, com a produ\u00e7\u00e3o de EPIs como\u00a0face shields\u00a0em impressoras 3D nos laborat\u00f3rios IF Maker, produ\u00e7\u00e3o de \u00e1lcool gel, e tudo isso foi repassado \u00e0 comunidade de forma gratuita&#8221;, ressalta.<\/p>\n<p dir=\"ltr\">As atividades de ensino e administrativas presenciais no IFMS\u00a0<a title=\"seguem suspensas at\u00e9 15 de julho\" href=\"http:\/\/www.ifms.edu.br:9000\/lists\/lt.php?tid=KxkMAFxbUgFXAksADwdTTlBWVgFOAQleBBtcBwJQBwcBBFQLVQAfB1RSUVVRWVBOBwYFAE4NAFsAG1pXVgJPUFoBBgMDCVEEVVcFH1ICAwYCUlcDTghaXAYbDFZQBk8JVlZUH1AKVgBWAgNWVAIABw\" target=\"_blank\" rel=\"noopener noreferrer\">seguem suspensas at\u00e9 15 de julho<\/a>, conforme \u00faltima decis\u00e3o da reitoria baseada nas recomenda\u00e7\u00f5es da Comiss\u00e3o de Organiza\u00e7\u00e3o de Campanhas de Conscientiza\u00e7\u00e3o dos Riscos e Medidas de Preven\u00e7\u00e3o contra o Coronav\u00edrus.<\/p>\n<p dir=\"ltr\">Com o in\u00edcio do primeiro semestre letivo, as aulas seguem sendo disponibilizadas em ambientes virtuais de ensino e os servidores trabalhando em regime de\u00a0home office.<\/p>\n","protected":false},"excerpt":{"rendered":"<p>Em tempos de pandemia, todos os esfor\u00e7os necess\u00e1rios para o combate \u00e0 dissemina\u00e7\u00e3o da doen\u00e7a&#8230;<\/p>\n","protected":false},"author":9,"featured_media":0,"comment_status":"closed","ping_status":"closed","sticky":false,"template":"","format":"standard","meta":{"footnotes":""},"categories":[10],"tags":[],"class_list":["post-11713363","post","type-post","status-publish","format-standard","hentry","category-educacao"],"_links":{"self":[{"href":"https:\/\/www.corumbaonline.com.br\/news\/wp-json\/wp\/v2\/posts\/11713363","targetHints":{"allow":["GET"]}}],"collection":[{"href":"https:\/\/www.corumbaonline.com.br\/news\/wp-json\/wp\/v2\/posts"}],"about":[{"href":"https:\/\/www.corumbaonline.com.br\/news\/wp-json\/wp\/v2\/types\/post"}],"author":[{"embeddable":true,"href":"https:\/\/www.corumbaonline.com.br\/news\/wp-json\/wp\/v2\/users\/9"}],"replies":[{"embeddable":true,"href":"https:\/\/www.corumbaonline.com.br\/news\/wp-json\/wp\/v2\/comments?post=11713363"}],"version-history":[{"count":1,"href":"https:\/\/www.corumbaonline.com.br\/news\/wp-json\/wp\/v2\/posts\/11713363\/revisions"}],"predecessor-version":[{"id":11713364,"href":"https:\/\/www.corumbaonline.com.br\/news\/wp-json\/wp\/v2\/posts\/11713363\/revisions\/11713364"}],"wp:attachment":[{"href":"https:\/\/www.corumbaonline.com.br\/news\/wp-json\/wp\/v2\/media?parent=11713363"}],"wp:term":[{"taxonomy":"category","embeddable":true,"href":"https:\/\/www.corumbaonline.com.br\/news\/wp-json\/wp\/v2\/categories?post=11713363"},{"taxonomy":"post_tag","embeddable":true,"href":"https:\/\/www.corumbaonline.com.br\/news\/wp-json\/wp\/v2\/tags?post=11713363"}],"curies":[{"name":"wp","href":"https:\/\/api.w.org\/{rel}","templated":true}]}}