{"id":11713370,"date":"2021-03-23T09:34:00","date_gmt":"2021-03-23T13:34:00","guid":{"rendered":"http:\/\/www.corumbaonline.com.br\/news\/?p=11713370"},"modified":"2021-03-23T09:59:28","modified_gmt":"2021-03-23T13:59:28","slug":"convocados-em-cursos-de-graduacao-do-ifms-devem-fazer-a-matricula-ate-dia-29","status":"publish","type":"post","link":"https:\/\/www.corumbaonline.com.br\/news\/convocados-em-cursos-de-graduacao-do-ifms-devem-fazer-a-matricula-ate-dia-29\/","title":{"rendered":"Convocados em cursos de gradua\u00e7\u00e3o do IFMS devem fazer a matr\u00edcula at\u00e9 dia 29"},"content":{"rendered":"<p>Os\u00a0<a title=\"aprovados dentro do n\u00famero de vagas na sele\u00e7\u00e3o para portador de diploma, reingresso e transfer\u00eancias externa e interna\" href=\"http:\/\/www.ifms.edu.br:9000\/lists\/lt.php?tid=KxkHV10BVVRUB0sFD1dXTlABC1BOWwwLAhsKUVMDBFQCVlBXAAAfVgZVAAUOAgZOB1UFB04NCA5SG1pSBVVPCVZWB1ZRDlRWAANVH1ICAwYCUlcDTghaXAYbDFZQBk8JVlZUH1AKVgBWAgNWVAIABw\" target=\"_blank\" rel=\"noopener noreferrer\">aprovados dentro do n\u00famero de vagas na sele\u00e7\u00e3o para portador de diploma, reingresso e transfer\u00eancias externa e interna<\/a>\u00a0em cursos de gradua\u00e7\u00e3o do Instituto Federal de Mato Grosso do Sul (IFMS) devem fazer a solicita\u00e7\u00e3o de matr\u00edcula at\u00e9 a pr\u00f3xima segunda-feira, 29.<\/p>\n<p>J\u00e1 os candidatos que est\u00e3o em lista de espera devem manifestar o interesse na vaga dentro do mesmo prazo.\u00a0<a title=\"Os procedimentos para a solicita\u00e7\u00e3o de matr\u00edcula e manifesta\u00e7\u00e3o de interesse na vaga\" href=\"http:\/\/www.ifms.edu.br:9000\/lists\/lt.php?tid=KxkNVAZbB1ZTU0tSVQVUTlAECgdOWwpeUBtdV1AKBAUHXAMHUgAfVgZVAAUOAgZOB1UFB04NCA5SG1pSBVVPCVZWB1ZRDlRWAANVH1ICAwYCUlcDTghaXAYbDFZQBk8JVlZUH1AKVgBWAgNWVAIABw\" target=\"_blank\" rel=\"noopener noreferrer\">Os procedimentos para a solicita\u00e7\u00e3o de matr\u00edcula e manifesta\u00e7\u00e3o de interesse na vaga<\/a>\u00a0s\u00e3o id\u00eanticos e devem ser feitos\u00a0<a title=\"exclusivamente online\" href=\"http:\/\/www.ifms.edu.br:9000\/lists\/lt.php?tid=KxkHVAMAWgEBUksGVgJUTlADAQdOAF0NBxsOVFMKUANbBgwDB10fVgZVAAUOAgZOB1UFB04NCA5SG1pSBVVPCVZWB1ZRDlRWAANVH1ICAwYCUlcDTghaXAYbDFZQBk8JVlZUH1AKVgBWAgNWVAIABw\" target=\"_blank\" rel=\"noopener noreferrer\">exclusivamente online<\/a>.<\/p>\n<p>Caso seja o primeiro acesso no sistema, o selecionado dever\u00e1 clicar em \u201cAinda n\u00e3o tem Login? Clique aqui para ativar o seu acesso\u201d. Ser\u00e1 ent\u00e3o solicitado o n\u00famero do CPF, a data de nascimento e o e-mail utilizado no cadastro na Central de Sele\u00e7\u00e3o.<\/p>\n<p>Depois de preencher o\u00a0<a title=\"Question\u00e1rio Socioecon\u00f4mico\" href=\"http:\/\/www.ifms.edu.br:9000\/lists\/lt.php?tid=KxlUCgcMVVZSA0tSVFlUTlAAV1VOAAsJAxsJAAQHAAdVUgVTUFkfVgZVAAUOAgZOB1UFB04NCA5SG1pSBVVPCVZWB1ZRDlRWAANVH1ICAwYCUlcDTghaXAYbDFZQBk8JVlZUH1AKVgBWAgNWVAIABw\" target=\"_blank\" rel=\"noopener noreferrer\">Question\u00e1rio Socioecon\u00f4mico<\/a>, o candidato selecionado dever\u00e1 atualizar ou corrigir, se preciso, seus dados pessoais e, em seguida, anexar os seguintes documentos digitalizados:<\/p>\n<ul>\n<li><a title=\"requerimento de matr\u00edcula\" href=\"http:\/\/www.ifms.edu.br:9000\/lists\/lt.php?tid=KxkFAF0AAgRRVEtbD1lVTlBUCgBOW14BBBsNUAQABAJWV1cFVwwfVgZVAAUOAgZOB1UFB04NCA5SG1pSBVVPCVZWB1ZRDlRWAANVH1ICAwYCUlcDTghaXAYbDFZQBk8JVlZUH1AKVgBWAgNWVAIABw\" target=\"_blank\" rel=\"noopener noreferrer\">Requerimento de Matr\u00edcula<\/a>\u00a0digitalizado preenchido e assinado pelo candidato;<\/li>\n<li>Documento oficial de identifica\u00e7\u00e3o com foto;<\/li>\n<li>Documento digitalizado que comprove estar em dia com o Servi\u00e7o Militar, para os brasileiros entre 19 e 45 anos de idade completos ou a serem completados at\u00e9 31 de dezembro;<\/li>\n<li>1 (uma) foto 3&#215;4 recente digitalizada;<\/li>\n<li>Diploma digitalizado de Curso Superior reconhecido pelo MEC, para candidatos portadores de diploma;<\/li>\n<li>Comprovante de matr\u00edcula recente digitalizado de curso superior autorizado ou reconhecido pelo MEC, aos que est\u00e3o cursando curso superior (transfer\u00eancia externa);<\/li>\n<li>Hist\u00f3rico Acad\u00eamico\/Escolar digitalizado, com carga hor\u00e1ria, notas ou men\u00e7\u00f5es das unidades curriculares;<\/li>\n<li>Candidatos com idade inferior a 18 anos devem enviar o Termo de Ci\u00eancia para Solicita\u00e7\u00e3o de Matr\u00edcula on-line com assinatura do respons\u00e1vel.<\/li>\n<\/ul>\n<p>Sele\u00e7\u00e3o\u00a0\u2013 Foram disponibilizadas 447 vagas em 17 op\u00e7\u00f5es de cursos em Aquidauana, Campo Grande, Corumb\u00e1, Coxim, Dourados, Jardim, Navira\u00ed, Nova Andradina, Ponta Por\u00e3 e Tr\u00eas Lagoas.<\/p>\n<p>A sele\u00e7\u00e3o foi feita por uma comiss\u00e3o de cada campus. Nas modalidades portador\u00a0de\u00a0diploma\u00a0e transfer\u00eancias interna e externa, foi verificado se as unidades curriculares cursadas na institui\u00e7\u00e3o\u00a0de\u00a0origem atendem ao conte\u00fado program\u00e1tico das unidades curriculares do curso em que o candidato\u00a0deseja ingressar no IFMS. Para reingresso ser\u00e1 avaliado o Coeficiente\u00a0de\u00a0Rendimento (CR).<\/p>\n","protected":false},"excerpt":{"rendered":"<p>Os\u00a0aprovados dentro do n\u00famero de vagas na sele\u00e7\u00e3o para portador de diploma, reingresso e transfer\u00eancias&#8230;<\/p>\n","protected":false},"author":9,"featured_media":0,"comment_status":"closed","ping_status":"closed","sticky":false,"template":"","format":"standard","meta":{"footnotes":""},"categories":[10],"tags":[],"class_list":["post-11713370","post","type-post","status-publish","format-standard","hentry","category-educacao"],"_links":{"self":[{"href":"https:\/\/www.corumbaonline.com.br\/news\/wp-json\/wp\/v2\/posts\/11713370","targetHints":{"allow":["GET"]}}],"collection":[{"href":"https:\/\/www.corumbaonline.com.br\/news\/wp-json\/wp\/v2\/posts"}],"about":[{"href":"https:\/\/www.corumbaonline.com.br\/news\/wp-json\/wp\/v2\/types\/post"}],"author":[{"embeddable":true,"href":"https:\/\/www.corumbaonline.com.br\/news\/wp-json\/wp\/v2\/users\/9"}],"replies":[{"embeddable":true,"href":"https:\/\/www.corumbaonline.com.br\/news\/wp-json\/wp\/v2\/comments?post=11713370"}],"version-history":[{"count":1,"href":"https:\/\/www.corumbaonline.com.br\/news\/wp-json\/wp\/v2\/posts\/11713370\/revisions"}],"predecessor-version":[{"id":11713372,"href":"https:\/\/www.corumbaonline.com.br\/news\/wp-json\/wp\/v2\/posts\/11713370\/revisions\/11713372"}],"wp:attachment":[{"href":"https:\/\/www.corumbaonline.com.br\/news\/wp-json\/wp\/v2\/media?parent=11713370"}],"wp:term":[{"taxonomy":"category","embeddable":true,"href":"https:\/\/www.corumbaonline.com.br\/news\/wp-json\/wp\/v2\/categories?post=11713370"},{"taxonomy":"post_tag","embeddable":true,"href":"https:\/\/www.corumbaonline.com.br\/news\/wp-json\/wp\/v2\/tags?post=11713370"}],"curies":[{"name":"wp","href":"https:\/\/api.w.org\/{rel}","templated":true}]}}