{"id":11713375,"date":"2021-03-23T10:02:00","date_gmt":"2021-03-23T14:02:00","guid":{"rendered":"http:\/\/www.corumbaonline.com.br\/news\/?p=11713375"},"modified":"2021-03-23T10:44:23","modified_gmt":"2021-03-23T14:44:23","slug":"avenida-joaquim-venceslau-de-barros-se-tornara-mao-unica-no-sentido-leste-oeste","status":"publish","type":"post","link":"https:\/\/www.corumbaonline.com.br\/news\/avenida-joaquim-venceslau-de-barros-se-tornara-mao-unica-no-sentido-leste-oeste\/","title":{"rendered":"Avenida Joaquim Venceslau de Barros se tornar\u00e1 m\u00e3o \u00fanica no sentido Leste-Oeste"},"content":{"rendered":"<p>A Prefeitura Municipal, por meio da Ag\u00eancia Municipal de Tr\u00e2nsito e Transporte (Agetrat) est\u00e1 mudando o sentido do tr\u00e1fego de algumas ruas de Corumb\u00e1, para dar continuidade ao projeto do Parque Linear do Ip\u00eas, que faz parte do programa Fonplata (Fundo Financeiro para o Desenvolvimento da Bacia do Prata).<\/p>\n<p>\u201cA avenida Joaquim Venceslau de Barros j\u00e1 est\u00e1 toda sinalizada com placas, por isso durante esta semana os nossos agentes estar\u00e3o fazendo um trabalho de panfletagem e conscientiza\u00e7\u00e3o dos motoristas que passarem por aquela regi\u00e3o\u201d, explicou o diretor-presidente da Agetrat, L\u00facio Andr\u00e9 Messias de Barros, lembrando que naquele trecho falta apenas a pintura com a sinaliza\u00e7\u00e3o no pavimento das vias.<\/p>\n<p>Todo esse trabalho est\u00e1 sendo divido em fases. Esta primeira etapa trabalha na avenida Joaquim Venceslau de Barros que vira m\u00e3o \u00fanica no sentido leste \u2013 oeste, ou seja, Brasil \u2013 Bol\u00edvia. Assim como a Gon\u00e7alves Dias a partir da rua Cyr\u00edaco de Toledo at\u00e9 a 15 de Novembro, passa a ser m\u00e3o \u00fanica no sentido contr\u00e1rio.<\/p>\n<p>\u201cA m\u00e3o \u00fanica come\u00e7a na rua atr\u00e1s do Poliesportivo da Porto Carreiro, a rua Tiradentes, e vai at\u00e9 a Edu Rocha. Se pararmos para pensar essa mudan\u00e7a j\u00e1 come\u00e7ou l\u00e1 atr\u00e1s, na rua General Dutra com a Albuquerque que tamb\u00e9m segue o mesmo fluxo e isso facilitar\u00e1 para aquelas pessoas que precisem atravessar a cidade\u201d, disse o assessor-executivo da Agetrat, Jeferson Braga.<\/p>\n<p>Num segundo momento as ruas 15 de Novembro e a Pedro de Medeiros passar\u00e3o a ser m\u00e3o \u00fanica tamb\u00e9m, mas essas mudan\u00e7as ser\u00e3o explicadas de forma individual quando elas receberem a nova sinaliza\u00e7\u00e3o.<\/p>\n<div id=\"gallery-1\" class=\"gallery galleryid-110987 gallery-columns-3 gallery-size-large\">\n<figure class=\"gallery-item\">\n<div class=\"gallery-icon landscape\"><a role=\"link\" href=\"https:\/\/www.corumba.ms.gov.br\/2021\/03\/avenida-joaquim-venceslau-de-barros-se-tornara-mao-unica-no-sentido-leste-oeste\/whatsapp-image-2021-03-22-at-12-35-24-2\/\"><img loading=\"lazy\" decoding=\"async\" class=\"attachment-large size-large\" src=\"https:\/\/www.corumba.ms.gov.br\/wp-content\/uploads\/2021\/03\/WhatsApp-Image-2021-03-22-at-12.35.24-2.jpeg\" sizes=\"auto, (max-width: 1024px) 100vw, 1024px\" srcset=\"https:\/\/www.corumba.ms.gov.br\/wp-content\/uploads\/2021\/03\/WhatsApp-Image-2021-03-22-at-12.35.24-2.jpeg 1024w, https:\/\/www.corumba.ms.gov.br\/wp-content\/uploads\/2021\/03\/WhatsApp-Image-2021-03-22-at-12.35.24-2-300x200.jpeg 300w, https:\/\/www.corumba.ms.gov.br\/wp-content\/uploads\/2021\/03\/WhatsApp-Image-2021-03-22-at-12.35.24-2-768x512.jpeg 768w\" alt=\"\" width=\"1024\" height=\"683\" aria-describedby=\"gallery-1-110991\" \/><\/a><\/div><figcaption id=\"gallery-1-110991\" class=\"wp-caption-text gallery-caption\">Equipes da Agetrat orientam condutores sobre altera\u00e7\u00f5es no tr\u00e1fego (Foto: Gisele Ribeiro\/PMC)<\/figcaption><\/figure>\n<figure class=\"gallery-item\">\n<div class=\"gallery-icon landscape\"><a role=\"link\" href=\"https:\/\/www.corumba.ms.gov.br\/2021\/03\/avenida-joaquim-venceslau-de-barros-se-tornara-mao-unica-no-sentido-leste-oeste\/whatsapp-image-2021-03-22-at-12-35-30-1\/\"><img loading=\"lazy\" decoding=\"async\" class=\"attachment-large size-large\" src=\"https:\/\/www.corumba.ms.gov.br\/wp-content\/uploads\/2021\/03\/WhatsApp-Image-2021-03-22-at-12.35.30-1.jpeg\" sizes=\"auto, (max-width: 1024px) 100vw, 1024px\" srcset=\"https:\/\/www.corumba.ms.gov.br\/wp-content\/uploads\/2021\/03\/WhatsApp-Image-2021-03-22-at-12.35.30-1.jpeg 1024w, https:\/\/www.corumba.ms.gov.br\/wp-content\/uploads\/2021\/03\/WhatsApp-Image-2021-03-22-at-12.35.30-1-300x200.jpeg 300w, https:\/\/www.corumba.ms.gov.br\/wp-content\/uploads\/2021\/03\/WhatsApp-Image-2021-03-22-at-12.35.30-1-768x512.jpeg 768w\" alt=\"\" width=\"1024\" height=\"683\" aria-describedby=\"gallery-1-110994\" \/><\/a><\/div><figcaption id=\"gallery-1-110994\" class=\"wp-caption-text gallery-caption\">Equipes da Agetrat orientam condutores sobre altera\u00e7\u00f5es no tr\u00e1fego (Foto: Gisele Ribeiro\/PMC)<\/figcaption><\/figure>\n<figure class=\"gallery-item\">\n<div class=\"gallery-icon landscape\"><a role=\"link\" href=\"https:\/\/www.corumba.ms.gov.br\/2021\/03\/avenida-joaquim-venceslau-de-barros-se-tornara-mao-unica-no-sentido-leste-oeste\/whatsapp-image-2021-03-22-at-12-35-21\/\"><img loading=\"lazy\" decoding=\"async\" class=\"attachment-large size-large\" src=\"https:\/\/www.corumba.ms.gov.br\/wp-content\/uploads\/2021\/03\/WhatsApp-Image-2021-03-22-at-12.35.21.jpeg\" sizes=\"auto, (max-width: 1024px) 100vw, 1024px\" srcset=\"https:\/\/www.corumba.ms.gov.br\/wp-content\/uploads\/2021\/03\/WhatsApp-Image-2021-03-22-at-12.35.21.jpeg 1024w, https:\/\/www.corumba.ms.gov.br\/wp-content\/uploads\/2021\/03\/WhatsApp-Image-2021-03-22-at-12.35.21-300x200.jpeg 300w, https:\/\/www.corumba.ms.gov.br\/wp-content\/uploads\/2021\/03\/WhatsApp-Image-2021-03-22-at-12.35.21-768x512.jpeg 768w\" alt=\"\" width=\"1024\" height=\"683\" aria-describedby=\"gallery-1-110988\" \/><\/a><\/div><figcaption id=\"gallery-1-110988\" class=\"wp-caption-text gallery-caption\">Equipes da Agetrat orientam condutores sobre altera\u00e7\u00f5es no tr\u00e1fego (Foto: Gisele Ribeiro\/PMC)<\/figcaption><\/figure>\n<figure class=\"gallery-item\">\n<div class=\"gallery-icon landscape\"><a role=\"link\" href=\"https:\/\/www.corumba.ms.gov.br\/2021\/03\/avenida-joaquim-venceslau-de-barros-se-tornara-mao-unica-no-sentido-leste-oeste\/whatsapp-image-2021-03-22-at-12-35-29\/\"><img loading=\"lazy\" decoding=\"async\" class=\"attachment-large size-large\" src=\"https:\/\/www.corumba.ms.gov.br\/wp-content\/uploads\/2021\/03\/WhatsApp-Image-2021-03-22-at-12.35.29.jpeg\" sizes=\"auto, (max-width: 1024px) 100vw, 1024px\" srcset=\"https:\/\/www.corumba.ms.gov.br\/wp-content\/uploads\/2021\/03\/WhatsApp-Image-2021-03-22-at-12.35.29.jpeg 1024w, https:\/\/www.corumba.ms.gov.br\/wp-content\/uploads\/2021\/03\/WhatsApp-Image-2021-03-22-at-12.35.29-300x200.jpeg 300w, https:\/\/www.corumba.ms.gov.br\/wp-content\/uploads\/2021\/03\/WhatsApp-Image-2021-03-22-at-12.35.29-768x512.jpeg 768w\" alt=\"\" width=\"1024\" height=\"683\" aria-describedby=\"gallery-1-110997\" \/><\/a><\/div><figcaption id=\"gallery-1-110997\" class=\"wp-caption-text gallery-caption\">Equipes da Agetrat orientam condutores sobre altera\u00e7\u00f5es no tr\u00e1fego (Foto: Gisele Ribeiro\/PMC)<\/figcaption><\/figure>\n<figure class=\"gallery-item\">\n<div class=\"gallery-icon landscape\"><a role=\"link\" href=\"https:\/\/www.corumba.ms.gov.br\/2021\/03\/avenida-joaquim-venceslau-de-barros-se-tornara-mao-unica-no-sentido-leste-oeste\/whatsapp-image-2021-03-22-at-12-35-30\/\"><img loading=\"lazy\" decoding=\"async\" class=\"attachment-large size-large\" src=\"https:\/\/www.corumba.ms.gov.br\/wp-content\/uploads\/2021\/03\/WhatsApp-Image-2021-03-22-at-12.35.30.jpeg\" sizes=\"auto, (max-width: 1024px) 100vw, 1024px\" srcset=\"https:\/\/www.corumba.ms.gov.br\/wp-content\/uploads\/2021\/03\/WhatsApp-Image-2021-03-22-at-12.35.30.jpeg 1024w, https:\/\/www.corumba.ms.gov.br\/wp-content\/uploads\/2021\/03\/WhatsApp-Image-2021-03-22-at-12.35.30-300x200.jpeg 300w, https:\/\/www.corumba.ms.gov.br\/wp-content\/uploads\/2021\/03\/WhatsApp-Image-2021-03-22-at-12.35.30-768x512.jpeg 768w\" alt=\"\" width=\"1024\" height=\"683\" aria-describedby=\"gallery-1-110995\" \/><\/a><\/div><figcaption id=\"gallery-1-110995\" class=\"wp-caption-text gallery-caption\">Equipes da Agetrat orientam condutores sobre altera\u00e7\u00f5es no tr\u00e1fego (Foto: Gisele Ribeiro\/PMC)<\/figcaption><\/figure>\n<figure class=\"gallery-item\">\n<div class=\"gallery-icon landscape\"><a role=\"link\" href=\"https:\/\/www.corumba.ms.gov.br\/2021\/03\/avenida-joaquim-venceslau-de-barros-se-tornara-mao-unica-no-sentido-leste-oeste\/whatsapp-image-2021-03-22-at-12-35-22\/\"><img loading=\"lazy\" decoding=\"async\" class=\"attachment-large size-large\" src=\"https:\/\/www.corumba.ms.gov.br\/wp-content\/uploads\/2021\/03\/WhatsApp-Image-2021-03-22-at-12.35.22.jpeg\" sizes=\"auto, (max-width: 1024px) 100vw, 1024px\" srcset=\"https:\/\/www.corumba.ms.gov.br\/wp-content\/uploads\/2021\/03\/WhatsApp-Image-2021-03-22-at-12.35.22.jpeg 1024w, https:\/\/www.corumba.ms.gov.br\/wp-content\/uploads\/2021\/03\/WhatsApp-Image-2021-03-22-at-12.35.22-300x200.jpeg 300w, https:\/\/www.corumba.ms.gov.br\/wp-content\/uploads\/2021\/03\/WhatsApp-Image-2021-03-22-at-12.35.22-768x512.jpeg 768w\" alt=\"\" width=\"1024\" height=\"683\" aria-describedby=\"gallery-1-110989\" \/><\/a><\/div><figcaption id=\"gallery-1-110989\" class=\"wp-caption-text gallery-caption\">Equipes da Agetrat orientam condutores sobre altera\u00e7\u00f5es no tr\u00e1fego (Foto: Gisele Ribeiro\/PMC)<\/figcaption><\/figure>\n<figure class=\"gallery-item\">\n<div class=\"gallery-icon landscape\"><a role=\"link\" href=\"https:\/\/www.corumba.ms.gov.br\/2021\/03\/avenida-joaquim-venceslau-de-barros-se-tornara-mao-unica-no-sentido-leste-oeste\/whatsapp-image-2021-03-22-at-12-35-24-1\/\"><img loading=\"lazy\" decoding=\"async\" class=\"attachment-large size-large\" src=\"https:\/\/www.corumba.ms.gov.br\/wp-content\/uploads\/2021\/03\/WhatsApp-Image-2021-03-22-at-12.35.24-1.jpeg\" sizes=\"auto, (max-width: 1024px) 100vw, 1024px\" srcset=\"https:\/\/www.corumba.ms.gov.br\/wp-content\/uploads\/2021\/03\/WhatsApp-Image-2021-03-22-at-12.35.24-1.jpeg 1024w, https:\/\/www.corumba.ms.gov.br\/wp-content\/uploads\/2021\/03\/WhatsApp-Image-2021-03-22-at-12.35.24-1-300x200.jpeg 300w, https:\/\/www.corumba.ms.gov.br\/wp-content\/uploads\/2021\/03\/WhatsApp-Image-2021-03-22-at-12.35.24-1-768x512.jpeg 768w\" alt=\"\" width=\"1024\" height=\"683\" aria-describedby=\"gallery-1-110990\" \/><\/a><\/div><figcaption id=\"gallery-1-110990\" class=\"wp-caption-text gallery-caption\">Equipes da Agetrat orientam condutores sobre altera\u00e7\u00f5es no tr\u00e1fego (Foto: Gisele Ribeiro\/PMC)<\/figcaption><\/figure>\n<figure class=\"gallery-item\">\n<div class=\"gallery-icon landscape\"><a role=\"link\" href=\"https:\/\/www.corumba.ms.gov.br\/2021\/03\/avenida-joaquim-venceslau-de-barros-se-tornara-mao-unica-no-sentido-leste-oeste\/whatsapp-image-2021-03-22-at-12-35-32\/\"><img loading=\"lazy\" decoding=\"async\" class=\"attachment-large size-large\" src=\"https:\/\/www.corumba.ms.gov.br\/wp-content\/uploads\/2021\/03\/WhatsApp-Image-2021-03-22-at-12.35.32.jpeg\" sizes=\"auto, (max-width: 1024px) 100vw, 1024px\" srcset=\"https:\/\/www.corumba.ms.gov.br\/wp-content\/uploads\/2021\/03\/WhatsApp-Image-2021-03-22-at-12.35.32.jpeg 1024w, https:\/\/www.corumba.ms.gov.br\/wp-content\/uploads\/2021\/03\/WhatsApp-Image-2021-03-22-at-12.35.32-300x200.jpeg 300w, https:\/\/www.corumba.ms.gov.br\/wp-content\/uploads\/2021\/03\/WhatsApp-Image-2021-03-22-at-12.35.32-768x512.jpeg 768w\" alt=\"\" width=\"1024\" height=\"683\" \/><\/a><\/div>\n<\/figure>\n<figure class=\"gallery-item\">\n<div class=\"gallery-icon landscape\"><a role=\"link\" href=\"https:\/\/www.corumba.ms.gov.br\/2021\/03\/avenida-joaquim-venceslau-de-barros-se-tornara-mao-unica-no-sentido-leste-oeste\/whatsapp-image-2021-03-22-at-12-35-26-1\/\"><img loading=\"lazy\" decoding=\"async\" class=\"attachment-large size-large\" src=\"https:\/\/www.corumba.ms.gov.br\/wp-content\/uploads\/2021\/03\/WhatsApp-Image-2021-03-22-at-12.35.26-1.jpeg\" sizes=\"auto, (max-width: 1024px) 100vw, 1024px\" srcset=\"https:\/\/www.corumba.ms.gov.br\/wp-content\/uploads\/2021\/03\/WhatsApp-Image-2021-03-22-at-12.35.26-1.jpeg 1024w, https:\/\/www.corumba.ms.gov.br\/wp-content\/uploads\/2021\/03\/WhatsApp-Image-2021-03-22-at-12.35.26-1-300x200.jpeg 300w, https:\/\/www.corumba.ms.gov.br\/wp-content\/uploads\/2021\/03\/WhatsApp-Image-2021-03-22-at-12.35.26-1-768x512.jpeg 768w\" alt=\"\" width=\"1024\" height=\"683\" aria-describedby=\"gallery-1-110993\" \/><\/a><\/div><figcaption id=\"gallery-1-110993\" class=\"wp-caption-text gallery-caption\">Equipes da Agetrat orientam condutores sobre altera\u00e7\u00f5es no tr\u00e1fego (Foto: Gisele Ribeiro\/PMC)<\/figcaption><\/figure>\n<\/div>\n","protected":false},"excerpt":{"rendered":"<p>A Prefeitura Municipal, por meio da Ag\u00eancia Municipal de Tr\u00e2nsito e Transporte (Agetrat) est\u00e1 mudando&#8230;<\/p>\n","protected":false},"author":70,"featured_media":11713376,"comment_status":"closed","ping_status":"closed","sticky":false,"template":"","format":"standard","meta":{"footnotes":""},"categories":[14],"tags":[],"class_list":["post-11713375","post","type-post","status-publish","format-standard","has-post-thumbnail","hentry","category-geral"],"_links":{"self":[{"href":"https:\/\/www.corumbaonline.com.br\/news\/wp-json\/wp\/v2\/posts\/11713375","targetHints":{"allow":["GET"]}}],"collection":[{"href":"https:\/\/www.corumbaonline.com.br\/news\/wp-json\/wp\/v2\/posts"}],"about":[{"href":"https:\/\/www.corumbaonline.com.br\/news\/wp-json\/wp\/v2\/types\/post"}],"author":[{"embeddable":true,"href":"https:\/\/www.corumbaonline.com.br\/news\/wp-json\/wp\/v2\/users\/70"}],"replies":[{"embeddable":true,"href":"https:\/\/www.corumbaonline.com.br\/news\/wp-json\/wp\/v2\/comments?post=11713375"}],"version-history":[{"count":1,"href":"https:\/\/www.corumbaonline.com.br\/news\/wp-json\/wp\/v2\/posts\/11713375\/revisions"}],"predecessor-version":[{"id":11713377,"href":"https:\/\/www.corumbaonline.com.br\/news\/wp-json\/wp\/v2\/posts\/11713375\/revisions\/11713377"}],"wp:featuredmedia":[{"embeddable":true,"href":"https:\/\/www.corumbaonline.com.br\/news\/wp-json\/wp\/v2\/media\/11713376"}],"wp:attachment":[{"href":"https:\/\/www.corumbaonline.com.br\/news\/wp-json\/wp\/v2\/media?parent=11713375"}],"wp:term":[{"taxonomy":"category","embeddable":true,"href":"https:\/\/www.corumbaonline.com.br\/news\/wp-json\/wp\/v2\/categories?post=11713375"},{"taxonomy":"post_tag","embeddable":true,"href":"https:\/\/www.corumbaonline.com.br\/news\/wp-json\/wp\/v2\/tags?post=11713375"}],"curies":[{"name":"wp","href":"https:\/\/api.w.org\/{rel}","templated":true}]}}