{"id":11713391,"date":"2021-03-23T11:25:00","date_gmt":"2021-03-23T15:25:00","guid":{"rendered":"http:\/\/www.corumbaonline.com.br\/news\/?p=11713391"},"modified":"2021-03-23T11:49:56","modified_gmt":"2021-03-23T15:49:56","slug":"gilmar-mendes-pauta-para-hoje-acao-sobre-suspeicao-de-sergio-moro","status":"publish","type":"post","link":"https:\/\/www.corumbaonline.com.br\/news\/gilmar-mendes-pauta-para-hoje-acao-sobre-suspeicao-de-sergio-moro\/","title":{"rendered":"Gilmar Mendes pauta para hoje a\u00e7\u00e3o sobre suspei\u00e7\u00e3o de Sergio Moro"},"content":{"rendered":"<p>O ministro Gilmar Mendes, do Supremo Tribunal Federal (STF), incluiu na pauta da tarde de hoje (23) da Segunda Turma o julgamento da suspei\u00e7\u00e3o do ex-juiz Sergio Moro na condu\u00e7\u00e3o dos processos que envolvem o ex-presidente Luiz In\u00e1cio Lula da Silva na Opera\u00e7\u00e3o Lava Jato.<img decoding=\"async\" src=\"https:\/\/agenciabrasil.ebc.com.br\/ebc.png?id=1404761&amp;o=node\" \/><img decoding=\"async\" src=\"https:\/\/agenciabrasil.ebc.com.br\/ebc.gif?id=1404761&amp;o=node\" \/><\/p>\n<p>Como presidente da Segunda Turma, cabe a Mendes divulgar a pauta de julgamentos. \u00c9 a segunda vez que ele inclui a suspei\u00e7\u00e3o de Moro na agenda poucas horas antes da sess\u00e3o do colegiado, que est\u00e1 marcada para come\u00e7ar \u00e0s 14h.<\/p>\n<p><a href=\"https:\/\/agenciabrasil.ebc.com.br\/justica\/noticia\/2021-03\/stf-adia-decisao-sobre-anulacao-de-condenacoes-de-lula-na-lava-jato\" target=\"_blank\" rel=\"noopener\">Em 9 de mar\u00e7o, os ministros Gilmar Mendes e Ricardo Lewandowski votaram por considerar Moro suspeito<\/a>\u00a0na condena\u00e7\u00e3o de Lula no caso do triplex do Guaruj\u00e1. Com os votos, o placar ficou empatado em 2 a 2, j\u00e1 que os ministros Edson Fachin e C\u00e1rmen L\u00facia haviam votado, h\u00e1 mais de dois anos, contra a suspei\u00e7\u00e3o.<\/p>\n<p>O julgamento foi interrompido por um pedido de vista (mais tempo de an\u00e1lise) do quinto e \u00faltimo integrante da Turma, o ministro Nunes Marques. Ele devolveu o processo e deve votar a a\u00e7\u00e3o nesta ter\u00e7a-feira. A ministra C\u00e1rmen L\u00facia tamb\u00e9m j\u00e1 indicou que deve fazer nova manifesta\u00e7\u00e3o, na qual pode alterar seu voto.<\/p>\n<h2>Julgamento<\/h2>\n<p>O julgamento sobre a suspei\u00e7\u00e3o de Sergio Moro teve in\u00edcio em 2018, quando foi interrompido por uma vista de Gilmar Mendes. O processo ficou parado por dois anos, e foi reinserido na pauta<a href=\"https:\/\/agenciabrasil.ebc.com.br\/justica\/noticia\/2021-03\/fachin-anula-condenacoes-de-lula-na-lava-jato\" target=\"_blank\" rel=\"noopener\">\u00a0um dia depois de Fachin ter anulado todos as condena\u00e7\u00f5es de Lula na Lava Jato<\/a>, por entender que Moro n\u00e3o era o juiz competente para ter julgado os casos envolvendo o ex-presidente.<\/p>\n<p>Fachin tamb\u00e9m determinou o arquivamento da suspei\u00e7\u00e3o de Moro, por considerar que houve \u201cperda de objeto\u201d no caso, uma vez que n\u00e3o mais existiam as condena\u00e7\u00f5es que motivaram o processo. A Segunda Turma, por\u00e9m,\u00a0<a href=\"https:\/\/agenciabrasil.ebc.com.br\/justica\/noticia\/2021-03\/segunda-turma-mantem-julgamento-da-suspeicao-de-moro\" target=\"_blank\" rel=\"noopener\">votou por dar continuidade ao julgamento da suspei\u00e7\u00e3o<\/a>, uma vez que a an\u00e1lise j\u00e1 havia se iniciado no colegiado.<\/p>\n<p>Uma eventual declara\u00e7\u00e3o da suspei\u00e7\u00e3o de Moro pode ter efeitos mais amplos do que a decis\u00e3o de Fachin sobre as condena\u00e7\u00f5es de Lula, invalidando dilig\u00eancias e interrogat\u00f3rios, por exemplo, algo que havia sido preservado pelo ministro.<\/p>\n<p>O julgamento da suspei\u00e7\u00e3o de Moro volta \u00e0 pauta tamb\u00e9m antes de o plen\u00e1rio julgar um\u00a0<a href=\"https:\/\/agenciabrasil.ebc.com.br\/justica\/noticia\/2021-03\/pgr-recorre-de-decisao-de-fachin-que-anulou-condenacoes-de-lula\" target=\"_blank\" rel=\"noopener\">recurso da Procuradoria-Geral da Rep\u00fablica (PGR) contra a decis\u00e3o de Fachin<\/a>\u00a0que anulou as condena\u00e7\u00f5es de Lula.<\/p>\n","protected":false},"excerpt":{"rendered":"<p>O ministro Gilmar Mendes, do Supremo Tribunal Federal (STF), incluiu na pauta da tarde de&#8230;<\/p>\n","protected":false},"author":4,"featured_media":0,"comment_status":"closed","ping_status":"closed","sticky":false,"template":"","format":"standard","meta":{"footnotes":""},"categories":[14],"tags":[],"class_list":["post-11713391","post","type-post","status-publish","format-standard","hentry","category-geral"],"_links":{"self":[{"href":"https:\/\/www.corumbaonline.com.br\/news\/wp-json\/wp\/v2\/posts\/11713391","targetHints":{"allow":["GET"]}}],"collection":[{"href":"https:\/\/www.corumbaonline.com.br\/news\/wp-json\/wp\/v2\/posts"}],"about":[{"href":"https:\/\/www.corumbaonline.com.br\/news\/wp-json\/wp\/v2\/types\/post"}],"author":[{"embeddable":true,"href":"https:\/\/www.corumbaonline.com.br\/news\/wp-json\/wp\/v2\/users\/4"}],"replies":[{"embeddable":true,"href":"https:\/\/www.corumbaonline.com.br\/news\/wp-json\/wp\/v2\/comments?post=11713391"}],"version-history":[{"count":1,"href":"https:\/\/www.corumbaonline.com.br\/news\/wp-json\/wp\/v2\/posts\/11713391\/revisions"}],"predecessor-version":[{"id":11713392,"href":"https:\/\/www.corumbaonline.com.br\/news\/wp-json\/wp\/v2\/posts\/11713391\/revisions\/11713392"}],"wp:attachment":[{"href":"https:\/\/www.corumbaonline.com.br\/news\/wp-json\/wp\/v2\/media?parent=11713391"}],"wp:term":[{"taxonomy":"category","embeddable":true,"href":"https:\/\/www.corumbaonline.com.br\/news\/wp-json\/wp\/v2\/categories?post=11713391"},{"taxonomy":"post_tag","embeddable":true,"href":"https:\/\/www.corumbaonline.com.br\/news\/wp-json\/wp\/v2\/tags?post=11713391"}],"curies":[{"name":"wp","href":"https:\/\/api.w.org\/{rel}","templated":true}]}}