{"id":11713489,"date":"2021-03-25T13:00:00","date_gmt":"2021-03-25T17:00:00","guid":{"rendered":"http:\/\/www.corumbaonline.com.br\/news\/?p=11713489"},"modified":"2021-03-25T14:41:03","modified_gmt":"2021-03-25T18:41:03","slug":"ms-quebra-mais-um-recorde-na-pandemia-60-mortos-em-24h","status":"publish","type":"post","link":"https:\/\/www.corumbaonline.com.br\/news\/ms-quebra-mais-um-recorde-na-pandemia-60-mortos-em-24h\/","title":{"rendered":"MS quebra mais um recorde na pandemia: 60 mortos em 24h"},"content":{"rendered":"<p>A pandemia de covid-19 vem se agravando em Mato Grosso do Sul. Nesta quinta-feira (25), o estado bateu mais um recorde negativo: 60 \u00f3bitos registados no boletim epidemiol\u00f3gico da doen\u00e7as (confira).<\/p>\n<p>O agravamento da situa\u00e7\u00e3o fez com que o Governo do Estado editasse um novo decreto com medidas restritivas (veja aqui). A tentativa \u00e9 desafogar os sistemas de sa\u00fade e diminuir a taxa de cont\u00e1gio do v\u00edrus.<\/p>\n<p>Com 1.256 novos casos confirmados da doen\u00e7a entre ontem e hoje, MS tamb\u00e9m contabiliza recorde nas interna\u00e7\u00f5es: 1.118 pessoas ocupam leitos cl\u00ednicos e de UTI nos hospitais p\u00fablicos e privados. E n\u00e3o h\u00e1 vagas para mais interna\u00e7\u00f5es. Por isso, 180 pacientes est\u00e3o na fila de espera.<\/p>\n<p>Em live nas redes sociais, os secret\u00e1rios S\u00e9rgio Murilo (Governo e Gest\u00e3o Estrat\u00e9gica), Geraldo Resende (Sa\u00fade) e Crhistinne Maymone (adjunta da Sa\u00fade) deram um panorama da pandemia no Estado e explicaram os porqu\u00eas de o Governo ter adotado medidas mais restritivas.<\/p>\n<p>\u201cEssa doen\u00e7a deixou todo mundo de joelhos. Estamos tentando nos levantar e minimizar todos preju\u00edzos, tanto na perda de vidas quanto na parte econ\u00f4mica\u201d, falou S\u00e9rgio Murilo.<\/p>\n<p>\u201cEstamos no limite da exaust\u00e3o. Esse dilema de fechar ou abrir com\u00e9rcio \u00e9 secund\u00e1rio. O que precisamos \u00e9 n\u00e3o fechar caix\u00f5es e abrir t\u00famulos em Mato Grosso do Sul\u201d, defendeu Geraldo Resende.<\/p>\n<p><a href=\"http:\/\/www.ms.gov.br\/wp-content\/uploads\/sites\/150\/2021\/03\/1-3.jpg\"><img loading=\"lazy\" decoding=\"async\" class=\"wp-image-346702 size-full alignleft\" src=\"http:\/\/www.ms.gov.br\/wp-content\/uploads\/sites\/150\/2021\/03\/1-3.jpg\" sizes=\"auto, (max-width: 567px) 100vw, 567px\" srcset=\"http:\/\/www.ms.gov.br\/wp-content\/uploads\/sites\/150\/2021\/03\/1-3.jpg 567w, http:\/\/www.ms.gov.br\/wp-content\/uploads\/sites\/150\/2021\/03\/1-3-300x232.jpg 300w, http:\/\/www.ms.gov.br\/wp-content\/uploads\/sites\/150\/2021\/03\/1-3-310x240.jpg 310w\" alt=\"\" width=\"567\" height=\"439\" \/><\/a>\u201cEstamos colapsados. Tivemos que ir para as \u00faltimas medidas que efetivamente podem nos ajudar a salvar vidas. Essas medidas s\u00e3o a vacina\u00e7\u00e3o e o isolamento social. O mundo inteiro fala isso. S\u00f3 n\u00e3o v\u00ea e n\u00e3o escuta quem n\u00e3o quer salvar vidas\u201d, completou Crhistinne Maymone sobre o novo decreto.<\/p>\n<p>Veja aqui a live onde os secret\u00e1rios tiram d\u00favidas sobre o decreto estadual que imp\u00f5e medidas mais restritivas em Mato Grosso do Sul: https:\/\/www.facebook.com\/GovernodeMatoGrossodoSul\/videos\/477183636798419\/<\/p>\n<p>Acesse\u00a0<strong><a href=\"http:\/\/www.ms.gov.br\/wp-content\/uploads\/sites\/150\/2021\/03\/Boletim-Epidemiol%C3%B3gico-COVID-19-2021.03.25-1.pdf\">aqui<\/a><\/strong>\u00a0o Boletim SES<\/p>\n","protected":false},"excerpt":{"rendered":"<p>A pandemia de covid-19 vem se agravando em Mato Grosso do Sul. Nesta quinta-feira (25),&#8230;<\/p>\n","protected":false},"author":13,"featured_media":11713497,"comment_status":"closed","ping_status":"closed","sticky":false,"template":"","format":"standard","meta":{"footnotes":""},"categories":[116,8,21],"tags":[],"class_list":["post-11713489","post","type-post","status-publish","format-standard","has-post-thumbnail","hentry","category-coronavirus","category-destaque","category-saude"],"_links":{"self":[{"href":"https:\/\/www.corumbaonline.com.br\/news\/wp-json\/wp\/v2\/posts\/11713489","targetHints":{"allow":["GET"]}}],"collection":[{"href":"https:\/\/www.corumbaonline.com.br\/news\/wp-json\/wp\/v2\/posts"}],"about":[{"href":"https:\/\/www.corumbaonline.com.br\/news\/wp-json\/wp\/v2\/types\/post"}],"author":[{"embeddable":true,"href":"https:\/\/www.corumbaonline.com.br\/news\/wp-json\/wp\/v2\/users\/13"}],"replies":[{"embeddable":true,"href":"https:\/\/www.corumbaonline.com.br\/news\/wp-json\/wp\/v2\/comments?post=11713489"}],"version-history":[{"count":1,"href":"https:\/\/www.corumbaonline.com.br\/news\/wp-json\/wp\/v2\/posts\/11713489\/revisions"}],"predecessor-version":[{"id":11713498,"href":"https:\/\/www.corumbaonline.com.br\/news\/wp-json\/wp\/v2\/posts\/11713489\/revisions\/11713498"}],"wp:featuredmedia":[{"embeddable":true,"href":"https:\/\/www.corumbaonline.com.br\/news\/wp-json\/wp\/v2\/media\/11713497"}],"wp:attachment":[{"href":"https:\/\/www.corumbaonline.com.br\/news\/wp-json\/wp\/v2\/media?parent=11713489"}],"wp:term":[{"taxonomy":"category","embeddable":true,"href":"https:\/\/www.corumbaonline.com.br\/news\/wp-json\/wp\/v2\/categories?post=11713489"},{"taxonomy":"post_tag","embeddable":true,"href":"https:\/\/www.corumbaonline.com.br\/news\/wp-json\/wp\/v2\/tags?post=11713489"}],"curies":[{"name":"wp","href":"https:\/\/api.w.org\/{rel}","templated":true}]}}