{"id":11713516,"date":"2021-03-26T08:13:00","date_gmt":"2021-03-26T12:13:00","guid":{"rendered":"http:\/\/www.corumbaonline.com.br\/news\/?p=11713516"},"modified":"2021-03-26T07:59:18","modified_gmt":"2021-03-26T11:59:18","slug":"suspensao-das-atividades-presenciais-no-ifms-trouxe-desafios-para-pesquisas","status":"publish","type":"post","link":"https:\/\/www.corumbaonline.com.br\/news\/suspensao-das-atividades-presenciais-no-ifms-trouxe-desafios-para-pesquisas\/","title":{"rendered":"Suspens\u00e3o das atividades presenciais no IFMS trouxe desafios para pesquisas"},"content":{"rendered":"<p>A suspens\u00e3o das atividades presenciais no Instituto Federal de Mato Grosso do Sul (IFMS) h\u00e1 mais de um ano, em virtude da pandemia do novo coronav\u00edrus, trouxe mudan\u00e7as na rotina de projetos e iniciativas destinadas a fomentar a pesquisa, inova\u00e7\u00e3o e p\u00f3s-gradua\u00e7\u00e3o na institui\u00e7\u00e3o.<\/p>\n<p>E com elas, desafios para o planejamento e coordena\u00e7\u00e3o das pol\u00edticas e diretrizes de pesquisa, inova\u00e7\u00e3o tecnol\u00f3gica e p\u00f3s-gradua\u00e7\u00e3o, bem como a\u00e7\u00f5es de interc\u00e2mbio com institui\u00e7\u00f5es e empresas, integradas ao ensino e \u00e0 extens\u00e3o, vinculadas ao Instituto Federal.<\/p>\n<p>Entre as sa\u00eddas encontradas estiveram a utiliza\u00e7\u00e3o da estrutura da institui\u00e7\u00e3o para o combate \u00e0 Covid-19, prorroga\u00e7\u00e3o de prazos em processos seletivos, realiza\u00e7\u00e3o de eventos virtuais em substitui\u00e7\u00e3o ao presenciais, abertura de novos editais de incentivo \u00e0 pesquisa e a amplia\u00e7\u00e3o no n\u00famero de bolsas, entras outras.<\/p>\n<p>A necessidade fez com as experi\u00eancias desenvolvidas ao longo do \u00faltimo ano apontassem caminhos que poder\u00e3o ser utilizados no futuro, quando a situa\u00e7\u00e3o for normalizada. A\u00a0<a title=\"Semana de Ci\u00eancia e Tecnologia (SCT) 2020\" href=\"http:\/\/www.ifms.edu.br:9000\/lists\/lt.php?tid=KxkBB1YMBQlXUUtaBVFcTlBdAFJOWFkLUhtdUVYCVwRQBwBUXF0fBQdVAlpTVAROXVYKUk4NAAkOG1lRVFBPUFAAAQZTAFMCAlYAH1ICAwYCUlcDTghaXAYbDFZQBk8JVlZUH1AKVgBWAgNWVAIABw\" target=\"_blank\" rel=\"noopener noreferrer\">Semana de Ci\u00eancia e Tecnologia (SCT) 2020<\/a>\u00a0e as\u00a0<a title=\"feiras cient\u00edficas promovidas pelos dez campi\" href=\"http:\/\/www.ifms.edu.br:9000\/lists\/lt.php?tid=KxkDUVELVVYBU0taVFMETlBUAAFOW1wMBhsMBVcGW1ICVAYLAF4fBQdVAlpTVAROXVYKUk4NAAkOG1lRVFBPUFAAAQZTAFMCAlYAH1ICAwYCUlcDTghaXAYbDFZQBk8JVlZUH1AKVgBWAgNWVAIABw\" target=\"_blank\" rel=\"noopener noreferrer\">feiras cient\u00edficas promovidas pelos dez campi<\/a>\u00a0ocorreram integralmente de maneira virtual pela primeira vez. A transmiss\u00e3o das atividades, feita pela internet, teve 400 mil acessos.<\/p>\n<p>\u201cO formato trouxe diversos desafios. Mas a experi\u00eancia, que fez com que o evento fosse realizado de maneira integrada entre todas as unidades, permitiu o estreitamento do contato entre os campi e a participa\u00e7\u00e3o de profissionais de refer\u00eancia, que provavelmente n\u00e3o conseguiriam participar no formato tradicional. Trata-se de um elemento extra que poderemos incorporar nas nossas a\u00e7\u00f5es quando retornarmos \u00e0s atividades presenciais\u201d, explica o pr\u00f3-reitor de Pesquisa, Inova\u00e7\u00e3o e P\u00f3s-Gradua\u00e7\u00e3o, Felipe de Oliveira.<\/p>\n<p>Confira algumas iniciativas e as mudan\u00e7as realizadas devido \u00e0 necessidade de distanciamento social e enfrentamento \u00e0 doen\u00e7a:<\/p>\n<p><strong>Empreendedorismo e inova\u00e7\u00e3o<\/strong>\u00a0\u2013 O IFMaker, laborat\u00f3rios de suporte \u00e0 inova\u00e7\u00e3o e ao aprendizado nos campi, teve suspensas atividades utilizando os espa\u00e7os, como Trabalhos de Conclus\u00e3o de Curso (TCC), pesquisas, prototipa\u00e7\u00e3o e produ\u00e7\u00e3o.\u00a0Por outro lado, os laborat\u00f3rios passaram a ser usado na\u00a0<a title=\"produ\u00e7\u00e3o de equipamentos de prote\u00e7\u00e3o individual (EPI) para doa\u00e7\u00e3o aos trabalhadores da linha de frente\" href=\"http:\/\/www.ifms.edu.br:9000\/lists\/lt.php?tid=KxlUAAcIVAVTAktbAVdVTlBRAVNOAQ8LABsMUgUKVAYGVgIEUVsfBQdVAlpTVAROXVYKUk4NAAkOG1lRVFBPUFAAAQZTAFMCAlYAH1ICAwYCUlcDTghaXAYbDFZQBk8JVlZUH1AKVgBWAgNWVAIABw\" target=\"_blank\" rel=\"noopener noreferrer\">produ\u00e7\u00e3o de equipamentos de prote\u00e7\u00e3o individual (EPI) para doa\u00e7\u00e3o aos trabalhadores da linha de frente<\/a>, no combate ao novo coronav\u00edrus em todo o estado.<\/p>\n<p>Foram doados mais de 9 mil equipamentos a profissionais da sa\u00fade,\u00a0<a title=\"popula\u00e7\u00e3o ind\u00edgena\" href=\"http:\/\/www.ifms.edu.br:9000\/lists\/lt.php?tid=KxkFVFQPVAhSBEtTUgRVTlBdU1NOAAEKVxteXgFXAwBbVQ1WUA0fBQdVAlpTVAROXVYKUk4NAAkOG1lRVFBPUFAAAQZTAFMCAlYAH1ICAwYCUlcDTghaXAYbDFZQBk8JVlZUH1AKVgBWAgNWVAIABw\" target=\"_blank\" rel=\"noopener noreferrer\">popula\u00e7\u00e3o ind\u00edgena<\/a>\u00a0e demais trabalhadores que atuam contra a dissemina\u00e7\u00e3o da doen\u00e7a, em coopera\u00e7\u00e3o com apoiadores e parceiros que financiaram insumos e ajudaram no transporte dos itens no MS.<\/p>\n<p>Outras mudan\u00e7as que tiveram impacto direto nas atividades de empreendedorismo e inova\u00e7\u00e3o foram a prorroga\u00e7\u00e3o do\u00a0<a title=\"edital para apoio das Olimp\u00edadas Cient\u00edficas Nacionais\" href=\"http:\/\/www.ifms.edu.br:9000\/lists\/lt.php?tid=KxkCBlRbUgRUBEsAB1NWTlAAAAROWA4OVBsKBAEABANUBFAHVAgfBQdVAlpTVAROXVYKUk4NAAkOG1lRVFBPUFAAAQZTAFMCAlYAH1ICAwYCUlcDTghaXAYbDFZQBk8JVlZUH1AKVgBWAgNWVAIABw\" target=\"_blank\" rel=\"noopener noreferrer\">edital para apoio das Olimp\u00edadas Cient\u00edficas Nacionais<\/a>\u00a0que contemplou todos os campi \u2013 devido \u00e0 suspens\u00e3o de algumas competi\u00e7\u00f5es planejadas e interrup\u00e7\u00e3o das a\u00e7\u00f5es previstas \u2013 e a realiza\u00e7\u00e3o do\u00a0<a title=\"Hackathon\" href=\"http:\/\/www.ifms.edu.br:9000\/lists\/lt.php?tid=KxlRBQMIVQRUVEtUAFBQTlAAVFpOWwEKBxtaVQJSWlQFUgMBAAEfBQdVAlpTVAROXVYKUk4NAAkOG1lRVFBPUFAAAQZTAFMCAlYAH1ICAwYCUlcDTghaXAYbDFZQBk8JVlZUH1AKVgBWAgNWVAIABw\" target=\"_blank\" rel=\"noopener noreferrer\">Hackathon<\/a>\u00a0\u2013 maratona de trabalho em equipe voltada \u00e0 intelig\u00eancia artificial, com 18 projetos de sete campi \u2013 de maneira online.<\/p>\n<p><strong>Pesquisa<\/strong>\u00a0&#8211; Assim como a SCT e as feiras, as pesquisas de inicia\u00e7\u00e3o cient\u00edfica foram mantidas, mesmo com a suspens\u00e3o das atividades presenciais. Como resultado,\u00a0<a title=\"o IFMS teve 15 trabalhos selecionados para a Feira Brasileira de Ci\u00eancias e Engenharia (Febrace) 2021\" href=\"http:\/\/www.ifms.edu.br:9000\/lists\/lt.php?tid=KxkFUQMMVwRXUUtSUgdSTlBXUVBOAAkOARtdBQQHUgNbXAYAXVkfBQdVAlpTVAROXVYKUk4NAAkOG1lRVFBPUFAAAQZTAFMCAlYAH1ICAwYCUlcDTghaXAYbDFZQBk8JVlZUH1AKVgBWAgNWVAIABw\" target=\"_blank\" rel=\"noopener noreferrer\">o IFMS teve 15 trabalhos selecionados para a Feira Brasileira de Ci\u00eancias e Engenharia (Febrace) 2021<\/a>, em formato virtual, e segue como a maior delega\u00e7\u00e3o do Centro-Oeste no evento.<\/p>\n<figure style=\"width: 800px\" class=\"wp-caption alignnone\"><img loading=\"lazy\" decoding=\"async\" title=\"Campo Grande\" src=\"https:\/\/www.ifms.edu.br\/imagens\/imagens-noticias\/1-ano-de-suspensao-pesquisa\/campo-grande-1.jpg\" alt=\"Campo Grande\" width=\"800\" height=\"480\" \/><figcaption class=\"wp-caption-text\">Espa\u00e7o IFMaker foi utilizado na produ\u00e7\u00e3o de equipamentos de prote\u00e7\u00e3o, como protetores faciais (Foto: Arquivo)<\/figcaption><\/figure>\n<p>O per\u00edodo tamb\u00e9m marcou a publica\u00e7\u00e3o de editais ofertados pela primeira vez em \u00e2mbito institucional.\u00a0<a title=\"No de apoio a projetos vinculados a grupos de pesquisa certificados pela institui\u00e7\u00e3o\" href=\"http:\/\/www.ifms.edu.br:9000\/lists\/lt.php?tid=KxlTUwQPWgcFVUtXA1VUTlABU1pOAFoNABtaA1MKAVVaAQcHAQofBQdVAlpTVAROXVYKUk4NAAkOG1lRVFBPUFAAAQZTAFMCAlYAH1ICAwYCUlcDTghaXAYbDFZQBk8JVlZUH1AKVgBWAgNWVAIABw\" target=\"_blank\" rel=\"noopener noreferrer\">No de apoio a projetos vinculados a grupos de pesquisa certificados pela institui\u00e7\u00e3o<\/a>, o fomento total foi de R$ 82 mil, distribu\u00eddos entre as propostas selecionadas.<\/p>\n<p>Outra novidade foi o\u00a0<a title=\"edital Meninas e Mulheres na Ci\u00eancia\" href=\"http:\/\/www.ifms.edu.br:9000\/lists\/lt.php?tid=KxlRA1wPAFYFWUsCBgUHTlBXA1ROAA0BARsOBwUKVVdTVwJWAwwfBQdVAlpTVAROXVYKUk4NAAkOG1lRVFBPUFAAAQZTAFMCAlYAH1ICAwYCUlcDTghaXAYbDFZQBk8JVlZUH1AKVgBWAgNWVAIABw\" target=\"_blank\" rel=\"noopener noreferrer\">edital Meninas e Mulheres na Ci\u00eancia<\/a>, voltado a fomentar a participa\u00e7\u00e3o de alunas de cursos t\u00e9cnicos e da gradua\u00e7\u00e3o em programas de inicia\u00e7\u00e3o cient\u00edfica.\u00a0<a title=\"Lan\u00e7ado no evento virtual\" href=\"http:\/\/www.ifms.edu.br:9000\/lists\/lt.php?tid=KxkCVlMLVQcAVUsCAAIDTlAEVFtOAQwMBhsAAwBVV1QAVQEAAAsfBQdVAlpTVAROXVYKUk4NAAkOG1lRVFBPUFAAAQZTAFMCAlYAH1ICAwYCUlcDTghaXAYbDFZQBk8JVlZUH1AKVgBWAgNWVAIABw\" target=\"_blank\" rel=\"noopener noreferrer\">Lan\u00e7ado no evento virtual \u201cElas na Ci\u00eancia\u201d<\/a>, que debateu a baixa participa\u00e7\u00e3o feminina na ci\u00eancia, o edital prev\u00ea recursos de R$ 57 mil para custeio dos projetos e pagamento de at\u00e9 30 bolsas mensais.<\/p>\n<p>O n\u00famero de bolsas de inicia\u00e7\u00e3o cient\u00edfica tamb\u00e9m foi ampliado, totalizando agora 224 bolsas de pesquisa, para o ciclo 2020-2021.<\/p>\n<p>\u201cNossa preocupa\u00e7\u00e3o foi, inicialmente, manter o n\u00famero de bolsas e, se poss\u00edvel, ampli\u00e1-las. Nas de inicia\u00e7\u00e3o cient\u00edfica houve um incremento de 14 bolsas. A elas se somam outras 30 do Meninas e Mulheres na Ci\u00eancia, que n\u00e3o existiam antes. Com o edital de grupos de pesquisa tamb\u00e9m teremos a incorpora\u00e7\u00e3o de recursos tanto para custeio dos projetos quanto para a oferta de mais bolsas de pesquisa\u201d, destaca Felipe.<\/p>\n<figure style=\"width: 768px\" class=\"wp-caption alignnone\"><img loading=\"lazy\" decoding=\"async\" title=\"Semana de Ci\u00eancia e Tecnologia\" src=\"https:\/\/www.ifms.edu.br\/imagens\/imagens-noticias\/1-ano-de-suspensao-pesquisa\/88824b01-5d35-4a1b-a7a7-68b07275b6b1.jpeg\" alt=\"Semana de Ci\u00eancia e Tecnologia\" width=\"768\" height=\"460\" \/><figcaption class=\"wp-caption-text\">Atividades da Semana e das feiras cient\u00edficas foram inteiramente online pela primeira vez (Foto: Arquivo)<\/figcaption><\/figure>\n<p><strong>P\u00f3s-Gradua\u00e7\u00e3o<\/strong>\u00a0&#8211; Al\u00e9m das aulas nos cursos de especializa\u00e7\u00e3o, que passaram a ocorrer remotamente, outras atividades como semin\u00e1rios e TCCs tamb\u00e9m passaram a ocorrer de maneira virtual. Pela primeira vez,\u00a0<a title=\"os estudantes das especializa\u00e7\u00f5es stricto e lato sensu receberam apoio institucional para desenvolver os trabalhos finais dos cursos\" href=\"http:\/\/www.ifms.edu.br:9000\/lists\/lt.php?tid=KxlQUVwAUQhbBUtXUVFVTlBSAANOWA0ABhtaAFdSBlRTBlAHUgEfBQdVAlpTVAROXVYKUk4NAAkOG1lRVFBPUFAAAQZTAFMCAlYAH1ICAwYCUlcDTghaXAYbDFZQBk8JVlZUH1AKVgBWAgNWVAIABw\" target=\"_blank\" rel=\"noopener noreferrer\">os estudantes das especializa\u00e7\u00f5es\u00a0<em>stricto<\/em>\u00a0e\u00a0<em>lato sensu<\/em>\u00a0receberam apoio institucional para desenvolver os trabalhos finais dos cursos<\/a>.<\/p>\n<p>\u201cAs defesas podem n\u00e3o representar a mesma experi\u00eancia da apresenta\u00e7\u00e3o presencial, por outro lado, as bancas nesse formato permitem a participa\u00e7\u00e3o de profissionais de outras institui\u00e7\u00f5es e cidades. O edital de apoio aos TCCs e disserta\u00e7\u00f5es tamb\u00e9m busca auxiliar os discentes na conclus\u00e3o dos cursos\u201d, comenta o pr\u00f3-reitor.<\/p>\n<figure style=\"width: 800px\" class=\"wp-caption alignnone\"><img loading=\"lazy\" decoding=\"async\" title=\"Evento &quot;Elas na Ci\u00eancia&quot;\" src=\"https:\/\/www.ifms.edu.br\/imagens\/imagens-noticias\/1-ano-de-suspensao-pesquisa\/foto-1.png\" alt=\"Evento &quot;Elas na Ci\u00eancia&quot;\" width=\"800\" height=\"480\" \/><figcaption class=\"wp-caption-text\">Edital &#8220;Meninas e Mulheres na Ci\u00eancia&#8221; foi lan\u00e7ado em evento virtual destina \u00e0 inser\u00e7\u00e3o feminina na pesquisa (Foto: Arquivo)<\/figcaption><\/figure>\n<p><strong>Retrospectiva<\/strong>\u00a0&#8211;\u00a0<a title=\"No dia 18 de mar\u00e7o completou-se um ano de suspens\u00e3o das atividades presenciais no Instituto Federal\" href=\"http:\/\/www.ifms.edu.br:9000\/lists\/lt.php?tid=KxlTA1ZcV1NbAEtSVlBTTlBdAwROWA8AVRtbUQFXUQVXVgEKB1sfBQdVAlpTVAROXVYKUk4NAAkOG1lRVFBPUFAAAQZTAFMCAlYAH1ICAwYCUlcDTghaXAYbDFZQBk8JVlZUH1AKVgBWAgNWVAIABw\" target=\"_blank\" rel=\"noopener noreferrer\">No dia 18 de mar\u00e7o completou-se um ano de suspens\u00e3o das atividades presenciais no Instituto Federal<\/a>.<\/p>\n<p>Em virtude da data, o IFMS realiza uma retrospectiva de como a Covid-19 impactou nas a\u00e7\u00f5es de ensino, pesquisa e extens\u00e3o em \u00e2mbito institucional.\u00a0A\u00a0<a title=\"primeira mat\u00e9ria publicada foi sobre o ensino\" href=\"http:\/\/www.ifms.edu.br:9000\/lists\/lt.php?tid=KxlQClJdBlFbUUsCDlEDTlBUVlVOAQ8LUBsNVQYKW1JaXA0LVQgfBQdVAlpTVAROXVYKUk4NAAkOG1lRVFBPUFAAAQZTAFMCAlYAH1ICAwYCUlcDTghaXAYbDFZQBk8JVlZUH1AKVgBWAgNWVAIABw\" target=\"_blank\" rel=\"noopener noreferrer\">primeira mat\u00e9ria foi sobre o ensino<\/a>. A que fecha a s\u00e9rie tratar\u00e1 das a\u00e7\u00f5es de extens\u00e3o.<\/p>\n","protected":false},"excerpt":{"rendered":"<p>A suspens\u00e3o das atividades presenciais no Instituto Federal de Mato Grosso do Sul (IFMS) h\u00e1&#8230;<\/p>\n","protected":false},"author":9,"featured_media":0,"comment_status":"closed","ping_status":"closed","sticky":false,"template":"","format":"standard","meta":{"footnotes":""},"categories":[10],"tags":[],"class_list":["post-11713516","post","type-post","status-publish","format-standard","hentry","category-educacao"],"_links":{"self":[{"href":"https:\/\/www.corumbaonline.com.br\/news\/wp-json\/wp\/v2\/posts\/11713516","targetHints":{"allow":["GET"]}}],"collection":[{"href":"https:\/\/www.corumbaonline.com.br\/news\/wp-json\/wp\/v2\/posts"}],"about":[{"href":"https:\/\/www.corumbaonline.com.br\/news\/wp-json\/wp\/v2\/types\/post"}],"author":[{"embeddable":true,"href":"https:\/\/www.corumbaonline.com.br\/news\/wp-json\/wp\/v2\/users\/9"}],"replies":[{"embeddable":true,"href":"https:\/\/www.corumbaonline.com.br\/news\/wp-json\/wp\/v2\/comments?post=11713516"}],"version-history":[{"count":1,"href":"https:\/\/www.corumbaonline.com.br\/news\/wp-json\/wp\/v2\/posts\/11713516\/revisions"}],"predecessor-version":[{"id":11713517,"href":"https:\/\/www.corumbaonline.com.br\/news\/wp-json\/wp\/v2\/posts\/11713516\/revisions\/11713517"}],"wp:attachment":[{"href":"https:\/\/www.corumbaonline.com.br\/news\/wp-json\/wp\/v2\/media?parent=11713516"}],"wp:term":[{"taxonomy":"category","embeddable":true,"href":"https:\/\/www.corumbaonline.com.br\/news\/wp-json\/wp\/v2\/categories?post=11713516"},{"taxonomy":"post_tag","embeddable":true,"href":"https:\/\/www.corumbaonline.com.br\/news\/wp-json\/wp\/v2\/tags?post=11713516"}],"curies":[{"name":"wp","href":"https:\/\/api.w.org\/{rel}","templated":true}]}}