{"id":11713523,"date":"2021-03-26T09:12:00","date_gmt":"2021-03-26T13:12:00","guid":{"rendered":"http:\/\/www.corumbaonline.com.br\/news\/?p=11713523"},"modified":"2021-03-26T08:55:35","modified_gmt":"2021-03-26T12:55:35","slug":"butantan-pede-autorizacao-a-anvisa-para-testar-butanvac","status":"publish","type":"post","link":"https:\/\/www.corumbaonline.com.br\/news\/butantan-pede-autorizacao-a-anvisa-para-testar-butanvac\/","title":{"rendered":"Butantan pede autoriza\u00e7\u00e3o \u00e0 Anvisa para testar Butanvac"},"content":{"rendered":"<p>O presidente do\u00a0Instituto Butantan,\u00a0Dimas Covas, confirmou que o \u00f3rg\u00e3o pedir\u00e1 nesta sexta-feira autoriza\u00e7\u00e3o para iniciar os testes em humanos de uma potencial vacina contra a\u00a0covid-19\u00a0desenvolvida integralmente pelo instituto ligado ao governo do Estado de\u00a0S\u00e3o Paulo.<\/p>\n<p>Covas\u00a0disse em entrevista coletiva na sede do\u00a0Butantan\u00a0que a expectativa \u00e9 que os testes com humanos com a vacina, batizada de\u00a0Butanvac, comecem em abril. Tamb\u00e9m presente na coletiva, o governador de\u00a0S\u00e3o Paulo,\u00a0Jo\u00e3o Doria\u00a0(PSDB), disse que os estudos em animais do potencial imunizante foram muito promissores.<\/p>\n<p>O presidente do\u00a0Butantan\u00a0tamb\u00e9m disse que a iniciativa da vacina pr\u00f3pria \u00e9 de um cons\u00f3rcio internacional liderado pelo instituto paulista e que a ideia \u00e9 fornec\u00ea-la a pa\u00edses de renda baixa e m\u00e9dia. Al\u00e9m do\u00a0Butantan, no\u00a0Brasil, institui\u00e7\u00f5es no\u00a0Vietn\u00e3\u00a0e na\u00a0Tail\u00e2ndia\u00a0comp\u00f5em o cons\u00f3rcio.<\/p>\n<p>Covas\u00a0disse ainda que o\u00a0Butantan\u00a0espera come\u00e7ar a produzir 40 milh\u00f5es de doses da\u00a0Butanvac\u00a0a partir de maio.\u00a0Doria\u00a0disse que a expectativa \u00e9 de uma r\u00e1pida aprova\u00e7\u00e3o dos testes pela\u00a0Anvisa\u00a0e que a vacina\u00e7\u00e3o com a vacina pr\u00f3pria do\u00a0Butantan\u00a0comece em julho.<\/p>\n","protected":false},"excerpt":{"rendered":"<p>O presidente do\u00a0Instituto Butantan,\u00a0Dimas Covas, confirmou que o \u00f3rg\u00e3o pedir\u00e1 nesta sexta-feira autoriza\u00e7\u00e3o para iniciar&#8230;<\/p>\n","protected":false},"author":11,"featured_media":0,"comment_status":"closed","ping_status":"closed","sticky":false,"template":"","format":"standard","meta":{"footnotes":""},"categories":[116,21],"tags":[],"class_list":["post-11713523","post","type-post","status-publish","format-standard","hentry","category-coronavirus","category-saude"],"_links":{"self":[{"href":"https:\/\/www.corumbaonline.com.br\/news\/wp-json\/wp\/v2\/posts\/11713523","targetHints":{"allow":["GET"]}}],"collection":[{"href":"https:\/\/www.corumbaonline.com.br\/news\/wp-json\/wp\/v2\/posts"}],"about":[{"href":"https:\/\/www.corumbaonline.com.br\/news\/wp-json\/wp\/v2\/types\/post"}],"author":[{"embeddable":true,"href":"https:\/\/www.corumbaonline.com.br\/news\/wp-json\/wp\/v2\/users\/11"}],"replies":[{"embeddable":true,"href":"https:\/\/www.corumbaonline.com.br\/news\/wp-json\/wp\/v2\/comments?post=11713523"}],"version-history":[{"count":1,"href":"https:\/\/www.corumbaonline.com.br\/news\/wp-json\/wp\/v2\/posts\/11713523\/revisions"}],"predecessor-version":[{"id":11713524,"href":"https:\/\/www.corumbaonline.com.br\/news\/wp-json\/wp\/v2\/posts\/11713523\/revisions\/11713524"}],"wp:attachment":[{"href":"https:\/\/www.corumbaonline.com.br\/news\/wp-json\/wp\/v2\/media?parent=11713523"}],"wp:term":[{"taxonomy":"category","embeddable":true,"href":"https:\/\/www.corumbaonline.com.br\/news\/wp-json\/wp\/v2\/categories?post=11713523"},{"taxonomy":"post_tag","embeddable":true,"href":"https:\/\/www.corumbaonline.com.br\/news\/wp-json\/wp\/v2\/tags?post=11713523"}],"curies":[{"name":"wp","href":"https:\/\/api.w.org\/{rel}","templated":true}]}}