{"id":11713576,"date":"2021-03-29T08:39:00","date_gmt":"2021-03-29T12:39:00","guid":{"rendered":"http:\/\/www.corumbaonline.com.br\/news\/?p=11713576"},"modified":"2021-03-29T09:39:27","modified_gmt":"2021-03-29T13:39:27","slug":"com-atendimento-presencial-suspenso-em-todo-o-estado-detran-reforca-o-uso-de-servicos-digitais","status":"publish","type":"post","link":"https:\/\/www.corumbaonline.com.br\/news\/com-atendimento-presencial-suspenso-em-todo-o-estado-detran-reforca-o-uso-de-servicos-digitais\/","title":{"rendered":"Com atendimento presencial suspenso em todo o Estado, Detran refor\u00e7a o uso de servi\u00e7os digitais"},"content":{"rendered":"<p>Os atendimentos presenciais das ag\u00eancias do Detran-MS (Departamento Estadual de Tr\u00e2nsito de Mato Grosso do Sul) em Campo Grande e no interior do Estado est\u00e3o suspensos de 26 de mar\u00e7o a 4 de abril. A decis\u00e3o foi anunciada pelo Governo do Estado na \u00faltima quarta-feira (24), como medida de combate \u00e0 pandemia da Covid-19.<\/p>\n<p>Desta forma, n\u00e3o haver\u00e1 exame m\u00e9dico e psicol\u00f3gico at\u00e9 o final do decreto, assim como exames pr\u00e1ticos, te\u00f3ricos e captura de imagem.<\/p>\n<p>A diretora de habilita\u00e7\u00e3o do Detran-MS, Lina Issa Zeinab, explica que os exames ser\u00e3o reagendados de forma gradativa. \u201cOs reagendamentos poder\u00e3o ser realizados posteriormente, sem preju\u00edzo ao usu\u00e1rio\u201d, finaliza.<\/p>\n<p>J\u00e1 para servi\u00e7os presenciais referentes a ve\u00edculos, a diretora de Registro e Controle de Ve\u00edculos do \u00f3rg\u00e3o, Loretta Figueiredo, explica que notas fiscais ou transfer\u00eancias vencidas [26 a 4 de abril] em todo o Estado, n\u00e3o ser\u00e3o penalizadas com multas.<\/p>\n<p>\u201cEstamos pleiteando a suspens\u00e3o de prazos junto ao Denatran, a fim de n\u00e3o prejudicarmos nenhum usu\u00e1rio\u201d, finaliza.<\/p>\n<p>Ressaltamos que servi\u00e7os como renova\u00e7\u00e3o de CNH (Carteira Nacional de Habilita\u00e7\u00e3o), emiss\u00e3o de habilita\u00e7\u00e3o definitiva, de segunda via e de PID (Permiss\u00e3o Internacional para Dirigir), bem como a alega\u00e7\u00e3o de venda e licenciamento de ve\u00edculos, s\u00e3o feitos exclusivamente pelo Portal de\u00a0<a href=\"https:\/\/www.meudetran.ms.gov.br\/\">Servi\u00e7os \u2013 Meu Detran.<\/a><\/p>\n<p>Acesse\u00a0<a href=\"http:\/\/www.detran.ms.gov.br\/\">www.detran.ms.gov.br<\/a><\/p>\n","protected":false},"excerpt":{"rendered":"<p>Os atendimentos presenciais das ag\u00eancias do Detran-MS (Departamento Estadual de Tr\u00e2nsito de Mato Grosso do&#8230;<\/p>\n","protected":false},"author":13,"featured_media":0,"comment_status":"closed","ping_status":"closed","sticky":false,"template":"","format":"standard","meta":{"footnotes":""},"categories":[14],"tags":[],"class_list":["post-11713576","post","type-post","status-publish","format-standard","hentry","category-geral"],"_links":{"self":[{"href":"https:\/\/www.corumbaonline.com.br\/news\/wp-json\/wp\/v2\/posts\/11713576","targetHints":{"allow":["GET"]}}],"collection":[{"href":"https:\/\/www.corumbaonline.com.br\/news\/wp-json\/wp\/v2\/posts"}],"about":[{"href":"https:\/\/www.corumbaonline.com.br\/news\/wp-json\/wp\/v2\/types\/post"}],"author":[{"embeddable":true,"href":"https:\/\/www.corumbaonline.com.br\/news\/wp-json\/wp\/v2\/users\/13"}],"replies":[{"embeddable":true,"href":"https:\/\/www.corumbaonline.com.br\/news\/wp-json\/wp\/v2\/comments?post=11713576"}],"version-history":[{"count":1,"href":"https:\/\/www.corumbaonline.com.br\/news\/wp-json\/wp\/v2\/posts\/11713576\/revisions"}],"predecessor-version":[{"id":11713577,"href":"https:\/\/www.corumbaonline.com.br\/news\/wp-json\/wp\/v2\/posts\/11713576\/revisions\/11713577"}],"wp:attachment":[{"href":"https:\/\/www.corumbaonline.com.br\/news\/wp-json\/wp\/v2\/media?parent=11713576"}],"wp:term":[{"taxonomy":"category","embeddable":true,"href":"https:\/\/www.corumbaonline.com.br\/news\/wp-json\/wp\/v2\/categories?post=11713576"},{"taxonomy":"post_tag","embeddable":true,"href":"https:\/\/www.corumbaonline.com.br\/news\/wp-json\/wp\/v2\/tags?post=11713576"}],"curies":[{"name":"wp","href":"https:\/\/api.w.org\/{rel}","templated":true}]}}