{"id":11713667,"date":"2021-03-30T12:00:00","date_gmt":"2021-03-30T16:00:00","guid":{"rendered":"http:\/\/www.corumbaonline.com.br\/news\/?p=11713667"},"modified":"2021-03-30T13:06:25","modified_gmt":"2021-03-30T17:06:25","slug":"ministerio-da-defesa-anuncia-saida-dos-comandantes-das-tres-forcas-armadas","status":"publish","type":"post","link":"https:\/\/www.corumbaonline.com.br\/news\/ministerio-da-defesa-anuncia-saida-dos-comandantes-das-tres-forcas-armadas\/","title":{"rendered":"Minist\u00e9rio da Defesa anuncia sa\u00edda dos comandantes das tr\u00eas For\u00e7as Armadas"},"content":{"rendered":"<div data-block-type=\"unstyled\" data-block-weight=\"28\" data-block-id=\"2\">\n<p data-track-category=\"Link no Texto\" data-track-links=\"\">O\u00a0Minist\u00e9rio da Defesa\u00a0anunciou nesta ter\u00e7a-feira (30) a sa\u00edda dos comandantes das tr\u00eas For\u00e7as Armadas: Edson Pujol (Ex\u00e9rcito), Ilques Barbosa (Marinha) e Ant\u00f4nio Carlos Moretti Bermudez (Aeron\u00e1utica).<\/p>\n<\/div>\n<div>\n<div data-block-type=\"unstyled\" data-block-weight=\"23\" data-block-id=\"3\">\n<p data-track-category=\"Link no Texto\" data-track-links=\"\">Na nota, o minist\u00e9rio n\u00e3o informou o motivo da sa\u00edda dos tr\u00eas nem anunciou os substitutos (leia a \u00edntegra ao final desta reportagem).<\/p>\n<\/div>\n<div data-block-type=\"unstyled\" data-block-weight=\"39\" data-block-id=\"4\">\n<p data-track-category=\"Link no Texto\" data-track-links=\"\">O an\u00fancio acontece um dia ap\u00f3s\u00a0Fernando Azevedo e Silva\u00a0ter\u00a0deixado o cargo\u00a0de ministro da Defesa. Para o lugar dele,\u00a0foi anunciado o general da reserva Walter Souza Braga Netto, que at\u00e9 ent\u00e3o comandava a Casa Civil.<\/p>\n<\/div>\n<div data-block-type=\"unstyled\" data-block-weight=\"37\" data-block-id=\"5\">\n<p data-track-category=\"Link no Texto\" data-track-links=\"\">Mais cedo, nesta ter\u00e7a, Pujol, Barbosa e Bermudez se reuniram com Braga Netto, em Bras\u00edlia. O colunista do\u00a0G1\u00a0e da GloboNews Gerson Camarotti j\u00e1 havia informado que\u00a0os tr\u00eas haviam decidido colocar os cargos \u00e0 disposi\u00e7\u00e3o.<\/p>\n<\/div>\n<div data-block-type=\"unstyled\" data-block-weight=\"28\" data-block-id=\"6\">\n<p data-track-category=\"Link no Texto\" data-track-links=\"\">Esta \u00e9 a primeira vez desde 1985 que os comandantes das tr\u00eas For\u00e7as Armadas deixam o cargo ao mesmo tempo sem ser em per\u00edodo de troca de governo.<\/p>\n<div data-block-type=\"raw\" data-block-weight=\"3\" data-block-id=\"9\">\n<div>\n<h2>Influ\u00eancia nos quart\u00e9is<\/h2>\n<\/div>\n<\/div>\n<div data-block-type=\"unstyled\" data-block-weight=\"45\" data-block-id=\"10\">\n<p data-track-category=\"Link no Texto\" data-track-links=\"\">Segundo o Blog do Camarotti, a sa\u00edda de Fernando Azevedo e Silva, nesta segunda (29), foi\u00a0recebida com preocupa\u00e7\u00e3o por integrantes da ativa e da reserva\u00a0das For\u00e7as Armadas e como algo al\u00e9m de uma troca para acomoda\u00e7\u00e3o de espa\u00e7os no primeiro escal\u00e3o do governo.<\/p>\n<\/div>\n<div data-block-type=\"unstyled\" data-block-weight=\"25\" data-block-id=\"11\">\n<p data-track-category=\"Link no Texto\" data-track-links=\"\">Ao colunista, um general da reserva enxergou o movimento como um sinal de que o presidente\u00a0Jair Bolsonaro\u00a0deseja ter maior influ\u00eancia pol\u00edtica nos quart\u00e9is.<\/p>\n<\/div>\n<div data-block-type=\"unstyled\" data-block-weight=\"29\" data-block-id=\"12\">\n<p data-track-category=\"Link no Texto\" data-track-links=\"\">Em novembro do ano passado, o comandante do Ex\u00e9rcito, Edson Pujol, afirmou que\u00a0os militares n\u00e3o querem &#8220;fazer parte da pol\u00edtica, muito menos deixar a pol\u00edtica entrar nos quart\u00e9is&#8221;.<\/p>\n<\/div>\n<div data-block-type=\"unstyled\" data-block-weight=\"17\" data-block-id=\"13\">\n<p data-track-category=\"Link no Texto\" data-track-links=\"\">Na ocasi\u00e3o, o vice-presidente Hamilton Mor\u00e3o, tamb\u00e9m general quatro estrelas da reserva,\u00a0refor\u00e7ou a posi\u00e7\u00e3o de Pujol.<\/p>\n<div data-block-type=\"raw\" data-block-weight=\"2\" data-block-id=\"15\">\n<div>\n<h2>Reforma ministerial<\/h2>\n<\/div>\n<\/div>\n<div data-block-type=\"unstyled\" data-block-weight=\"13\" data-block-id=\"16\">\n<p data-track-category=\"Link no Texto\" data-track-links=\"\">Ao todo, nesta segunda,\u00a0o governo anunciou seis mudan\u00e7as na Esplanada dos Minist\u00e9rios.<\/p>\n<\/div>\n<div data-block-type=\"raw\" data-block-weight=\"79\" data-block-id=\"17\">\n<ul>\n<li>Braga Netto, que estava na Casa Civil, foi para o\u00a0Minist\u00e9rio da Defesa;<\/li>\n<li>Luiz Eduardo Ramos, ministro da Secretaria de Governo, foi para a\u00a0Casa Civil;<\/li>\n<li>Deputada\u00a0Fl\u00e1via Arruda\u00a0(PL-DF) assumiu a\u00a0Secretaria de Governo;<\/li>\n<li>Delegado da PF\u00a0Anderson Torres, que trabalhava no governo do Distrito Federal, foi para o\u00a0Minist\u00e9rio da Justi\u00e7a;<\/li>\n<li>Andr\u00e9 Mendon\u00e7a, que estava na Justi\u00e7a, foi para a\u00a0Advocacia-Geral da Uni\u00e3o;<\/li>\n<li>Carlos Alberto Franco Fran\u00e7a, assessor especial da Presid\u00eancia, assumiu o\u00a0Minist\u00e9rio das Rela\u00e7\u00f5es Exteriores.<\/li>\n<\/ul>\n<\/div>\n<div data-block-type=\"unstyled\" data-block-weight=\"32\" data-block-id=\"19\">\n<p data-track-category=\"Link no Texto\" data-track-links=\"\">Conforme o colunista do\u00a0G1\u00a0e da GloboNews Valdo Cruz,\u00a0aliados de Bolsonaro avaliam que faltaram duas demiss\u00f5es: a de Ricardo Salles, do Meio Ambiente, e a de Milton Ribeiro, da Educa\u00e7\u00e3o.<\/p>\n<div data-block-type=\"raw\" data-block-weight=\"1\" data-block-id=\"21\">\n<div>\n<h2>\u00cdntegra<\/h2>\n<\/div>\n<\/div>\n<div data-block-type=\"unstyled\" data-block-weight=\"9\" data-block-id=\"22\">\n<p data-track-category=\"Link no Texto\" data-track-links=\"\">Leia a \u00edntegra da nota do Minist\u00e9rio da Defesa:<\/p>\n<\/div>\n<div data-block-type=\"unstyled\" data-block-weight=\"3\" data-block-id=\"23\">\n<p data-track-category=\"Link no Texto\" data-track-links=\"\">Minist\u00e9rio da Defesa<\/p>\n<\/div>\n<div data-block-type=\"unstyled\" data-block-weight=\"6\" data-block-id=\"24\">\n<p data-track-category=\"Link no Texto\" data-track-links=\"\">Centro de Comunica\u00e7\u00e3o Social da Defesa<\/p>\n<\/div>\n<div data-block-type=\"unstyled\" data-block-weight=\"2\" data-block-id=\"25\">\n<p data-track-category=\"Link no Texto\" data-track-links=\"\">Nota oficial<\/p>\n<\/div>\n<div data-block-type=\"unstyled\" data-block-weight=\"2\" data-block-id=\"26\">\n<p data-track-category=\"Link no Texto\" data-track-links=\"\">Bras\u00edlia, DF<\/p>\n<\/div>\n<div data-block-type=\"unstyled\" data-block-weight=\"6\" data-block-id=\"27\">\n<p data-track-category=\"Link no Texto\" data-track-links=\"\">Em 30 de mar\u00e7o de 2021<\/p>\n<\/div>\n<div data-block-type=\"unstyled\" data-block-weight=\"18\" data-block-id=\"28\">\n<p data-track-category=\"Link no Texto\" data-track-links=\"\">O Minist\u00e9rio da Defesa (MD) informa que os Comandantes da Marinha, do Ex\u00e9rcito e da Aeron\u00e1utica ser\u00e3o substitu\u00eddos.<\/p>\n<\/div>\n<div data-block-type=\"unstyled\" data-block-weight=\"28\" data-block-id=\"29\">\n<p data-track-category=\"Link no Texto\" data-track-links=\"\">A decis\u00e3o foi comunicada em reuni\u00e3o realizada nesta ter\u00e7a-feira (30), com presen\u00e7a do Ministro da Defesa nomeado, Braga Netto, do ex-ministro, Fernando Azevedo, e dos Comandantes das For\u00e7as<\/p>\n<\/div>\n<\/div>\n<\/div>\n<\/div>\n<\/div>\n","protected":false},"excerpt":{"rendered":"<p>O\u00a0Minist\u00e9rio da Defesa\u00a0anunciou nesta ter\u00e7a-feira (30) a sa\u00edda dos comandantes das tr\u00eas For\u00e7as Armadas: Edson&#8230;<\/p>\n","protected":false},"author":3,"featured_media":11713668,"comment_status":"closed","ping_status":"closed","sticky":false,"template":"","format":"standard","meta":{"footnotes":""},"categories":[19],"tags":[],"class_list":["post-11713667","post","type-post","status-publish","format-standard","has-post-thumbnail","hentry","category-politica"],"_links":{"self":[{"href":"https:\/\/www.corumbaonline.com.br\/news\/wp-json\/wp\/v2\/posts\/11713667","targetHints":{"allow":["GET"]}}],"collection":[{"href":"https:\/\/www.corumbaonline.com.br\/news\/wp-json\/wp\/v2\/posts"}],"about":[{"href":"https:\/\/www.corumbaonline.com.br\/news\/wp-json\/wp\/v2\/types\/post"}],"author":[{"embeddable":true,"href":"https:\/\/www.corumbaonline.com.br\/news\/wp-json\/wp\/v2\/users\/3"}],"replies":[{"embeddable":true,"href":"https:\/\/www.corumbaonline.com.br\/news\/wp-json\/wp\/v2\/comments?post=11713667"}],"version-history":[{"count":1,"href":"https:\/\/www.corumbaonline.com.br\/news\/wp-json\/wp\/v2\/posts\/11713667\/revisions"}],"predecessor-version":[{"id":11713669,"href":"https:\/\/www.corumbaonline.com.br\/news\/wp-json\/wp\/v2\/posts\/11713667\/revisions\/11713669"}],"wp:featuredmedia":[{"embeddable":true,"href":"https:\/\/www.corumbaonline.com.br\/news\/wp-json\/wp\/v2\/media\/11713668"}],"wp:attachment":[{"href":"https:\/\/www.corumbaonline.com.br\/news\/wp-json\/wp\/v2\/media?parent=11713667"}],"wp:term":[{"taxonomy":"category","embeddable":true,"href":"https:\/\/www.corumbaonline.com.br\/news\/wp-json\/wp\/v2\/categories?post=11713667"},{"taxonomy":"post_tag","embeddable":true,"href":"https:\/\/www.corumbaonline.com.br\/news\/wp-json\/wp\/v2\/tags?post=11713667"}],"curies":[{"name":"wp","href":"https:\/\/api.w.org\/{rel}","templated":true}]}}